{"id":1441,"date":"2021-05-14T13:28:44","date_gmt":"2021-05-14T12:28:44","guid":{"rendered":"http:\/\/nakanarach.pl\/?p=1441"},"modified":"2021-05-14T13:59:21","modified_gmt":"2021-05-14T12:59:21","slug":"tlumy-na-plazach-i-problemy","status":"publish","type":"post","link":"https:\/\/nakanarach.pl\/index.php\/2021\/05\/14\/tlumy-na-plazach-i-problemy\/","title":{"rendered":"T\u0141UMY NA PLA\u017bACH I PROBLEMY (VIDEO)"},"content":{"rendered":"\n<p><strong>Na niekt\u00f3rych pla\u017cach po zako\u0144czeniu godziny policyjnej od 9 maja gromadz\u0105 si\u0119 t\u0142umy. Pojawiaj\u0105 si\u0119 tam osoby bez maseczek, kt\u00f3re nadal s\u0105 obowi\u0105zkowe, a tak\u017ce bez zachowania odpowiedniego dystansu. <\/strong><\/p>\n\n\n\n<p>Policja zapowiada wi\u0119cej kontroli, a prezydent Wysp Kanaryjskich apeluje, aby pomimo poluzowania obostrze\u0144 zachowywa\u0107 dystans i ograniczy\u0107 spotkania towarzyskie w wi\u0119kszym gronie, tak\u017ce w najbli\u017cszy weekend, podczas kt\u00f3rego synoptycy zapowiadaj\u0105 du\u017co s\u0142o\u0144ca i wysokie temperatury. <\/p>\n\n\n\n<p>Obecnie na Kanarach zanotowano niespe\u0142na ok. 150 zaka\u017ce\u0144 Covid-19 w ci\u0105gu doby. <\/p>\n\n\n\n<p><strong><em>Foto: nakanarach.pl<\/em><\/strong><\/p>\n\n\n\n<figure class=\"wp-block-embed is-type-rich is-provider-twitter wp-block-embed-twitter\"><div class=\"wp-block-embed__wrapper\">\n<blockquote class=\"twitter-tweet\" data-width=\"550\" data-dnt=\"true\"><p lang=\"es\" dir=\"ltr\">Primer botell\u00f3n anoche en Las Canteras<br>Est\u00e1 prohibido beber y fumar sobre la arena. Las medidas covid proh\u00edben est\u00e1s concentraciones.<br>Que est\u00e1n esperando <a href=\"https:\/\/twitter.com\/HidalgoAlcalde?ref_src=twsrc%5Etfw\">@HidalgoAlcalde<\/a> <a href=\"https:\/\/twitter.com\/ciudaddemar?ref_src=twsrc%5Etfw\">@ciudaddemar<\/a> <a href=\"https:\/\/twitter.com\/joseeduardorh?ref_src=twsrc%5Etfw\">@joseeduardorh<\/a> etc para cerrar la playa en horario nocturno <a href=\"https:\/\/t.co\/jQFWeKwYvv\">pic.twitter.com\/jQFWeKwYvv<\/a><\/p>&mdash; Mi playa de Las Canteras \ud83c\udfd6 (@LasCanteras) <a href=\"https:\/\/twitter.com\/LasCanteras\/status\/1393117353618071553?ref_src=twsrc%5Etfw\">May 14, 2021<\/a><\/blockquote><script async src=\"https:\/\/platform.twitter.com\/widgets.js\" charset=\"utf-8\"><\/script>\n<\/div><\/figure>\n\n\n\n<p><\/p>\n","protected":false},"excerpt":{"rendered":"<p>Na niekt\u00f3rych pla\u017cach po zako\u0144czeniu godziny policyjnej od 9 maja gromadz\u0105 si\u0119 t\u0142umy. Pojawiaj\u0105 si\u0119 tam osoby bez maseczek, kt\u00f3re nadal s\u0105 obowi\u0105zkowe, a tak\u017ce bez zachowania odpowiedniego dystansu. Policja zapowiada wi\u0119cej kontroli, a prezydent Wysp Kanaryjskich apeluje, aby pomimo poluzowania obostrze\u0144 zachowywa\u0107 dystans i ograniczy\u0107 spotkania towarzyskie w wi\u0119kszym gronie, tak\u017ce w najbli\u017cszy weekend, [&hellip;]<\/p>\n","protected":false},"author":2,"featured_media":1443,"comment_status":"closed","ping_status":"closed","sticky":false,"template":"","format":"standard","meta":{"om_disable_all_campaigns":false,"_monsterinsights_skip_tracking":false,"_monsterinsights_sitenote_active":false,"_monsterinsights_sitenote_note":"","_monsterinsights_sitenote_category":0,"footnotes":""},"categories":[12],"tags":[],"class_list":["post-1441","post","type-post","status-publish","format-standard","has-post-thumbnail","hentry","category-aktualnosci"],"aioseo_notices":[],"blog_post_layout_featured_media_urls":{"thumbnail":["https:\/\/nakanarach.pl\/wp-content\/uploads\/2021\/05\/20210509_132703-150x150.jpg",150,150,true],"full":["https:\/\/nakanarach.pl\/wp-content\/uploads\/2021\/05\/20210509_132703-scaled.jpg",2560,1152,false]},"categories_names":{"12":{"name":"Aktualno\u015bci","link":"https:\/\/nakanarach.pl\/index.php\/category\/aktualnosci\/"}},"tags_names":[],"comments_number":"0","wpmagazine_modules_lite_featured_media_urls":{"thumbnail":["https:\/\/nakanarach.pl\/wp-content\/uploads\/2021\/05\/20210509_132703-150x150.jpg",150,150,true],"cvmm-medium":["https:\/\/nakanarach.pl\/wp-content\/uploads\/2021\/05\/20210509_132703-300x300.jpg",300,300,true],"cvmm-medium-plus":["https:\/\/nakanarach.pl\/wp-content\/uploads\/2021\/05\/20210509_132703-305x207.jpg",305,207,true],"cvmm-portrait":["https:\/\/nakanarach.pl\/wp-content\/uploads\/2021\/05\/20210509_132703-400x600.jpg",400,600,true],"cvmm-medium-square":["https:\/\/nakanarach.pl\/wp-content\/uploads\/2021\/05\/20210509_132703-600x600.jpg",600,600,true],"cvmm-large":["https:\/\/nakanarach.pl\/wp-content\/uploads\/2021\/05\/20210509_132703-1024x1024.jpg",1024,1024,true],"cvmm-small":["https:\/\/nakanarach.pl\/wp-content\/uploads\/2021\/05\/20210509_132703-130x95.jpg",130,95,true],"full":["https:\/\/nakanarach.pl\/wp-content\/uploads\/2021\/05\/20210509_132703-scaled.jpg",2560,1152,false]},"_links":{"self":[{"href":"https:\/\/nakanarach.pl\/index.php\/wp-json\/wp\/v2\/posts\/1441","targetHints":{"allow":["GET"]}}],"collection":[{"href":"https:\/\/nakanarach.pl\/index.php\/wp-json\/wp\/v2\/posts"}],"about":[{"href":"https:\/\/nakanarach.pl\/index.php\/wp-json\/wp\/v2\/types\/post"}],"author":[{"embeddable":true,"href":"https:\/\/nakanarach.pl\/index.php\/wp-json\/wp\/v2\/users\/2"}],"replies":[{"embeddable":true,"href":"https:\/\/nakanarach.pl\/index.php\/wp-json\/wp\/v2\/comments?post=1441"}],"version-history":[{"count":5,"href":"https:\/\/nakanarach.pl\/index.php\/wp-json\/wp\/v2\/posts\/1441\/revisions"}],"predecessor-version":[{"id":1449,"href":"https:\/\/nakanarach.pl\/index.php\/wp-json\/wp\/v2\/posts\/1441\/revisions\/1449"}],"wp:featuredmedia":[{"embeddable":true,"href":"https:\/\/nakanarach.pl\/index.php\/wp-json\/wp\/v2\/media\/1443"}],"wp:attachment":[{"href":"https:\/\/nakanarach.pl\/index.php\/wp-json\/wp\/v2\/media?parent=1441"}],"wp:term":[{"taxonomy":"category","embeddable":true,"href":"https:\/\/nakanarach.pl\/index.php\/wp-json\/wp\/v2\/categories?post=1441"},{"taxonomy":"post_tag","embeddable":true,"href":"https:\/\/nakanarach.pl\/index.php\/wp-json\/wp\/v2\/tags?post=1441"}],"curies":[{"name":"wp","href":"https:\/\/api.w.org\/{rel}","templated":true}]}}