{"id":1452,"date":"2021-05-15T14:00:00","date_gmt":"2021-05-15T13:00:00","guid":{"rendered":"http:\/\/nakanarach.pl\/?p=1452"},"modified":"2021-05-20T10:33:42","modified_gmt":"2021-05-20T09:33:42","slug":"protestuja-w-arguineguin","status":"publish","type":"post","link":"https:\/\/nakanarach.pl\/index.php\/2021\/05\/15\/protestuja-w-arguineguin\/","title":{"rendered":"PROTESTUJ\u0104 W ARGUINEGUIN"},"content":{"rendered":"\n<p><strong>U\u017cytkownicy \u0142odzi w porcie Arguinegu\u00edn na Gran Canarii wezwani przez Stowarzyszenie W\u0142a\u015bcicieli \u0141odzi Rekreacyjnych (A Proa) zgromadzili si\u0119 w po\u0142owie maja, aby zaprotestowa\u0107 przeciwko zmianom, jakie zamierza wprowadzi\u0107 w portach kanaryjskich.<\/strong><\/p>\n\n\n\n<p>Organizacja A Proa, skar\u017cy si\u0119, \u017ce gdy organ zale\u017cny od rz\u0105du Wysp Kanaryjskich ponownie przej\u0105\u0142 bezpo\u015bredni\u0105 kontrol\u0119 nad portem Arguinegu\u00edn, po wyj\u015bciu z Lopesan, to natychmiast zmieni\u0142 warunki, w kt\u00f3rych \u0142odzie s\u0105 wynajmowane u\u017cytkownikom.&nbsp;Obecnie ich posiadacze musz\u0105 podpisa\u0107 now\u0105 umow\u0119, kt\u00f3ra obowi\u0105zuje zaledwie przez cztery lata, po kt\u00f3rych trafi\u0105 na list\u0119 oczekuj\u0105cych.&nbsp;Niekt\u00f3rzy korzystaj\u0105 z miejsca parkingowego dla \u0142odzi nawet po 15, czy 20 lat. Wed\u0142ug plan\u00f3w po zako\u0144czeniu trwania nowej umowy b\u0119d\u0105 musieli zabra\u0107 swoje \u0142odzie. Nie maj\u0105 tylko dok\u0105d. <\/p>\n\n\n\n<p>Puertos Canarios zaproponowa\u0142 protestuj\u0105cym w\u0142a\u015bcicielom \u0142odzi mo\u017cliwo\u015b\u0107 przej\u0119cia koncesji na miejsca postojowe na okre\u015blon\u0105 liczb\u0119 lat np.15 lub 20 lat, ale trzeba wyda\u0107 jednorazowo po 20 tys. euro.&nbsp;Wcze\u015bniej p\u0142acili 900 euro co 6 miesi\u0119cy, a teraz w przypadku Canarian Ports p\u0142ac\u0105 nieco mniej, ale woleliby nadal p\u0142aci\u0107, tyle co poprzednio i utrzymywa\u0107 swoje miejsca do cumowania.&nbsp;Jego zdaniem rz\u0105d osi\u0105gnie nowy Pasito Blanco w Arguinegu\u00edn, okre\u015blany jako \u201eport dla bogatych\u201d.<\/p>\n\n\n\n<figure class=\"wp-block-image size-large\"><img fetchpriority=\"high\" decoding=\"async\" width=\"1024\" height=\"768\" src=\"http:\/\/nakanarach.pl\/wp-content\/uploads\/2021\/05\/20210508_173458-1024x768.jpg\" alt=\"\" class=\"wp-image-1454\" srcset=\"https:\/\/nakanarach.pl\/wp-content\/uploads\/2021\/05\/20210508_173458-1024x768.jpg 1024w, https:\/\/nakanarach.pl\/wp-content\/uploads\/2021\/05\/20210508_173458-300x225.jpg 300w, https:\/\/nakanarach.pl\/wp-content\/uploads\/2021\/05\/20210508_173458-768x576.jpg 768w, https:\/\/nakanarach.pl\/wp-content\/uploads\/2021\/05\/20210508_173458-1536x1152.jpg 1536w, https:\/\/nakanarach.pl\/wp-content\/uploads\/2021\/05\/20210508_173458-2048x1536.jpg 2048w, https:\/\/nakanarach.pl\/wp-content\/uploads\/2021\/05\/20210508_173458-136x102.jpg 136w\" sizes=\"(max-width: 1024px) 100vw, 1024px\" \/><figcaption><em><strong>Port Pasito Blanco &#8211; Gran Canaria <br>Foto: nakanarach.pl<\/strong><\/em><\/figcaption><\/figure>\n","protected":false},"excerpt":{"rendered":"<p>U\u017cytkownicy \u0142odzi w porcie Arguinegu\u00edn na Gran Canarii wezwani przez Stowarzyszenie W\u0142a\u015bcicieli \u0141odzi Rekreacyjnych (A Proa) zgromadzili si\u0119 w po\u0142owie maja, aby zaprotestowa\u0107 przeciwko zmianom, jakie zamierza wprowadzi\u0107 w portach kanaryjskich. Organizacja A Proa, skar\u017cy si\u0119, \u017ce gdy organ zale\u017cny od rz\u0105du Wysp Kanaryjskich ponownie przej\u0105\u0142 bezpo\u015bredni\u0105 kontrol\u0119 nad portem Arguinegu\u00edn, po wyj\u015bciu z Lopesan, [&hellip;]<\/p>\n","protected":false},"author":2,"featured_media":1453,"comment_status":"closed","ping_status":"closed","sticky":false,"template":"","format":"standard","meta":{"om_disable_all_campaigns":false,"_monsterinsights_skip_tracking":false,"_monsterinsights_sitenote_active":false,"_monsterinsights_sitenote_note":"","_monsterinsights_sitenote_category":0,"footnotes":""},"categories":[12],"tags":[],"class_list":["post-1452","post","type-post","status-publish","format-standard","has-post-thumbnail","hentry","category-aktualnosci"],"aioseo_notices":[],"blog_post_layout_featured_media_urls":{"thumbnail":["https:\/\/nakanarach.pl\/wp-content\/uploads\/2021\/05\/20210508_132956-150x150.jpg",150,150,true],"full":["https:\/\/nakanarach.pl\/wp-content\/uploads\/2021\/05\/20210508_132956-scaled.jpg",2560,1920,false]},"categories_names":{"12":{"name":"Aktualno\u015bci","link":"https:\/\/nakanarach.pl\/index.php\/category\/aktualnosci\/"}},"tags_names":[],"comments_number":"0","wpmagazine_modules_lite_featured_media_urls":{"thumbnail":["https:\/\/nakanarach.pl\/wp-content\/uploads\/2021\/05\/20210508_132956-150x150.jpg",150,150,true],"cvmm-medium":["https:\/\/nakanarach.pl\/wp-content\/uploads\/2021\/05\/20210508_132956-300x300.jpg",300,300,true],"cvmm-medium-plus":["https:\/\/nakanarach.pl\/wp-content\/uploads\/2021\/05\/20210508_132956-305x207.jpg",305,207,true],"cvmm-portrait":["https:\/\/nakanarach.pl\/wp-content\/uploads\/2021\/05\/20210508_132956-400x600.jpg",400,600,true],"cvmm-medium-square":["https:\/\/nakanarach.pl\/wp-content\/uploads\/2021\/05\/20210508_132956-600x600.jpg",600,600,true],"cvmm-large":["https:\/\/nakanarach.pl\/wp-content\/uploads\/2021\/05\/20210508_132956-1024x1024.jpg",1024,1024,true],"cvmm-small":["https:\/\/nakanarach.pl\/wp-content\/uploads\/2021\/05\/20210508_132956-130x95.jpg",130,95,true],"full":["https:\/\/nakanarach.pl\/wp-content\/uploads\/2021\/05\/20210508_132956-scaled.jpg",2560,1920,false]},"_links":{"self":[{"href":"https:\/\/nakanarach.pl\/index.php\/wp-json\/wp\/v2\/posts\/1452","targetHints":{"allow":["GET"]}}],"collection":[{"href":"https:\/\/nakanarach.pl\/index.php\/wp-json\/wp\/v2\/posts"}],"about":[{"href":"https:\/\/nakanarach.pl\/index.php\/wp-json\/wp\/v2\/types\/post"}],"author":[{"embeddable":true,"href":"https:\/\/nakanarach.pl\/index.php\/wp-json\/wp\/v2\/users\/2"}],"replies":[{"embeddable":true,"href":"https:\/\/nakanarach.pl\/index.php\/wp-json\/wp\/v2\/comments?post=1452"}],"version-history":[{"count":2,"href":"https:\/\/nakanarach.pl\/index.php\/wp-json\/wp\/v2\/posts\/1452\/revisions"}],"predecessor-version":[{"id":1519,"href":"https:\/\/nakanarach.pl\/index.php\/wp-json\/wp\/v2\/posts\/1452\/revisions\/1519"}],"wp:featuredmedia":[{"embeddable":true,"href":"https:\/\/nakanarach.pl\/index.php\/wp-json\/wp\/v2\/media\/1453"}],"wp:attachment":[{"href":"https:\/\/nakanarach.pl\/index.php\/wp-json\/wp\/v2\/media?parent=1452"}],"wp:term":[{"taxonomy":"category","embeddable":true,"href":"https:\/\/nakanarach.pl\/index.php\/wp-json\/wp\/v2\/categories?post=1452"},{"taxonomy":"post_tag","embeddable":true,"href":"https:\/\/nakanarach.pl\/index.php\/wp-json\/wp\/v2\/tags?post=1452"}],"curies":[{"name":"wp","href":"https:\/\/api.w.org\/{rel}","templated":true}]}}