{"id":15178,"date":"2026-09-03T07:48:00","date_gmt":"2026-09-03T06:48:00","guid":{"rendered":"https:\/\/nakanarach.pl\/?p=15178"},"modified":"2026-09-03T09:32:03","modified_gmt":"2026-09-03T08:32:03","slug":"pasazerowie-z-tylu-samolotu-wysiadali-pierwsi-video","status":"publish","type":"post","link":"https:\/\/nakanarach.pl\/index.php\/2026\/09\/03\/pasazerowie-z-tylu-samolotu-wysiadali-pierwsi-video\/","title":{"rendered":"PASA\u017bEROWIE Z TY\u0141U SAMOLOTU WYSIADALI PIERWSI (VIDEO)"},"content":{"rendered":"\n<p class=\"wp-block-paragraph\"><strong>WYSPY KANARYJSKIE: Jest co\u015b, co wielu turyst\u00f3w wci\u0105\u017c mo\u017ce zaskoczy\u0107, chocia\u017c problem nie jest nowy. Najpierw z samolotu przez przednie wyj\u015bcie musz\u0105 wysiada\u0107 pasa\u017cerowie siedz\u0105cy z ty\u0142u. Coraz cz\u0119\u015bciej spotykaj\u0105 si\u0119 z tym tak\u017ce Polacy, kt\u00f3rzy podr\u00f3\u017cowali m.in. na Wyspy Kanaryjskie<\/strong>.<\/p>\n\n\n\n<p class=\"wp-block-paragraph\">Podczas tegorocznych wakacji letnich pasa\u017cerowie m.in. lotu polsk\u0105 lini\u0105 Enter z Poznania na Gran Canari\u0119 &#8211; ku zaskoczeniu wielu os\u00f3b &#8211; zostali poproszeni, aby przez przednie wyj\u015bcie tzw. r\u0119kawem w pierwszej kolejno\u015bci samolot opuszcza\u0142y osoby siedz\u0105ce z ty\u0142u. Za\u0142oga wyt\u0142umaczy\u0142a to wzgl\u0119dami bezpiecze\u0144stwa i mo\u017cliwo\u015bci\u0105 przechylenia maszyny podczas postoju. Ale jak informuj\u0105 internauci w social-mediach NaKanarach.pl podobne sytuacje zdarza\u0142y si\u0119 tak\u017ce niedawno na innych lotach z Polski m.in. na Fuerteventur\u0119, Teneryf\u0119 oraz do Agadiru i Hurghady. <strong>ZOBACZ VIDEO:<\/strong><\/p>\n\n\n\n<figure class=\"wp-block-embed is-type-video is-provider-tiktok wp-block-embed-tiktok\"><div class=\"wp-block-embed__wrapper\">\n<blockquote class=\"tiktok-embed\" cite=\"https:\/\/www.tiktok.com\/@nakanarach.pl\/video\/7667575424511118625\" data-video-id=\"7667575424511118625\" data-embed-from=\"oembed\" style=\"max-width:605px; min-width:325px;\"> <section> <a target=\"_blank\" title=\"@nakanarach.pl\" href=\"https:\/\/www.tiktok.com\/@nakanarach.pl?refer=embed\">@nakanarach.pl<\/a> <p>CZY TO NIETYPOWA PRO\u015aBA W SAMOLOCIE?<\/p> <a target=\"_blank\" title=\"\u266c oryginalny d\u017awi\u0119k - NaKanarach.pl\" href=\"https:\/\/www.tiktok.com\/music\/oryginalny-d\u017awi\u0119k-7667575476344376096?refer=embed\">\u266c oryginalny d\u017awi\u0119k &#8211; NaKanarach.pl<\/a> <\/section> <\/blockquote> <script async src=\"https:\/\/www.tiktok.com\/embed.js\"><\/script>\n<\/div><\/figure>\n\n\n\n<p class=\"wp-block-paragraph\">W niekt\u00f3rych d\u0142ugich lub specyficznie wywa\u017conych kad\u0142ubach (np. mocno wyd\u0142u\u017cone wersje samolot\u00f3w pasa\u017cerskich) nag\u0142e nagromadzenie masy z ty\u0142u przy pustym przodzie i opr\u00f3\u017cnianym luku baga\u017cowym grozi uderzeniem ogonem w p\u0142yt\u0119 lotniska (kilka lat temu notowano takie incydenty m.in. z lini\u0105 JetBlue i Delta w USA). <strong>ZOBACZ VIDEO: <\/strong><\/p>\n\n\n\n<p class=\"wp-block-paragraph\"><a href=\"https:\/\/abc7news.com\/post\/jetblue-plane-tipped-tilts-jfk-airport\/13960385\">https:\/\/abc7news.com\/post\/jetblue-plane-tipped-tilts-jfk-airport\/13960385<\/a><\/p>\n\n\n\n<p class=\"wp-block-paragraph\">Nagrania z przechylonym do ty\u0142u samolotem linii JetBlue na nowojorskim lotnisku JFK w 2023 r. obieg\u0142y media spo\u0142eczno\u015bciowe. Dziennikarz Brian Thompson opublikowa\u0142 na platformie X film, na kt\u00f3rym wida\u0107 maszyn\u0119 zaparkowan\u0105 przy r\u0119kawie lotniczym, z otwartymi drzwiami za\u0142adunkowymi. &#8222;Wi\u0119c\u2026 zgaduj\u0119, \u017ce balans masy w odrzutowcu jest jednak wa\u017cny?&#8221; &#8211; przekaza\u0142 Thompson we wpisie. Jak doda\u0142, dowiedzia\u0142 si\u0119, \u017ce zdarzenie mia\u0142o miejsce, gdy z samolotu wychodzili jeszcze pasa\u017cerowie. <strong>ZOBACZ VIDEO: <\/strong><\/p>\n\n\n\n<figure class=\"wp-block-embed is-type-rich is-provider-x wp-block-embed-x\"><div class=\"wp-block-embed__wrapper\">\n<blockquote class=\"twitter-tweet\" data-width=\"550\" data-dnt=\"true\"><p lang=\"en\" dir=\"ltr\">So\u2026guessing weight balance on a jetliner is important after all? <a href=\"https:\/\/x.com\/hashtag\/JetBlue?src=hash&amp;ref_src=twsrc%5Etfw\">#JetBlue<\/a> <a href=\"https:\/\/x.com\/hashtag\/JFK?src=hash&amp;ref_src=twsrc%5Etfw\">#JFK<\/a> Being told it happened while passengers were still deplaning, no word yet on possible injuries. <a href=\"https:\/\/t.co\/66OoPJZF3k\">pic.twitter.com\/66OoPJZF3k<\/a><\/p>&mdash; Brian Thompson (@BrianForNJ) <a href=\"https:\/\/x.com\/BrianForNJ\/status\/1716417975991894109?ref_src=twsrc%5Etfw\">October 23, 2023<\/a><\/blockquote><script async src=\"https:\/\/platform.x.com\/widgets.js\" charset=\"utf-8\"><\/script>\n<\/div><\/figure>\n\n\n\n<ul class=\"wp-block-list\">\n<li>Po dotarciu do bramki, z powodu przesuni\u0119cia ci\u0119\u017caru i \u015brodka ci\u0119\u017cko\u015bci podczas wysiadania, ogon samolotu przechyli\u0142 si\u0119 do ty\u0142u, a dzi\u00f3b samolotu podni\u00f3s\u0142 i nast\u0119pnie opad\u0142 w d\u00f3\u0142 &#8211; przekaza\u0142 przedstawiciel prewo\u017anika w rozmowie z telewizj\u0105 CNN. Doda\u0142 on, \u017ce nikt nie odni\u00f3s\u0142 obra\u017ce\u0144, JetBlue &#8222;analizuje ten incydent&#8221;, a samolot zosta\u0142 poddany inspekcji przed nast\u0119pnym lotem.<\/li>\n<\/ul>\n\n\n\n<p class=\"wp-block-paragraph\">Obawa przed &#8222;przechyleniem&#8221; samolotu (tzw. <em>tail tip<\/em> &#8211; wsparciem ogonem o ziemi\u0119) r\u00f3wnie\u017c istnieje przy skrajnym rozk\u0142adzie mas i jednoczesnym roz\u0142adunku, ale rzadko jest g\u0142\u00f3wnym powodem kolejno\u015bci wysiadania. Ma to przede wszystkim zwi\u0105zek z geometri\u0105 g\u0142\u00f3wnego podwozia,  kt\u00f3re dzia\u0142a jak punkt oparcia (d\u017awignia), co przy pustym przodzie i obci\u0105\u017conym tyle mo\u017ce spowodowa\u0107 opadni\u0119cie ogona na ziemi\u0119.  <strong>ZOBACZ VIDEO:<\/strong><\/p>\n\n\n\n<figure class=\"wp-block-embed is-type-video is-provider-youtube wp-block-embed-youtube wp-embed-aspect-4-3 wp-has-aspect-ratio\"><div class=\"wp-block-embed__wrapper\">\n<iframe title=\"CCTV   Delta 737 Tipping\" width=\"640\" height=\"480\" src=\"https:\/\/www.youtube.com\/embed\/JLWxD0gY__A?feature=oembed\" frameborder=\"0\" allow=\"accelerometer; autoplay; clipboard-write; encrypted-media; gyroscope; picture-in-picture; web-share\" referrerpolicy=\"strict-origin-when-cross-origin\" allowfullscreen><\/iframe>\n<\/div><\/figure>\n\n\n\n<p class=\"wp-block-paragraph\">Niekt\u00f3re \u201ewyci\u0105gni\u0119te\u201d wersje samolot\u00f3w przechylaj\u0105 si\u0119 do ty\u0142u (w mediach pojawi\u0142y si\u0119 informacje, \u017ce dotyczy to g\u0142\u00f3wnie modeli: Boeinga 737-900 i Airbusa A321). <\/p>\n\n\n\n<p class=\"wp-block-paragraph\">Zwykle nie zdarza si\u0119 to w samolotach szerokokad\u0142ubowych, ale przechylenie si\u0119 mniejszego samolotu jest jak najbardziej mo\u017cliwe. Teraz niekt\u00f3re samoloty maj\u0105 metalow\u0105 podp\u00f3rk\u0119 (ang. <em>tail stand<\/em> lub potocznie <em>pogo stick<\/em>), kt\u00f3r\u0105 mo\u017cna umie\u015bci\u0107 pod tyln\u0105 cz\u0119\u015bci\u0105 samolotu, aby temu zapobiec. Stosuje si\u0119 j\u0105 podczas obs\u0142ugi naziemnej m.in. w d\u0142u\u017cszych wersjach Boeinga 737 (np. 737-900 \/ 737-900ER \/ 737-10), aby zapobiec przewr\u00f3ceniu si\u0119 maszyny na ogon na postoju. Ustawia si\u0119 j\u0105 pod tyln\u0105 cz\u0119\u015b\u0107 kad\u0142uba tu\u017c po zatrzymaniu samolotu przy r\u0119kawie lub p\u0142ycie postojowej zanim rozpoczn\u0105 si\u0119 g\u0142\u00f3wne prace pasa\u017cerskie i logistyczne. Obs\u0142uga naziemna musi przestrzega\u0107 \u015bcis\u0142ej kolejno\u015bci za\u0142adunku i roz\u0142adunku (najpierw ty\u0142, potem prz\u00f3d), aby unika\u0107 ryzyka przechylenia. <\/p>\n\n\n\n<p class=\"wp-block-paragraph\">Ale jak pod koniec sierpnia 2026 r. poinformowa\u0142 telewizyjny &#8222;Teleexpress&#8221; z powodu prze\u0142adowania samolotu z greckiej wyspy Skiatos do Neapolu pasa\u017cerowie lotu us\u0142yszeli nietypowy komunikat: &#8222;Samolot musz\u0105 opu\u015bci\u0107 albo pasa\u017cerowie, albo walizki &#8211; co wolicie?&#8221; <strong>ZOBACZ VIDEO: <\/strong><\/p>\n\n\n\n<figure class=\"wp-block-embed is-type-video is-provider-tiktok wp-block-embed-tiktok\"><div class=\"wp-block-embed__wrapper\">\n<blockquote class=\"tiktok-embed\" cite=\"https:\/\/www.tiktok.com\/@teleexpress.tvp\/video\/7679103954969496864\" data-video-id=\"7679103954969496864\" data-embed-from=\"oembed\" style=\"max-width:605px; min-width:325px;\"> <section> <a target=\"_blank\" title=\"@teleexpress.tvp\" href=\"https:\/\/www.tiktok.com\/@teleexpress.tvp?refer=embed\">@teleexpress.tvp<\/a> <p>&#8222;Samolot musz\u0105 opu\u015bci\u0107 albo pasa\u017cerowie, albo walizki &#8211; co wolicie?&#8221; &#8211; taki, do\u015b\u0107 nietypowy przyznaj\u0105 Pa\u0144stwo, komunikat us\u0142yszeli pasa\u017cerowie samolotu, kt\u00f3ry mia\u0142 lecie\u0107 z greckiej wyspy Skiathos do Neapolu. Maszyna wa\u017cy\u0142a za du\u017co, by wystartowa\u0107 z kr\u00f3tkiego pasa startowego. <a title=\"teleexpress\" target=\"_blank\" href=\"https:\/\/www.tiktok.com\/tag\/teleexpress?refer=embed\">#teleexpress<\/a> <a title=\"tvp\" target=\"_blank\" href=\"https:\/\/www.tiktok.com\/tag\/tvp?refer=embed\">#tvp<\/a> <a title=\"samoloty\" target=\"_blank\" href=\"https:\/\/www.tiktok.com\/tag\/samoloty?refer=embed\">#samoloty<\/a> <a title=\"linielotnicze\" target=\"_blank\" href=\"https:\/\/www.tiktok.com\/tag\/linielotnicze?refer=embed\">#linielotnicze<\/a> <a title=\"podr\u00f3\u017ce\" target=\"_blank\" href=\"https:\/\/www.tiktok.com\/tag\/podr%C3%B3%C5%BCe?refer=embed\">#podr\u00f3\u017ce<\/a><\/p> <a target=\"_blank\" title=\"\u266c oryginalny d\u017awi\u0119k \u2013 Teleexpress TVP - Teleexpress TVP\" href=\"https:\/\/www.tiktok.com\/music\/oryginalny-d\u017awi\u0119k-\u2013-Teleexpress-TVP-7679103997445212960?refer=embed\">\u266c oryginalny d\u017awi\u0119k \u2013 Teleexpress TVP &#8211; Teleexpress TVP<\/a> <\/section> <\/blockquote> <script async src=\"https:\/\/www.tiktok.com\/embed.js\"><\/script>\n<\/div><\/figure>\n\n\n\n<p class=\"wp-block-paragraph\">Okaza\u0142o si\u0119, \u017ce samolot nie m\u00f3g\u0142 wzbi\u0107 si\u0119 i kapitan zdecydowa\u0142 na wy\u0142adunek baga\u017cy, za co dosta\u0142 brawa. Cz\u0119\u015b\u0107 walizek dotar\u0142a innym lotem. Kr\u00f3tki pas i upalna pogoda wymusi\u0142y obni\u017cenie masy samolotu, aby ten zd\u0105\u017cy\u0142 si\u0119 unie\u015b\u0107 na kr\u00f3tkim pasie startowym, kt\u00f3ry na wyspie Skiatos ma zaledwie 1628 metr\u00f3w d\u0142ugo\u015bci. Operacje na tym lotnisku wymagaj\u0105 od pilot\u00f3w specjalnych kwalifikacji i du\u017cego do\u015bwiadczenia.<\/p>\n\n\n\n<p class=\"wp-block-paragraph\">Foto: NaKanarach.pl<\/p>\n","protected":false},"excerpt":{"rendered":"<p>WYSPY KANARYJSKIE: Jest co\u015b, co wielu turyst\u00f3w wci\u0105\u017c mo\u017ce zaskoczy\u0107, chocia\u017c problem nie jest nowy. Najpierw z samolotu przez przednie wyj\u015bcie musz\u0105 wysiada\u0107 pasa\u017cerowie siedz\u0105cy z ty\u0142u. Coraz cz\u0119\u015bciej spotykaj\u0105 si\u0119 z tym tak\u017ce Polacy, kt\u00f3rzy podr\u00f3\u017cowali m.in. na Wyspy Kanaryjskie. Podczas tegorocznych wakacji letnich pasa\u017cerowie m.in. lotu polsk\u0105 lini\u0105 Enter z Poznania na Gran [&hellip;]<\/p>\n","protected":false},"author":4,"featured_media":15185,"comment_status":"closed","ping_status":"open","sticky":false,"template":"","format":"standard","meta":{"om_disable_all_campaigns":false,"_monsterinsights_skip_tracking":false,"_monsterinsights_sitenote_active":false,"_monsterinsights_sitenote_note":"","_monsterinsights_sitenote_category":0,"footnotes":""},"categories":[12,77],"tags":[],"class_list":["post-15178","post","type-post","status-publish","format-standard","has-post-thumbnail","hentry","category-aktualnosci","category-samoloty"],"aioseo_notices":[],"blog_post_layout_featured_media_urls":{"thumbnail":["https:\/\/nakanarach.pl\/wp-content\/uploads\/2026\/08\/Samolot-wysiadanie-z-tylu-Enter-1-150x150.jpg",150,150,true],"full":["https:\/\/nakanarach.pl\/wp-content\/uploads\/2026\/08\/Samolot-wysiadanie-z-tylu-Enter-1-scaled.jpg",2560,1441,false]},"categories_names":{"12":{"name":"Aktualno\u015bci","link":"https:\/\/nakanarach.pl\/index.php\/category\/aktualnosci\/"},"77":{"name":"Samoloty","link":"https:\/\/nakanarach.pl\/index.php\/category\/samoloty\/"}},"tags_names":[],"comments_number":"0","wpmagazine_modules_lite_featured_media_urls":{"thumbnail":["https:\/\/nakanarach.pl\/wp-content\/uploads\/2026\/08\/Samolot-wysiadanie-z-tylu-Enter-1-150x150.jpg",150,150,true],"cvmm-medium":["https:\/\/nakanarach.pl\/wp-content\/uploads\/2026\/08\/Samolot-wysiadanie-z-tylu-Enter-1-300x300.jpg",300,300,true],"cvmm-medium-plus":["https:\/\/nakanarach.pl\/wp-content\/uploads\/2026\/08\/Samolot-wysiadanie-z-tylu-Enter-1-305x207.jpg",305,207,true],"cvmm-portrait":["https:\/\/nakanarach.pl\/wp-content\/uploads\/2026\/08\/Samolot-wysiadanie-z-tylu-Enter-1-400x600.jpg",400,600,true],"cvmm-medium-square":["https:\/\/nakanarach.pl\/wp-content\/uploads\/2026\/08\/Samolot-wysiadanie-z-tylu-Enter-1-600x600.jpg",600,600,true],"cvmm-large":["https:\/\/nakanarach.pl\/wp-content\/uploads\/2026\/08\/Samolot-wysiadanie-z-tylu-Enter-1-1024x1024.jpg",1024,1024,true],"cvmm-small":["https:\/\/nakanarach.pl\/wp-content\/uploads\/2026\/08\/Samolot-wysiadanie-z-tylu-Enter-1-130x95.jpg",130,95,true],"full":["https:\/\/nakanarach.pl\/wp-content\/uploads\/2026\/08\/Samolot-wysiadanie-z-tylu-Enter-1-scaled.jpg",2560,1441,false]},"_links":{"self":[{"href":"https:\/\/nakanarach.pl\/index.php\/wp-json\/wp\/v2\/posts\/15178","targetHints":{"allow":["GET"]}}],"collection":[{"href":"https:\/\/nakanarach.pl\/index.php\/wp-json\/wp\/v2\/posts"}],"about":[{"href":"https:\/\/nakanarach.pl\/index.php\/wp-json\/wp\/v2\/types\/post"}],"author":[{"embeddable":true,"href":"https:\/\/nakanarach.pl\/index.php\/wp-json\/wp\/v2\/users\/4"}],"replies":[{"embeddable":true,"href":"https:\/\/nakanarach.pl\/index.php\/wp-json\/wp\/v2\/comments?post=15178"}],"version-history":[{"count":11,"href":"https:\/\/nakanarach.pl\/index.php\/wp-json\/wp\/v2\/posts\/15178\/revisions"}],"predecessor-version":[{"id":15413,"href":"https:\/\/nakanarach.pl\/index.php\/wp-json\/wp\/v2\/posts\/15178\/revisions\/15413"}],"wp:featuredmedia":[{"embeddable":true,"href":"https:\/\/nakanarach.pl\/index.php\/wp-json\/wp\/v2\/media\/15185"}],"wp:attachment":[{"href":"https:\/\/nakanarach.pl\/index.php\/wp-json\/wp\/v2\/media?parent=15178"}],"wp:term":[{"taxonomy":"category","embeddable":true,"href":"https:\/\/nakanarach.pl\/index.php\/wp-json\/wp\/v2\/categories?post=15178"},{"taxonomy":"post_tag","embeddable":true,"href":"https:\/\/nakanarach.pl\/index.php\/wp-json\/wp\/v2\/tags?post=15178"}],"curies":[{"name":"wp","href":"https:\/\/api.w.org\/{rel}","templated":true}]}}