{"id":15289,"date":"2026-09-02T06:37:58","date_gmt":"2026-09-02T05:37:58","guid":{"rendered":"https:\/\/nakanarach.pl\/?p=15289"},"modified":"2026-09-02T08:04:54","modified_gmt":"2026-09-02T07:04:54","slug":"plaga-kradziezy-na-kanarach","status":"publish","type":"post","link":"https:\/\/nakanarach.pl\/index.php\/2026\/09\/02\/plaga-kradziezy-na-kanarach\/","title":{"rendered":"PLAGA KRADZIE\u017bY NA KANARACH"},"content":{"rendered":"\n<p class=\"wp-block-paragraph\"><strong>HISZPANIA\/WYSPY KANARYJSKIE: Na Teneryfie<\/strong> <strong>Gwardia Cywilna aresztowa\u0142a m\u0119\u017cczyzn\u0119, kt\u00f3ry w\u0142ama\u0142 si\u0119 do 27 pojazd\u00f3w w pobli\u017cu pla\u017cy La Tejita, jednej z najpopularniejszych nadmorskich miejscowo\u015bci na po\u0142udniu wyspy. Nast\u0119pnie zatrzymano te\u017c osob\u0119, kt\u00f3ra pr\u00f3bowa\u0142a w\u0142ama\u0107 si\u0119 do pojazdu w pobli\u017cu wulkanu Teide. Na Fuerteventurze zatrzymano kobiet\u0119, kt\u00f3ra okrada\u0142a hotelowe pokoje. Tymczasem wed\u0142ug najnowszego raportu cztery gminy na Wyspach Kanaryjskich znalaz\u0142y si\u0119 w pierwszej dziesi\u0105tce miejsc o najwy\u017cszym wska\u017aniku kradzie\u017cy w ca\u0142ej Hiszpanii, ale niechlubne pierwsze miejsce zaj\u0119\u0142a Barcelona.<\/strong><\/p>\n\n\n\n<p class=\"wp-block-paragraph\">Policjanci w sierpniu 2026 r. zatrzymali podejrzanego pod zarzutem pope\u0142nienia przest\u0119pstwa kradzie\u017cy polegaj\u0105cego na si\u0142owym w\u0142amaniu do pojazd\u00f3w, g\u0142\u00f3wnie wypo\u017cyczonych przez turyst\u00f3w. \u015aledczy powi\u0105zali go dotychczas z 27 oddzielnymi w\u0142amaniami do samochod\u00f3w, kt\u00f3re wed\u0142ug doniesie\u0144 przebiega\u0142y wed\u0142ug bardzo podobnego schematu. \u015aledztwo rozpocz\u0119to po tym, jak funkcjonariusze zauwa\u017cyli wzrost liczby kradzie\u017cy z aut w okolicach pla\u017cy La Tejita w turystycznej gminie Granadilla de Abona, kt\u00f3ra cieszy si\u0119 szczeg\u00f3lnym zainteresowaniem mieszka\u0144c\u00f3w i turyst\u00f3w. Gwardia Cywilna zauwa\u017cy\u0142a, \u017ce do przest\u0119pstw dochodzi\u0142o zazwyczaj w weekendowe popo\u0142udnia, gdy w okolicy panowa\u0142 najwi\u0119kszy ruch.<\/p>\n\n\n\n<p class=\"wp-block-paragraph\">Z\u0142odziej obra\u0142 sobie za cel zaparkowane pojazdy i wybija\u0142 w nich szyb\u0119 w oknie, aby dosta\u0107 si\u0119 do \u015brodka, po czym ukrad\u0142 pozostawione w \u015brodku przedmioty. Funkcjonariusze wszcz\u0119li dochodzenie, obejmuj\u0105ce operacje obserwacyjne i inne czynno\u015bci maj\u0105ce na celu ustalenie to\u017csamo\u015bci osoby odpowiedzialnej. Gwardia Cywilna zidentyfikowa\u0142a pojazd, kt\u00f3ry ostatecznie doprowadzi\u0142 ich do podejrzanego, kt\u00f3ry ju\u017c wcze\u015bniej mia\u0142 na swoim koncie podobne przest\u0119pstwa.<\/p>\n\n\n\n<p class=\"wp-block-paragraph\">Z kolei tak\u017ce w sierpniu Gwardia Cywilna zatrzyma\u0142a te\u017c 59-letniego m\u0119\u017cczyzn\u0119, kt\u00f3ry jest podejrzany o jeden napad z u\u017cyciem przemocy i pi\u0119\u0107 kradzie\u017cy z zaparkowanych samochod\u00f3w, w niekt\u00f3rych przypadkach o warto\u015bci przekraczaj\u0105cej 1000 euro (ok. 4300 z\u0142). Do tego aresztowania dosz\u0142o w wyniku wzmo\u017conego nadzoru policyjnego w Parku Narodowym Teide, po wzro\u015bcie liczby skarg urlopowicz\u00f3w na przest\u0119pstwa przeciwko pojazdom w popularnych w\u015br\u00f3d turyst\u00f3w rejonach.<\/p>\n\n\n\n<p class=\"wp-block-paragraph\">Te sprawy to kolejne przypomnienie dla mieszka\u0144c\u00f3w i wczasowicz\u00f3w, aby nie zostawiali warto\u015bciowych przedmiot\u00f3w na widoku w zaparkowanych samochodach, szczeg\u00f3lnie podczas wizyt na zat\u0142oczonych pla\u017cach i w atrakcjach turystycznych. Przedmioty takie jak torebki, portfele, telefony kom\u00f3rkowe, aparaty fotograficzne, plecaki i torby na zakupy mog\u0105 sprawi\u0107, \u017ce pojazdy stan\u0105 si\u0119 atrakcyjnym celem, nawet je\u015bli zostan\u0105 pozostawione bez nadzoru tylko na chwil\u0119.<\/p>\n\n\n\n<p class=\"wp-block-paragraph\">Z kolei pod koniec sierpnia kobieta zosta\u0142a aresztowana przez policj\u0119 po serii sze\u015bciu kradzie\u017cy dokonanych na turystach przebywaj\u0105cych w kompleksie hotelowym w Costa Calma, na po\u0142udniu Fuerteventury. Jej celem by\u0142y pokoje, podczas gdy go\u015bcie przebywali poza, jedz\u0105c w hotelowym bufecie. \u015aledztwo wszcz\u0119to po tym, jak kilku urlopowicz\u00f3w zg\u0142osi\u0142o, \u017ce z ich apartament\u00f3w znikn\u0119\u0142y pieni\u0105dze, urz\u0105dzenia elektroniczne i inne rzeczy osobiste.<\/p>\n\n\n\n<p class=\"wp-block-paragraph\">Wed\u0142ug analizy oficjalnych statystyk przest\u0119pczo\u015bci z 2025 r.&nbsp;oraz danych demograficznych Narodowego Instytutu Statystycznego (INE), niekt\u00f3re z najpopularniejszych destynacji turystycznych Wysp Kanaryjskich maj\u0105 jeden z najwy\u017cszych wska\u017anik\u00f3w kradzie\u017cy na mieszka\u0144ca w Hiszpanii.<\/p>\n\n\n\n<p class=\"wp-block-paragraph\">Dwie najbardziej znane gminy turystyczne na tym rajskim archipelagu zajmuj\u0105 czo\u0142owe miejsca w rankingu najbardziej nara\u017conych miejsc na kradzie\u017ce w przeliczeniu na jednego mieszka\u0144ca. A organizacje hotelarskie wzywaj\u0105 do wi\u0119kszej liczby patroli w celu poprawy bezpiecze\u0144stwa wczasowicz\u00f3w. <\/p>\n\n\n\n<p class=\"wp-block-paragraph\">Gmin\u0105 o najwy\u017cszym wska\u017aniku kradzie\u017cy w Hiszpanii, jest El Prat de Llobregat w Katalonii, gdzie odnotowano 91,9 kradzie\u017cy na 1000 mieszka\u0144c\u00f3w. Na jej wyniki du\u017cy wp\u0142yw maj\u0105 miliony pasa\u017cer\u00f3w przeje\u017cd\u017caj\u0105cych przez lotnisko w Barcelonie. W tym mie\u015bcie wed\u0142ug raportu Ministerstwa Spraw Wewn\u0119trznych notuje si\u0119 te\u017c najwi\u0119cej napad\u00f3w rabunkowych w ca\u0142ym kraju. <\/p>\n\n\n\n<p class=\"wp-block-paragraph\">Dane pokazuj\u0105 tak\u017ce, \u017ce w popularnym turystycznym kurorcie Adeje, na po\u0142udniu Teneryfy, odnotowano 67,9 kradzie\u017cy na 1000 zarejestrowanych mieszka\u0144c\u00f3w, co plasuje to miasto na drugim miejscu w kraju, a Los Realejos na p\u00f3\u0142nocy najwi\u0119kszej kanaryjskiej wyspy ma najni\u017cszy wska\u017anik w ca\u0142ym kraju. Odnotowano zaledwie 2 kradzie\u017ce na 1000 mieszka\u0144c\u00f3w, co stanowi najni\u017cszy wska\u017anik spo\u015br\u00f3d wszystkich 427 hiszpa\u0144skich gmin obj\u0119tych analiz\u0105.<\/p>\n\n\n\n<p class=\"wp-block-paragraph\">Po Adeje znalaz\u0142a si\u0119 s\u0142oneczna gmina na Gran Canarii, czyli Mog\u00e1n, kt\u00f3ra jest na pi\u0105tym miejscu, odnotowuj\u0105c 41,8 kradzie\u017cy na 1000 mieszka\u0144c\u00f3w.<\/p>\n\n\n\n<p class=\"wp-block-paragraph\">Gmina San Bartolom\u00e9 de Tirajana, siedziba g\u0142\u00f3wnych kurort\u00f3w, w tym Playa del Ingl\u00e9s i Maspalomas, zaj\u0119\u0142a si\u00f3dme miejsce w kraju z 36,9 przypadkami na 1000 mieszka\u0144c\u00f3w.<\/p>\n\n\n\n<p class=\"wp-block-paragraph\">Natomiast Arona na po\u0142udniu Teneryfy (s\u0105 tu znane kurorty Playa de Las Americas i Los Cristanos) zaj\u0119\u0142a dziesi\u0105te miejsce w Hiszpanii ze \u015bredni\u0105 liczb\u0105 36,0 zg\u0142oszonych kradzie\u017cy na 1000 zarejestrowanych mieszka\u0144c\u00f3w.<\/p>\n\n\n\n<p class=\"wp-block-paragraph\">Tymczasem La Oliva na Fuerteventurze, w kt\u00f3rej znajduje si\u0119 popularny kurort Corralejo, znalaz\u0142a si\u0119 na 19. miejscu w kraju ze wska\u017anikiem 28,8.<\/p>\n\n\n\n<p class=\"wp-block-paragraph\">We wszystkich pi\u0119ciu gminach Wysp Kanaryjskich liczba kradzie\u017cy znacznie przekroczy\u0142a \u015bredni\u0105 krajow\u0105 Hiszpanii, kt\u00f3ra wynosi 12,9 kradzie\u017cy na 1000 mieszka\u0144c\u00f3w.<\/p>\n\n\n\n<p class=\"wp-block-paragraph\">Badanie przeprowadzone przez platform\u0119 Estafa.info w oparciu o oficjalne dane dotycz\u0105ce przest\u0119pczo\u015bci i populacji wykaza\u0142o, \u017ce turystyka i du\u017ca liczba tymczasowych go\u015bci mog\u0105 mie\u0107 znacz\u0105cy wp\u0142yw na wska\u017aniki przest\u0119pczo\u015bci liczone w odniesieniu do zarejestrowanej populacji sta\u0142ych rezydent\u00f3w.<\/p>\n\n\n\n<p class=\"wp-block-paragraph\">Wska\u017aniki przest\u0119pczo\u015bci oblicza si\u0119 na podstawie oficjalnej liczby ludno\u015bci zarejestrowanej w danej gminie, natomiast takie miejsca jak Adeje i Mogan odwiedzane s\u0105 przez ca\u0142y rok przez miliony turyst\u00f3w.<\/p>\n\n\n\n<p class=\"wp-block-paragraph\">Rzeczywista liczba os\u00f3b przebywaj\u0105cych w tych gminach w dowolnym momencie mo\u017ce by\u0107 zatem znacznie wy\u017csza ni\u017c ich zarejestrowana liczba ludno\u015bci.<\/p>\n\n\n\n<p class=\"wp-block-paragraph\">Hotele, apartamenty wakacyjne, centra handlowe, pla\u017ce, miejsca \u017cycia nocnego i g\u0142\u00f3wne atrakcje turystyczne przyci\u0105gaj\u0105 du\u017c\u0105 liczb\u0119 os\u00f3b tymczasowo przebywaj\u0105cych w mie\u015bcie, co nie znajduje odzwierciedlenia w liczbie sta\u0142ych rezydent\u00f3w, kt\u00f3ra jest wykorzystywana do obliczenia wska\u017anika.<\/p>\n\n\n\n<p class=\"wp-block-paragraph\">Mo\u017ce to sprawi\u0107, \u017ce liczba przest\u0119pstw w gminach cz\u0119sto odwiedzanych przez turyst\u00f3w wyda si\u0119 nieproporcjonalnie wysoka, je\u015bli statystyki przest\u0119pczo\u015bci zostan\u0105 wyra\u017cone jako liczba incydent\u00f3w na 1000 zarejestrowanych mieszka\u0144c\u00f3w.<\/p>\n\n\n\n<p class=\"wp-block-paragraph\">La Asociaci\u00f3n Milla de Oro  (Stowarzyszenie Z\u0142otej Mili), kt\u00f3re skupia obiekty handlowe, turystyczne i hotelowe oraz Rada Miasta domagaj\u0105 si\u0119 pilnych dzia\u0142a\u0144 ze strony Poddelegacji Rz\u0105dowej i Zarz\u0105du Wysp Kanaryjskich w celu zagwarantowania bezpiecze\u0144stwa w Playa de las Am\u00e9ricas i Los Cristianos na terenie gminy Arona. Przede wszystkim w zwi\u0105zku ze wzrostem liczby kradzie\u017cy, napad\u00f3w rabunkowych, b\u00f3jek i pobi\u0107 apeluj\u0105 oni o zwi\u0119kszenie obecno\u015bci patroli policji krajowej oraz kanaryjskiej. <\/p>\n\n\n\n<p class=\"wp-block-paragraph\">Arianna Gassmann, prezes Stowarzyszenia M\u0142odych Przedsi\u0119biorc\u00f3w Teneryfy i przedstawicielka Stowarzyszenia Z\u0142otej Mili Po\u0142udniowej Teneryfy, podkre\u015bla z kolei, \u017ce \u201enajlepsz\u0105 wizyt\u00f3wk\u0105 naszego regionu turystycznego s\u0105 nie tylko targi, ale tak\u017ce nasze ulice\u201d.<\/p>\n\n\n\n<p class=\"wp-block-paragraph\">Gassmann wzywa do \u201epilnego, skoordynowanego i widocznego dzia\u0142ania\u201d i podkre\u015bla, \u017ce \u200b\u200b\u201em\u00f3wimy o jednym z g\u0142\u00f3wnych o\u015brodk\u00f3w turystycznych i handlowych Teneryfy, wi\u0119c nie mo\u017cemy pozwoli\u0107 na brak bezpiecze\u0144stwa\u201d.<\/p>\n\n\n\n<p class=\"wp-block-paragraph\">Wsp\u00f3lnym celem jest poprawa profilaktyki, wzmocnienie bezpiecze\u0144stwa oraz ochrona turystyki i dzia\u0142alno\u015bci handlowej na tych obszarach.<\/p>\n\n\n\n<p class=\"wp-block-paragraph\">Foto: Guardia Civil<\/p>\n","protected":false},"excerpt":{"rendered":"<p>HISZPANIA\/WYSPY KANARYJSKIE: Na Teneryfie Gwardia Cywilna aresztowa\u0142a m\u0119\u017cczyzn\u0119, kt\u00f3ry w\u0142ama\u0142 si\u0119 do 27 pojazd\u00f3w w pobli\u017cu pla\u017cy La Tejita, jednej z najpopularniejszych nadmorskich miejscowo\u015bci na po\u0142udniu wyspy. Nast\u0119pnie zatrzymano te\u017c osob\u0119, kt\u00f3ra pr\u00f3bowa\u0142a w\u0142ama\u0107 si\u0119 do pojazdu w pobli\u017cu wulkanu Teide. Na Fuerteventurze zatrzymano kobiet\u0119, kt\u00f3ra okrada\u0142a hotelowe pokoje. Tymczasem wed\u0142ug najnowszego raportu cztery gminy [&hellip;]<\/p>\n","protected":false},"author":4,"featured_media":15290,"comment_status":"closed","ping_status":"open","sticky":false,"template":"","format":"standard","meta":{"om_disable_all_campaigns":false,"_monsterinsights_skip_tracking":false,"_monsterinsights_sitenote_active":false,"_monsterinsights_sitenote_note":"","_monsterinsights_sitenote_category":0,"footnotes":""},"categories":[12,78],"tags":[],"class_list":["post-15289","post","type-post","status-publish","format-standard","has-post-thumbnail","hentry","category-aktualnosci","category-interwencje"],"aioseo_notices":[],"blog_post_layout_featured_media_urls":{"thumbnail":["https:\/\/nakanarach.pl\/wp-content\/uploads\/2026\/08\/Plaga-wlaman-Guardia-Civil-150x150.webp",150,150,true],"full":["https:\/\/nakanarach.pl\/wp-content\/uploads\/2026\/08\/Plaga-wlaman-Guardia-Civil.webp",900,600,false]},"categories_names":{"12":{"name":"Aktualno\u015bci","link":"https:\/\/nakanarach.pl\/index.php\/category\/aktualnosci\/"},"78":{"name":"Interwencje","link":"https:\/\/nakanarach.pl\/index.php\/category\/interwencje\/"}},"tags_names":[],"comments_number":"0","wpmagazine_modules_lite_featured_media_urls":{"thumbnail":["https:\/\/nakanarach.pl\/wp-content\/uploads\/2026\/08\/Plaga-wlaman-Guardia-Civil-150x150.webp",150,150,true],"cvmm-medium":["https:\/\/nakanarach.pl\/wp-content\/uploads\/2026\/08\/Plaga-wlaman-Guardia-Civil-300x300.webp",300,300,true],"cvmm-medium-plus":["https:\/\/nakanarach.pl\/wp-content\/uploads\/2026\/08\/Plaga-wlaman-Guardia-Civil-305x207.webp",305,207,true],"cvmm-portrait":["https:\/\/nakanarach.pl\/wp-content\/uploads\/2026\/08\/Plaga-wlaman-Guardia-Civil-400x600.webp",400,600,true],"cvmm-medium-square":["https:\/\/nakanarach.pl\/wp-content\/uploads\/2026\/08\/Plaga-wlaman-Guardia-Civil-600x600.webp",600,600,true],"cvmm-large":["https:\/\/nakanarach.pl\/wp-content\/uploads\/2026\/08\/Plaga-wlaman-Guardia-Civil.webp",900,600,false],"cvmm-small":["https:\/\/nakanarach.pl\/wp-content\/uploads\/2026\/08\/Plaga-wlaman-Guardia-Civil-130x95.webp",130,95,true],"full":["https:\/\/nakanarach.pl\/wp-content\/uploads\/2026\/08\/Plaga-wlaman-Guardia-Civil.webp",900,600,false]},"_links":{"self":[{"href":"https:\/\/nakanarach.pl\/index.php\/wp-json\/wp\/v2\/posts\/15289","targetHints":{"allow":["GET"]}}],"collection":[{"href":"https:\/\/nakanarach.pl\/index.php\/wp-json\/wp\/v2\/posts"}],"about":[{"href":"https:\/\/nakanarach.pl\/index.php\/wp-json\/wp\/v2\/types\/post"}],"author":[{"embeddable":true,"href":"https:\/\/nakanarach.pl\/index.php\/wp-json\/wp\/v2\/users\/4"}],"replies":[{"embeddable":true,"href":"https:\/\/nakanarach.pl\/index.php\/wp-json\/wp\/v2\/comments?post=15289"}],"version-history":[{"count":7,"href":"https:\/\/nakanarach.pl\/index.php\/wp-json\/wp\/v2\/posts\/15289\/revisions"}],"predecessor-version":[{"id":15407,"href":"https:\/\/nakanarach.pl\/index.php\/wp-json\/wp\/v2\/posts\/15289\/revisions\/15407"}],"wp:featuredmedia":[{"embeddable":true,"href":"https:\/\/nakanarach.pl\/index.php\/wp-json\/wp\/v2\/media\/15290"}],"wp:attachment":[{"href":"https:\/\/nakanarach.pl\/index.php\/wp-json\/wp\/v2\/media?parent=15289"}],"wp:term":[{"taxonomy":"category","embeddable":true,"href":"https:\/\/nakanarach.pl\/index.php\/wp-json\/wp\/v2\/categories?post=15289"},{"taxonomy":"post_tag","embeddable":true,"href":"https:\/\/nakanarach.pl\/index.php\/wp-json\/wp\/v2\/tags?post=15289"}],"curies":[{"name":"wp","href":"https:\/\/api.w.org\/{rel}","templated":true}]}}