{"id":15378,"date":"2026-08-31T08:34:03","date_gmt":"2026-08-31T07:34:03","guid":{"rendered":"https:\/\/nakanarach.pl\/?p=15378"},"modified":"2026-08-31T14:28:50","modified_gmt":"2026-08-31T13:28:50","slug":"wzmocnili-nadzor-nad-slynnymi-wydmami-video","status":"publish","type":"post","link":"https:\/\/nakanarach.pl\/index.php\/2026\/08\/31\/wzmocnili-nadzor-nad-slynnymi-wydmami-video\/","title":{"rendered":"WZMOCNILI NADZ\u00d3R NAD S\u0141YNNYMI WYDMAMI (VIDEO)"},"content":{"rendered":"\n<p class=\"wp-block-paragraph\"><strong>GRAN CANARIA: Kolejni tury\u015bci weszli na \u015bci\u015ble chroniony obszar wydm Maspalomas i przy okazji przep\u0142oszyli dziesi\u0105tki ptak\u00f3w.<\/strong> <strong>W\u0142adze Gran Canarii wzmocni\u0142y nadz\u00f3r nad tym terenem ze wzgl\u0119du na codzienne problemy z wchodzeniem turyst\u00f3w i mieszka\u0144c\u00f3w na tereny chronionego rezerwatu przyrody, w szczeg\u00f3lno\u015bci o wschodzie i zachodzie s\u0142o\u0144ca.<\/strong> <\/p>\n\n\n\n<p class=\"wp-block-paragraph\">Charca de Maspalomas to p\u00f3\u0142s\u0142ony zbiornik zasilany wod\u0105 s\u0142odk\u0105 sp\u0142ywaj\u0105c\u0105 z w\u0105wozu Barranco de Fataga oraz wod\u0105 morsk\u0105, kt\u00f3ra wdziera si\u0119 do laguny podczas silnych przyp\u0142yw\u00f3w lub sztorm\u00f3w na oceanie. To jeden najpopularniejszych punkt\u00f3w obserwacji ptak\u00f3w na Wyspach Kanaryjskich. S\u0142u\u017cy jako miejsce gniazdowania oraz przystanek dla ponad 20 gatunk\u00f3w ptak\u00f3w migruj\u0105cych mi\u0119dzy Europ\u0105 a Afryk\u0105 (mo\u017cna tu spotka\u0107 m.in. czaple, rybitwy, mewy i dudki). Wyst\u0119puje tu tak\u017ce wiele gatunk\u00f3w owad\u00f3w sabulicolous &#8211; niekt\u00f3re endemiczne &#8211; spokrewnionych z faun\u0105 Afryki, kt\u00f3re s\u0105 znane tylko w tym \u015brodowisku.\u00a0Jednak dwoje turyst\u00f3w wesz\u0142o w te wakacje na ten \u015bci\u015ble chroniony teren i przy okazji przep\u0142oszyli wiele ptak\u00f3w. Na kr\u00f3tkim nagraniu s\u0142ycha\u0107 g\u0142osy oburzenia &#8222;get out!&#8221; (t\u0142umaczenie: wyno\u015bcie si\u0119!). Teraz szuka ich policja. <strong>ZOBACZ VIDEO:<\/strong> <\/p>\n\n\n\n<figure class=\"wp-block-embed is-type-video is-provider-tiktok wp-block-embed-tiktok\"><div class=\"wp-block-embed__wrapper\">\n<blockquote class=\"tiktok-embed\" cite=\"https:\/\/www.tiktok.com\/@grancanariatv.com\/video\/7674370811322486038\" data-video-id=\"7674370811322486038\" data-embed-from=\"oembed\" style=\"max-width:605px; min-width:325px;\"> <section> <a target=\"_blank\" title=\"@grancanariatv.com\" href=\"https:\/\/www.tiktok.com\/@grancanariatv.com?refer=embed\">@grancanariatv.com<\/a> <p>Turistas caminando por la charca de Maspalomas grancanaria maspalomas<\/p> <a target=\"_blank\" title=\"\u266c sonido original - grancanariatv - grancanariatv\" href=\"https:\/\/www.tiktok.com\/music\/sonido-original-grancanariatv-7674370823113231126?refer=embed\">\u266c sonido original &#8211; grancanariatv &#8211; grancanariatv<\/a> <\/section> <\/blockquote> <script async src=\"https:\/\/www.tiktok.com\/embed.js\"><\/script>\n<\/div><\/figure>\n\n\n\n<p class=\"wp-block-paragraph\">Do podobnej sytuacji dosz\u0142o w 2025 r. kiedy w tym samym miejscu spacerowa\u0142a jedna turystka. <\/p>\n\n\n\n<figure class=\"wp-block-image size-full\"><img fetchpriority=\"high\" decoding=\"async\" width=\"800\" height=\"533\" src=\"http:\/\/nakanarach.pl\/wp-content\/uploads\/2025\/07\/Charca-Wydmy-Turysta-La-Provincia.webp\" alt=\"\" class=\"wp-image-10990\" srcset=\"https:\/\/nakanarach.pl\/wp-content\/uploads\/2025\/07\/Charca-Wydmy-Turysta-La-Provincia.webp 800w, https:\/\/nakanarach.pl\/wp-content\/uploads\/2025\/07\/Charca-Wydmy-Turysta-La-Provincia-300x200.webp 300w, https:\/\/nakanarach.pl\/wp-content\/uploads\/2025\/07\/Charca-Wydmy-Turysta-La-Provincia-768x512.webp 768w\" sizes=\"(max-width: 800px) 100vw, 800px\" \/><figcaption class=\"wp-element-caption\"><strong><em>Foto: Screen z Video \/ La Provinica<\/em><\/strong><\/figcaption><\/figure>\n\n\n\n<p class=\"wp-block-paragraph\">28 sierpnia 2026 r. o zachodzie s\u0142o\u0144ca, w jednym z najruchliwszych okres\u00f3w dnia dla turyst\u00f3w odwiedzaj\u0105cych ten rejon, przeprowadzono specjaln\u0105 operacj\u0119. Wzi\u0119\u0142o w niej udzia\u0142 dziesi\u0119ciu funkcjonariuszy ochrony \u015brodowiska, a tak\u017ce jednostka ochrony \u015brodowiska Seprona Guardii Cywilnej, policja Wysp Kanaryjskich oraz lokalna policja z gminy San Bartolom\u00e9 de Tirajana. W operacji uczestniczy\u0142 r\u00f3wnie\u017c oddzia\u0142 dron\u00f3w lokalnej policji, kt\u00f3ry umo\u017cliwia\u0142 funkcjonariuszom monitorowanie wydm z powietrza i  identyfikacj\u0119 os\u00f3b wchodz\u0105cych na tereny zamkni\u0119te dla publiczno\u015bci. G\u0142\u00f3wnym celem operacji by\u0142o poinformowanie turyst\u00f3w i mieszka\u0144c\u00f3w o zakazach i skierowanie ich z powrotem na wyznaczone szlaki.<\/p>\n\n\n\n<figure class=\"wp-block-image size-full\"><img decoding=\"async\" width=\"900\" height=\"552\" src=\"https:\/\/nakanarach.pl\/wp-content\/uploads\/2026\/08\/Wydmy-Patrol-Cabildo-de-Gran-Canaria.webp\" alt=\"\" class=\"wp-image-15382\" srcset=\"https:\/\/nakanarach.pl\/wp-content\/uploads\/2026\/08\/Wydmy-Patrol-Cabildo-de-Gran-Canaria.webp 900w, https:\/\/nakanarach.pl\/wp-content\/uploads\/2026\/08\/Wydmy-Patrol-Cabildo-de-Gran-Canaria-300x184.webp 300w, https:\/\/nakanarach.pl\/wp-content\/uploads\/2026\/08\/Wydmy-Patrol-Cabildo-de-Gran-Canaria-768x471.webp 768w\" sizes=\"(max-width: 900px) 100vw, 900px\" \/><figcaption class=\"wp-element-caption\"><strong><em>Foto: Cabildo de Gran Canaria<\/em><\/strong><\/figcaption><\/figure>\n\n\n\n<p class=\"wp-block-paragraph\">W\u0142adze twierdz\u0105, \u017ce umo\u017cliwienie turystom korzystania z oficjalnych szlak\u00f3w jest konieczne, aby zminimalizowa\u0107 uszkodzenia wydm i chroni\u0107 wra\u017cliwe ro\u015bliny i dzikie zwierz\u0119ta tego obszaru. Nie wolno tam tak\u017ce u\u017cywa\u0107 kamieni lub innych element\u00f3w do tworzenia struktur zmieniaj\u0105cych krajobraz. Zakazane jest te\u017c biwakowanie oraz rozpalanie ognisk i grilli.<\/p>\n\n\n\n<p class=\"wp-block-paragraph\">Najwi\u0119cej os\u00f3b przychodzi do punkt\u00f3w widokowych oraz nielegalnie wchodzi na wydmy w rejonie hotelu RIU w Playa del Ingles. W ramach najnowszych dzia\u0142a\u0144 Cabildo uruchomi\u0142o r\u00f3wnie\u017c w czasie tegorocznych wakacji pilota\u017cowy system nag\u0142o\u015bnienia w tym punkcie widokowym Mirador de las Dunas. Jest tam automatyczne nadawanie komunikat\u00f3w w\u00a0j\u0119zyku angielskim, niemieckim i hiszpa\u0144skim, kt\u00f3re co kwadrans przypominaj\u0105 odwiedzaj\u0105cym, \u017ce znajduj\u0105 si\u0119 w \u015bci\u015ble chronionym \u015brodowisku naturalnym i prosz\u0105ce o pozostanie na wyznaczonych szlakach.<\/p>\n\n\n\n<p class=\"wp-block-paragraph\">Komunikaty pojawiaj\u0105 si\u0119 w dw\u00f3ch okresach, kt\u00f3re czujniki ruchu zainstalowane w ramach projektu Impulsa Maspalomas uzna\u0142y za szczeg\u00f3lnie intensywne: rano od\u00a07:30 do 10:00 i od\u00a018:00 do 21:00 wieczorem, czyli w zale\u017cno\u015bci od pory roku w czasie zachodu s\u0142o\u0144ca na Wyspach Kanaryjskich.<\/p>\n\n\n\n<p class=\"wp-block-paragraph\">W tych okresach\u00a0dziennie\u00a0przewija si\u0119 przez ten obszar oko\u0142o 1000 os\u00f3b. Z czego wed\u0142ug szacunk\u00f3w ok. 300 &#8211; 500 os\u00f3b dziennie wchodzi bezpo\u015brednio na wydmy, kt\u00f3re obj\u0119te s\u0105 zakazem wst\u0119pu.  <\/p>\n\n\n\n<p class=\"wp-block-paragraph\">Gwardia Cywilna przypomina mieszka\u0144com i turystom, \u017ce wst\u0119p do obszar\u00f3w obj\u0119tych ograniczeniami jest surowo zabroniony, a nieprzestrzeganie przepis\u00f3w mo\u017ce skutkowa\u0107 karami finansowymi w wysoko\u015bci od 150 do 1500 euro (ok. 650 &#8211; 6500 z\u0142), zgodnie z ustaw\u0105 4\/2017 o gruntach i obszarach chronionych na Wyspach Kanaryjskich.<\/p>\n\n\n\n<p class=\"wp-block-paragraph\">Foto: Screen z Video Gran Canaria TV, Cabildo de Gran Canaria, La Provinica<\/p>\n","protected":false},"excerpt":{"rendered":"<p>GRAN CANARIA: Kolejni tury\u015bci weszli na \u015bci\u015ble chroniony obszar wydm Maspalomas i przy okazji przep\u0142oszyli dziesi\u0105tki ptak\u00f3w. W\u0142adze Gran Canarii wzmocni\u0142y nadz\u00f3r nad tym terenem ze wzgl\u0119du na codzienne problemy z wchodzeniem turyst\u00f3w i mieszka\u0144c\u00f3w na tereny chronionego rezerwatu przyrody, w szczeg\u00f3lno\u015bci o wschodzie i zachodzie s\u0142o\u0144ca. Charca de Maspalomas to p\u00f3\u0142s\u0142ony zbiornik zasilany wod\u0105 [&hellip;]<\/p>\n","protected":false},"author":4,"featured_media":15379,"comment_status":"closed","ping_status":"open","sticky":false,"template":"","format":"standard","meta":{"om_disable_all_campaigns":false,"_monsterinsights_skip_tracking":false,"_monsterinsights_sitenote_active":false,"_monsterinsights_sitenote_note":"","_monsterinsights_sitenote_category":0,"footnotes":""},"categories":[12],"tags":[],"class_list":["post-15378","post","type-post","status-publish","format-standard","has-post-thumbnail","hentry","category-aktualnosci"],"aioseo_notices":[],"blog_post_layout_featured_media_urls":{"thumbnail":["https:\/\/nakanarach.pl\/wp-content\/uploads\/2026\/08\/Turysci-wydmy-150x150.jpg",150,150,true],"full":["https:\/\/nakanarach.pl\/wp-content\/uploads\/2026\/08\/Turysci-wydmy.jpg",909,1154,false]},"categories_names":{"12":{"name":"Aktualno\u015bci","link":"https:\/\/nakanarach.pl\/index.php\/category\/aktualnosci\/"}},"tags_names":[],"comments_number":"0","wpmagazine_modules_lite_featured_media_urls":{"thumbnail":["https:\/\/nakanarach.pl\/wp-content\/uploads\/2026\/08\/Turysci-wydmy-150x150.jpg",150,150,true],"cvmm-medium":["https:\/\/nakanarach.pl\/wp-content\/uploads\/2026\/08\/Turysci-wydmy-300x300.jpg",300,300,true],"cvmm-medium-plus":["https:\/\/nakanarach.pl\/wp-content\/uploads\/2026\/08\/Turysci-wydmy-305x207.jpg",305,207,true],"cvmm-portrait":["https:\/\/nakanarach.pl\/wp-content\/uploads\/2026\/08\/Turysci-wydmy-400x600.jpg",400,600,true],"cvmm-medium-square":["https:\/\/nakanarach.pl\/wp-content\/uploads\/2026\/08\/Turysci-wydmy-600x600.jpg",600,600,true],"cvmm-large":["https:\/\/nakanarach.pl\/wp-content\/uploads\/2026\/08\/Turysci-wydmy-909x1024.jpg",909,1024,true],"cvmm-small":["https:\/\/nakanarach.pl\/wp-content\/uploads\/2026\/08\/Turysci-wydmy-130x95.jpg",130,95,true],"full":["https:\/\/nakanarach.pl\/wp-content\/uploads\/2026\/08\/Turysci-wydmy.jpg",909,1154,false]},"_links":{"self":[{"href":"https:\/\/nakanarach.pl\/index.php\/wp-json\/wp\/v2\/posts\/15378","targetHints":{"allow":["GET"]}}],"collection":[{"href":"https:\/\/nakanarach.pl\/index.php\/wp-json\/wp\/v2\/posts"}],"about":[{"href":"https:\/\/nakanarach.pl\/index.php\/wp-json\/wp\/v2\/types\/post"}],"author":[{"embeddable":true,"href":"https:\/\/nakanarach.pl\/index.php\/wp-json\/wp\/v2\/users\/4"}],"replies":[{"embeddable":true,"href":"https:\/\/nakanarach.pl\/index.php\/wp-json\/wp\/v2\/comments?post=15378"}],"version-history":[{"count":3,"href":"https:\/\/nakanarach.pl\/index.php\/wp-json\/wp\/v2\/posts\/15378\/revisions"}],"predecessor-version":[{"id":15385,"href":"https:\/\/nakanarach.pl\/index.php\/wp-json\/wp\/v2\/posts\/15378\/revisions\/15385"}],"wp:featuredmedia":[{"embeddable":true,"href":"https:\/\/nakanarach.pl\/index.php\/wp-json\/wp\/v2\/media\/15379"}],"wp:attachment":[{"href":"https:\/\/nakanarach.pl\/index.php\/wp-json\/wp\/v2\/media?parent=15378"}],"wp:term":[{"taxonomy":"category","embeddable":true,"href":"https:\/\/nakanarach.pl\/index.php\/wp-json\/wp\/v2\/categories?post=15378"},{"taxonomy":"post_tag","embeddable":true,"href":"https:\/\/nakanarach.pl\/index.php\/wp-json\/wp\/v2\/tags?post=15378"}],"curies":[{"name":"wp","href":"https:\/\/api.w.org\/{rel}","templated":true}]}}