{"id":15389,"date":"2026-09-01T07:34:40","date_gmt":"2026-09-01T06:34:40","guid":{"rendered":"https:\/\/nakanarach.pl\/?p=15389"},"modified":"2026-09-01T14:43:36","modified_gmt":"2026-09-01T13:43:36","slug":"wrzesien-zaczyna-sie-od-deszczu-i-kalimy","status":"publish","type":"post","link":"https:\/\/nakanarach.pl\/index.php\/2026\/09\/01\/wrzesien-zaczyna-sie-od-deszczu-i-kalimy\/","title":{"rendered":"WRZESIE\u0143 ZACZYNA SI\u0118 OD DESZCZU I KALIMY"},"content":{"rendered":"\n<p class=\"wp-block-paragraph\"><strong>WYSPY KANARYJSKIE: Na kilku wyspach archipelagu, zw\u0142aszcza na obszarach z klimatem suchym wed\u0142ug prognoz ma pojawi\u0107 si\u0119 d\u0142ugo wyczekiwany deszcz, kt\u00f3rego w niekt\u00f3rych rejonach nie by\u0142o od kilku miesi\u0119cy. Wrzesie\u0144 zaczyna si\u0119 od och\u0142odzenia i zachmurzonego nieba, kalimy i silnego wiatru, jednak na tym rajskim archipelagu lato trwa statystycznie a\u017c do po\u0142owy pa\u017adziernika i temperatury mog\u0105 przekracza\u0107 nawet 30 stopni Celsjusza. Dlatego jest to dobry moment, aby w\u0142a\u015bnie teraz po szczycie sezonu turystycznego wybra\u0107 ten kierunek na wypoczynek. <\/strong><\/p>\n\n\n\n<p class=\"wp-block-paragraph\">Dla cz\u0119\u015bci Teneryfy i Gran Canarii wydano \u017c\u00f3\u0142te (najni\u017csze w trzystopniowej skali) ostrze\u017cenia pogodowe. Prognozy wskazuj\u0105 na silne wiatry i wzburzony ocean, poniewa\u017c Wyspy Kanaryjskie szykuj\u0105 si\u0119 na kolejn\u0105 fal\u0119 upa\u0142\u00f3w i zapylenia. Alert hiszpa\u0144skiej Pa\u0144stwowej Agencji Meteorologicznej (AEMET) zacznie obowi\u0105zywa\u0107 od 1 wrze\u015bnia od godziny 21:00 i ma trwa\u0107 do 2 wrze\u015bnia 2026 r. Obejmuje on&nbsp;wsch\u00f3d, po\u0142udnie i zach\u00f3d Teneryfy i Gran Canarii&nbsp;i jest zwi\u0105zany w szczeg\u00f3lno\u015bci z niekorzystnymi warunkami przybrze\u017cnymi i wysokimi niebezpiecznymi falami i przyp\u0142ywami. AEMET prognozuje p\u00f3\u0142nocno-wschodnie wiatry o pr\u0119dko\u015bci od 50 do 61 km\/h, co odpowiada&nbsp;sile 7<strong>&nbsp;<\/strong>w skali Beauforta. Najsilniejszych warunk\u00f3w mo\u017cna si\u0119 spodziewa\u0107 wzd\u0142u\u017c kana\u0142u oddzielaj\u0105cego Teneryf\u0119 od Gran Canarii oraz u po\u0142udniowo-wschodnich wybrze\u017cy Gran Canarii.<\/p>\n\n\n\n<p class=\"wp-block-paragraph\">Ostrze\u017cenia mog\u0105 by\u0107 aktualizowane w miar\u0119 rozwoju warunk\u00f3w, dlatego mieszka\u0144com i turystom planuj\u0105cym sp\u0119dzanie czasu w pobli\u017cu wybrze\u017ca zaleca si\u0119 sprawdzenie najnowszej prognozy pogody.<\/p>\n\n\n\n<p class=\"wp-block-paragraph\">Alert synoptyk\u00f3w zbiega si\u0119 z kolejnym wzrostem temperatur na Wyspach Kanaryjskich w pierwszych dniach wrze\u015bnia. Najwy\u017csze temperatury s\u0105 teraz na&nbsp;statystycznie najcieplejszej wyspie, czyli na Gran Canarii, gdzie miejscami termometry mog\u0105 przekroczy\u0107&nbsp;35 stopni Celsjusza. Na pozosta\u0142ych wyspach mog\u0105 by\u0107 temperatury dochodz\u0105ce do ok. 32 stopni. Na archipelagu w niekt\u00f3rych rejonach prognozowane s\u0105 r\u00f3wnie\u017c tropikalne noce z temperaturami powy\u017cej 20 stopni.<\/p>\n\n\n\n<p class=\"wp-block-paragraph\">Wzrost temperatury nast\u0119puje na skutek och\u0142odzenia si\u0119 warunk\u00f3w atmosferycznych w ostatnich dniach i b\u0119dzie spowodowany nap\u0142ywem cieplejszej masy powietrza, a wraz z nimi drobnego py\u0142u znad afryka\u0144skiej Sahary, kt\u00f3ry mo\u017ce by\u0107 szczeg\u00f3lnie niebezpieczny dla os\u00f3b z chorobami uk\u0142adu oddechowego. Kalima powoduje zamglenie nieba i ograniczenie widoczno\u015bci w niekt\u00f3rych obszarach.<\/p>\n\n\n\n<p class=\"wp-block-paragraph\">Jednak pomimo cieplejszego i bardziej suchego powietrza, synoptycy nie wykluczaj\u0105 deszczu, kt\u00f3ry przyk\u0142adowo na po\u0142udniu Gran Canarii ostatni raz pada\u0142 pod koniec marca 2026 r. Przelotne opady mog\u0105 wyst\u0105pi\u0107 w niekt\u00f3rych cz\u0119\u015bciach Wysp Kanaryjskich, szczeg\u00f3lnie 2 i 3 wrze\u015bnia, cho\u0107 dok\u0142adne miejsce i intensywno\u015b\u0107 opad\u00f3w zale\u017ce\u0107 b\u0119dzie od ruchu mas powietrza i ilo\u015bci dost\u0119pnej wilgoci.<\/p>\n\n\n\n<p class=\"wp-block-paragraph\">Wed\u0142ug europejskiego modelu prognostycznego ECMWF 1 wrze\u015bnia pocz\u0105tkowo b\u0119dzie podobny do ostatnich dni sierpnia, z przewa\u017cnie bezchmurnym niebem i niewielkim prawdopodobie\u0144stwem opad\u00f3w w pierwszej po\u0142owie dnia. Jednak po po\u0142udniu spodziewane jest zwi\u0119kszenie zachmurzenia, zw\u0142aszcza na centralnych wyspach, co mo\u017ce spowodowa\u0107 opady deszczu w g\u00f3rzystych cz\u0119\u015bciach Teneryfy i Gran Canarii. Europejski model pogodowy wskazuje obecnie na mo\u017cliwo\u015b\u0107 opad\u00f3w deszczu na niemal na ca\u0142ej Teneryfie od poranka, przy czym najwi\u0119ksze opady prognozowane s\u0105 w rejonach centralnych i na stokach g\u00f3rskich od strony po\u0142udniowej. Opady deszczu s\u0105 mo\u017cliwe tak\u017ce w centralnej i zachodniej cz\u0119\u015bci Gran Canarii, cho\u0107 na og\u00f3\u0142 b\u0119d\u0105 mniejsze.<\/p>\n\n\n\n<p class=\"wp-block-paragraph\">Aemet prognozuje obecnie zachmurzenie w p\u00f3\u0142nocnych rejonach wysp, kt\u00f3re stopniowo ma si\u0119 zmniejsza\u0107, podczas gdy na pozosta\u0142ych obszarach powinno by\u0107 przewa\u017cnie pogodnie. Wed\u0142ug synoptyk\u00f3w zachmurzenie utrzyma si\u0119 do 2 wrze\u015bnia, mo\u017cliwe s\u0105 dalsze opady deszczu, zw\u0142aszcza na Teneryfie.<\/p>\n\n\n\n<p class=\"wp-block-paragraph\">Prognozy wskazuj\u0105, \u017ce do 4 wrze\u015bnia wiatr jeszcze bardziej os\u0142abnie, co przyniesie spokojniejsze warunki, typowe dla Wysp Kanaryjskich o tej porze roku. Mimo mo\u017cliwo\u015bci wyst\u0105pienia opad\u00f3w, wrzesie\u0144 na Wyspach Kanaryjskich jest nadal miesi\u0105cem letnim, a temperatury powinny pozosta\u0107 wysokie, nawet powy\u017cej 30 stopni. Statystycznie najcieplejsza pora roku na tym rajskim archipelagu trwa 3,3 miesi\u0105ca, od 6 lipca do 14 pa\u017adziernika. <\/p>\n\n\n\n<p class=\"wp-block-paragraph\">Bezpo\u015brednio loty z kilku polskich miast na Wyspy Kanaryjskie oferuj\u0105 najwi\u0119ksze polskie biura podr\u00f3\u017cy. A bilety lotnicze mo\u017cna kupi\u0107 w promocji na wrzesie\u0144 ju\u017c od 240 z\u0142 w jedn\u0105 stron\u0119 lub 599 z\u0142 w dwie strony. Lot trwa ok. 5 godzin. <\/p>\n\n\n\n<p class=\"wp-block-paragraph\"><strong>ZOBACZ NASZ ARTYKU\u0141 NA NAJWI\u0118KSZYM POLSKIM PORTALU WIRTUALNA POLSKA \/ WP TURYSTYKA:<\/strong><\/p>\n\n\n\n<p class=\"wp-block-paragraph\"><a href=\"https:\/\/turystyka.wp.pl\/s\/nakanarach-pl\/na-rajskich-wyspach-oglosili-alert-niebezpiecznie-przy-brzegach-oceanu-7324690057074848a\">https:\/\/turystyka.wp.pl\/s\/nakanarach-pl\/na-rajskich-wyspach-oglosili-alert-niebezpiecznie-przy-brzegach-oceanu-7324690057074848a<\/a><\/p>\n\n\n\n<p class=\"wp-block-paragraph\">Foto: Archiwum NaKanarach.pl<\/p>\n","protected":false},"excerpt":{"rendered":"<p>WYSPY KANARYJSKIE: Na kilku wyspach archipelagu, zw\u0142aszcza na obszarach z klimatem suchym wed\u0142ug prognoz ma pojawi\u0107 si\u0119 d\u0142ugo wyczekiwany deszcz, kt\u00f3rego w niekt\u00f3rych rejonach nie by\u0142o od kilku miesi\u0119cy. Wrzesie\u0144 zaczyna si\u0119 od och\u0142odzenia i zachmurzonego nieba, kalimy i silnego wiatru, jednak na tym rajskim archipelagu lato trwa statystycznie a\u017c do po\u0142owy pa\u017adziernika i temperatury [&hellip;]<\/p>\n","protected":false},"author":4,"featured_media":8894,"comment_status":"closed","ping_status":"open","sticky":false,"template":"","format":"standard","meta":{"om_disable_all_campaigns":false,"_monsterinsights_skip_tracking":false,"_monsterinsights_sitenote_active":false,"_monsterinsights_sitenote_note":"","_monsterinsights_sitenote_category":0,"footnotes":""},"categories":[12],"tags":[],"class_list":["post-15389","post","type-post","status-publish","format-standard","has-post-thumbnail","hentry","category-aktualnosci"],"aioseo_notices":[],"blog_post_layout_featured_media_urls":{"thumbnail":["https:\/\/nakanarach.pl\/wp-content\/uploads\/2024\/11\/fale-pochmurno-plaza-las-palmas-_optimized-150x150.jpg",150,150,true],"full":["https:\/\/nakanarach.pl\/wp-content\/uploads\/2024\/11\/fale-pochmurno-plaza-las-palmas-_optimized-scaled.jpg",2560,1440,false]},"categories_names":{"12":{"name":"Aktualno\u015bci","link":"https:\/\/nakanarach.pl\/index.php\/category\/aktualnosci\/"}},"tags_names":[],"comments_number":"0","wpmagazine_modules_lite_featured_media_urls":{"thumbnail":["https:\/\/nakanarach.pl\/wp-content\/uploads\/2024\/11\/fale-pochmurno-plaza-las-palmas-_optimized-150x150.jpg",150,150,true],"cvmm-medium":["https:\/\/nakanarach.pl\/wp-content\/uploads\/2024\/11\/fale-pochmurno-plaza-las-palmas-_optimized-300x300.jpg",300,300,true],"cvmm-medium-plus":["https:\/\/nakanarach.pl\/wp-content\/uploads\/2024\/11\/fale-pochmurno-plaza-las-palmas-_optimized-305x207.jpg",305,207,true],"cvmm-portrait":["https:\/\/nakanarach.pl\/wp-content\/uploads\/2024\/11\/fale-pochmurno-plaza-las-palmas-_optimized-400x600.jpg",400,600,true],"cvmm-medium-square":["https:\/\/nakanarach.pl\/wp-content\/uploads\/2024\/11\/fale-pochmurno-plaza-las-palmas-_optimized-600x600.jpg",600,600,true],"cvmm-large":["https:\/\/nakanarach.pl\/wp-content\/uploads\/2024\/11\/fale-pochmurno-plaza-las-palmas-_optimized-1024x1024.jpg",1024,1024,true],"cvmm-small":["https:\/\/nakanarach.pl\/wp-content\/uploads\/2024\/11\/fale-pochmurno-plaza-las-palmas-_optimized-130x95.jpg",130,95,true],"full":["https:\/\/nakanarach.pl\/wp-content\/uploads\/2024\/11\/fale-pochmurno-plaza-las-palmas-_optimized-scaled.jpg",2560,1440,false]},"_links":{"self":[{"href":"https:\/\/nakanarach.pl\/index.php\/wp-json\/wp\/v2\/posts\/15389","targetHints":{"allow":["GET"]}}],"collection":[{"href":"https:\/\/nakanarach.pl\/index.php\/wp-json\/wp\/v2\/posts"}],"about":[{"href":"https:\/\/nakanarach.pl\/index.php\/wp-json\/wp\/v2\/types\/post"}],"author":[{"embeddable":true,"href":"https:\/\/nakanarach.pl\/index.php\/wp-json\/wp\/v2\/users\/4"}],"replies":[{"embeddable":true,"href":"https:\/\/nakanarach.pl\/index.php\/wp-json\/wp\/v2\/comments?post=15389"}],"version-history":[{"count":5,"href":"https:\/\/nakanarach.pl\/index.php\/wp-json\/wp\/v2\/posts\/15389\/revisions"}],"predecessor-version":[{"id":15403,"href":"https:\/\/nakanarach.pl\/index.php\/wp-json\/wp\/v2\/posts\/15389\/revisions\/15403"}],"wp:featuredmedia":[{"embeddable":true,"href":"https:\/\/nakanarach.pl\/index.php\/wp-json\/wp\/v2\/media\/8894"}],"wp:attachment":[{"href":"https:\/\/nakanarach.pl\/index.php\/wp-json\/wp\/v2\/media?parent=15389"}],"wp:term":[{"taxonomy":"category","embeddable":true,"href":"https:\/\/nakanarach.pl\/index.php\/wp-json\/wp\/v2\/categories?post=15389"},{"taxonomy":"post_tag","embeddable":true,"href":"https:\/\/nakanarach.pl\/index.php\/wp-json\/wp\/v2\/tags?post=15389"}],"curies":[{"name":"wp","href":"https:\/\/api.w.org\/{rel}","templated":true}]}}