{"id":15426,"date":"2026-09-04T07:25:45","date_gmt":"2026-09-04T06:25:45","guid":{"rendered":"https:\/\/nakanarach.pl\/?p=15426"},"modified":"2026-09-04T07:47:33","modified_gmt":"2026-09-04T06:47:33","slug":"kolejne-tragedie-w-oceanie","status":"publish","type":"post","link":"https:\/\/nakanarach.pl\/index.php\/2026\/09\/04\/kolejne-tragedie-w-oceanie\/","title":{"rendered":"KOLEJNE TRAGEDIE W OCEANIE"},"content":{"rendered":"\n<p class=\"wp-block-paragraph\"><strong>GRAN CANARIA\/LANZAROTE: Ocean poch\u0142on\u0105\u0142 na pocz\u0105tku wrze\u015bnia kolejne ofiary. Na niebezpiecznym szlaku kanaryjskim uton\u0119\u0142o ponad 80 os\u00f3b, w tym ma\u0142a dziewczynka, po tym, jak \u0142\u00f3d\u017a z afryka\u0144skimi imigrantami sp\u0119dzi\u0142a 26 dni na niebezpiecznej przeprawie, zanim zosta\u0142a odnaleziona dryfuj\u0105ca na po\u0142udnie od Wysp Kanaryjskich. Na Lanzarote uton\u0105\u0142 78-letni m\u0119\u017cczyzna. <\/strong><\/p>\n\n\n\n<p class=\"wp-block-paragraph\">Wed\u0142ug doniesie\u0144 statek z imigrantami z Afryki opu\u015bci\u0142 Gambi\u0119 ze 128 osobami na pok\u0142adzie. Kiedy go odnaleziono p\u00f3\u017anym wieczorem, 3 wrze\u015bnia oko\u0142o 120 kilometr\u00f3w na po\u0142udnie od Gran Canarii, pozosta\u0142o tam tylko 45 ocala\u0142ych.<\/p>\n\n\n\n<p class=\"wp-block-paragraph\">Hiszpa\u0144ski samolot ratownictwa morskiego zauwa\u017cy\u0142 \u0142\u00f3d\u017a, zanim statek ratunkowy Urania dotar\u0142 do niej kr\u00f3tko po p\u00f3\u0142nocy.<\/p>\n\n\n\n<p class=\"wp-block-paragraph\">Na pok\u0142adzie znaleziono r\u00f3wnie\u017c 5 cia\u0142, kt\u00f3rych nie uda\u0142o si\u0119 wydoby\u0107 z powodu niebezpiecznych warunk\u00f3w na oceanie. Ratownicy byli zmuszeni pozostawi\u0107 je na statku. <\/p>\n\n\n\n<p class=\"wp-block-paragraph\">Gwardia Cywilna poinformowa\u0142a, \u017ce \u200b\u200boznaczenia na kad\u0142ubie odpowiadaj\u0105 oznaczeniom \u0142odzi, kt\u00f3ra rzekomo opu\u015bci\u0142a Gambi\u0119 7 sierpnia. <\/p>\n\n\n\n<p class=\"wp-block-paragraph\">Ocaleni poinformowali pracownik\u00f3w Czerwonego Krzy\u017ca w porcie Arguinegu\u00edn, \u017ce ponad 100 os\u00f3b rozpocz\u0119\u0142o podr\u00f3\u017c. Powiedzieli, \u017ce wielu zgin\u0119\u0142o podczas tej ryzykownej przeprawy.<\/p>\n\n\n\n<p class=\"wp-block-paragraph\">45 ocala\u0142ych bezpiecznie przetransportowano na Gran Canari\u0119, gdzie otrzymali pomoc medyczn\u0105 i humanitarn\u0105.<\/p>\n\n\n\n<p class=\"wp-block-paragraph\">Tymczasem dzie\u0144 wcze\u015bniej 78-letni m\u0119\u017cczyzna zosta\u0142 znaleziony martwy w Atlantyku u wybrze\u017cy Lanzarote po rozpocz\u0119ciu szeroko zakrojonych poszukiwa\u0144, gdy nie powr\u00f3ci\u0142 na brzeg.<\/p>\n\n\n\n<p class=\"wp-block-paragraph\">S\u0142u\u017cby ratunkowe zosta\u0142y zaalarmowane w zwi\u0105zku z doniesieniami o zagini\u0119ciu m\u0119\u017cczyzny p\u0142ywaj\u0105cego na pla\u017cy Los Pocillos w Puerto del Carmen. Stra\u017cacy zlokalizowali m\u0119\u017cczyzn\u0119 unosz\u0105cego si\u0119 na wodzie i wy\u0142owili jego cia\u0142o, a nast\u0119pnie zabrali je na brzeg, gdzie personel medyczny potwierdzi\u0142, \u017ce nie \u017cyje.<\/p>\n\n\n\n<p class=\"wp-block-paragraph\">Foto: Archiwum Salvamento Mar\u00edtimo<\/p>\n","protected":false},"excerpt":{"rendered":"<p>GRAN CANARIA\/LANZAROTE: Ocean poch\u0142on\u0105\u0142 na pocz\u0105tku wrze\u015bnia kolejne ofiary. Na niebezpiecznym szlaku kanaryjskim uton\u0119\u0142o ponad 80 os\u00f3b, w tym ma\u0142a dziewczynka, po tym, jak \u0142\u00f3d\u017a z afryka\u0144skimi imigrantami sp\u0119dzi\u0142a 26 dni na niebezpiecznej przeprawie, zanim zosta\u0142a odnaleziona dryfuj\u0105ca na po\u0142udnie od Wysp Kanaryjskich. Na Lanzarote uton\u0105\u0142 78-letni m\u0119\u017cczyzna. Wed\u0142ug doniesie\u0144 statek z imigrantami z Afryki [&hellip;]<\/p>\n","protected":false},"author":4,"featured_media":12931,"comment_status":"closed","ping_status":"open","sticky":false,"template":"","format":"standard","meta":{"om_disable_all_campaigns":false,"_monsterinsights_skip_tracking":false,"_monsterinsights_sitenote_active":false,"_monsterinsights_sitenote_note":"","_monsterinsights_sitenote_category":0,"footnotes":""},"categories":[12],"tags":[],"class_list":["post-15426","post","type-post","status-publish","format-standard","has-post-thumbnail","hentry","category-aktualnosci"],"aioseo_notices":[],"blog_post_layout_featured_media_urls":{"thumbnail":["https:\/\/nakanarach.pl\/wp-content\/uploads\/2026\/01\/Helikopter-Salvamento-Maritimo-150x150.jpg",150,150,true],"full":["https:\/\/nakanarach.pl\/wp-content\/uploads\/2026\/01\/Helikopter-Salvamento-Maritimo.jpg",1024,706,false]},"categories_names":{"12":{"name":"Aktualno\u015bci","link":"https:\/\/nakanarach.pl\/index.php\/category\/aktualnosci\/"}},"tags_names":[],"comments_number":"0","wpmagazine_modules_lite_featured_media_urls":{"thumbnail":["https:\/\/nakanarach.pl\/wp-content\/uploads\/2026\/01\/Helikopter-Salvamento-Maritimo-150x150.jpg",150,150,true],"cvmm-medium":["https:\/\/nakanarach.pl\/wp-content\/uploads\/2026\/01\/Helikopter-Salvamento-Maritimo-300x300.jpg",300,300,true],"cvmm-medium-plus":["https:\/\/nakanarach.pl\/wp-content\/uploads\/2026\/01\/Helikopter-Salvamento-Maritimo-305x207.jpg",305,207,true],"cvmm-portrait":["https:\/\/nakanarach.pl\/wp-content\/uploads\/2026\/01\/Helikopter-Salvamento-Maritimo-400x600.jpg",400,600,true],"cvmm-medium-square":["https:\/\/nakanarach.pl\/wp-content\/uploads\/2026\/01\/Helikopter-Salvamento-Maritimo-600x600.jpg",600,600,true],"cvmm-large":["https:\/\/nakanarach.pl\/wp-content\/uploads\/2026\/01\/Helikopter-Salvamento-Maritimo.jpg",1024,706,false],"cvmm-small":["https:\/\/nakanarach.pl\/wp-content\/uploads\/2026\/01\/Helikopter-Salvamento-Maritimo-130x95.jpg",130,95,true],"full":["https:\/\/nakanarach.pl\/wp-content\/uploads\/2026\/01\/Helikopter-Salvamento-Maritimo.jpg",1024,706,false]},"_links":{"self":[{"href":"https:\/\/nakanarach.pl\/index.php\/wp-json\/wp\/v2\/posts\/15426","targetHints":{"allow":["GET"]}}],"collection":[{"href":"https:\/\/nakanarach.pl\/index.php\/wp-json\/wp\/v2\/posts"}],"about":[{"href":"https:\/\/nakanarach.pl\/index.php\/wp-json\/wp\/v2\/types\/post"}],"author":[{"embeddable":true,"href":"https:\/\/nakanarach.pl\/index.php\/wp-json\/wp\/v2\/users\/4"}],"replies":[{"embeddable":true,"href":"https:\/\/nakanarach.pl\/index.php\/wp-json\/wp\/v2\/comments?post=15426"}],"version-history":[{"count":1,"href":"https:\/\/nakanarach.pl\/index.php\/wp-json\/wp\/v2\/posts\/15426\/revisions"}],"predecessor-version":[{"id":15427,"href":"https:\/\/nakanarach.pl\/index.php\/wp-json\/wp\/v2\/posts\/15426\/revisions\/15427"}],"wp:featuredmedia":[{"embeddable":true,"href":"https:\/\/nakanarach.pl\/index.php\/wp-json\/wp\/v2\/media\/12931"}],"wp:attachment":[{"href":"https:\/\/nakanarach.pl\/index.php\/wp-json\/wp\/v2\/media?parent=15426"}],"wp:term":[{"taxonomy":"category","embeddable":true,"href":"https:\/\/nakanarach.pl\/index.php\/wp-json\/wp\/v2\/categories?post=15426"},{"taxonomy":"post_tag","embeddable":true,"href":"https:\/\/nakanarach.pl\/index.php\/wp-json\/wp\/v2\/tags?post=15426"}],"curies":[{"name":"wp","href":"https:\/\/api.w.org\/{rel}","templated":true}]}}