{"id":1883,"date":"2021-06-19T01:00:00","date_gmt":"2021-06-19T00:00:00","guid":{"rendered":"http:\/\/nakanarach.pl\/?p=1883"},"modified":"2022-05-13T09:42:17","modified_gmt":"2022-05-13T08:42:17","slug":"na-kanarach-o-sobotnim-meczu-polska-hiszpania","status":"publish","type":"post","link":"https:\/\/nakanarach.pl\/index.php\/2021\/06\/19\/na-kanarach-o-sobotnim-meczu-polska-hiszpania\/","title":{"rendered":"NA KANARACH O SOBOTNIM MECZU POLSKA-HISZPANIA"},"content":{"rendered":"\n<p><strong>W sobot\u0119 19 czerwca reprezentacja Polski zmierzy si\u0119 z Hiszpani\u0105 na stadionie La Cartuja w Sewilli. Wiadomo ju\u017c, \u017ce w tym spotkaniu nie wyst\u0105pi Grzegorz Krychowiak. Mecz rozpocznie si\u0119 o godz. 20 czasu kanaryjskiego (o g. 21 czasu polskiego).<\/strong> <\/p>\n\n\n\n<p>Kibice posiadaj\u0105cy bilety na mecz&nbsp;Polska \u2013 Hiszpania&nbsp;na&nbsp;Euro 2021 wejd\u0105 19 czerwca na stadion La Cartuja w Sewilli bez konieczno\u015bci prezentacji test\u00f3w antygenowych lub bada\u0144 PCR potwierdzaj\u0105cych brak COVID-19. Jak poda\u0142y s\u0142u\u017cby medyczne Andaluzji, kt\u00f3rej stolic\u0105 jest Sewilla, obowi\u0105zek posiadania wa\u017cnych test\u00f3w zosta\u0142 cofni\u0119ty, a decyzja w tej sprawie przekazana do w\u0142adz UEFA \u2013 poinformowa\u0142 hiszpa\u0144ski dziennik ABC.<\/p>\n\n\n\n<figure class=\"wp-block-image size-large is-resized\"><img fetchpriority=\"high\" decoding=\"async\" src=\"http:\/\/nakanarach.pl\/wp-content\/uploads\/2021\/06\/Mecz-Polska-Hiszpania-Facebook-PZPN.jpg\" alt=\"\" class=\"wp-image-1885\" width=\"400\" height=\"500\" srcset=\"https:\/\/nakanarach.pl\/wp-content\/uploads\/2021\/06\/Mecz-Polska-Hiszpania-Facebook-PZPN.jpg 800w, https:\/\/nakanarach.pl\/wp-content\/uploads\/2021\/06\/Mecz-Polska-Hiszpania-Facebook-PZPN-240x300.jpg 240w, https:\/\/nakanarach.pl\/wp-content\/uploads\/2021\/06\/Mecz-Polska-Hiszpania-Facebook-PZPN-768x960.jpg 768w\" sizes=\"(max-width: 400px) 100vw, 400px\" \/><figcaption>Polska reprezentacja trenuje na stadionie w hiszpa\u0144skiej Sewilli Foto: Facebook\/\u0141\u0105czy nas pi\u0142ka<\/figcaption><\/figure>\n\n\n\n<p>Mecz b\u0119dzie mo\u017cna ogl\u0105da\u0107 w wielu pubach na Wyspach Kanaryjskich na telewizorach i specjalnych telebimach. <\/p>\n\n\n\n<p>W reprezentacji Polski podczas meczu z Hiszpania nie mo\u017ce zagra\u0107 Grzegorz Krychowiak, kt\u00f3ry podczas przegranego spotkania ze S\u0142owacj\u0105 (2:1) dosta\u0142 za dwie \u017c\u00f3\u0142te kartki dosta\u0142 jedn\u0105 czerwon\u0105 i za to musia\u0142 zej\u015b\u0107 z boiska. Zgodnie z regulaminem UEFA, zawodnik musi mie\u0107 przerw\u0119 przez jeden&nbsp;mecz.<\/p>\n\n\n\n<p>Selekcjoner dru\u017cyny Hiszpanii Luis Enrique m\u00f3wi, \u017ce nie ufa \u017cadnemu z rywali, z kt\u00f3rymi Hiszpania zmierzy si\u0119 w pierwszej fazie mistrzostw Europy Euro 2020 \u2013 informuje gazeta Canarias7.&nbsp;W tej grupie znalaz\u0142y si\u0119 tak\u017ce Polska, S\u0142owacja i Szwecja. Dziennik informuje, \u017ce pi\u0142karze Luisa Enrique musz\u0105 zafundowa\u0107 sobie regeneruj\u0105ce zwyci\u0119stwo nad Polsk\u0105, kt\u00f3ra ryzykuje \u017cyciem.&nbsp;Dodanie trzech punkt\u00f3w pozwoli\u0142oby utrzyma\u0107 poziom l\u0119ku na niskim poziomie<strong>,<\/strong> przywr\u00f3\u0107 klasyfikacj\u0119 na w\u0142a\u015bciwe tory i zmierzy\u0107 si\u0119 z ostatnim meczem fazy grupowej, maj\u0105c pewno\u015b\u0107, \u017ce przyw\u00f3dztwo b\u0119dzie w zasi\u0119gu r\u0119ki.&nbsp;Reprezentacja ma swoj\u0105 przysz\u0142o\u015b\u0107 i aby j\u0105 zachowa\u0107, konieczne jest rozbicie do maksimum dru\u017cyny Roberta Lewandowskiego. Canarias 7 pisze, \u017ce hiszpa\u0144ski selekcjoner trener my\u015bli tylko o Polsce i o tym, jak rozbroi\u0107 \u201edobrze zorganizowan\u0105\u201d dru\u017cyn\u0119 w obronie i ataku.&nbsp;Zapytany o Lewandowskiego, g\u0142\u00f3wn\u0105 bro\u0144 ofensywn\u0105 rywala m\u00f3wi\u0142 tak:&nbsp;\u201eMusimy zmusi\u0107 go do \u0142apania pi\u0142ki tak ma\u0142o, jak to mo\u017cliwe, naciska\u0107 i stara\u0107 si\u0119 nie \u0142apa\u0107 pi\u0142ek.&nbsp;A je\u015bli przyb\u0119d\u0105, trzeba ich broni\u0107 z pomoc\u0105 i ustawi\u0107 specjalny nadz\u00f3r.&#8221;<\/p>\n\n\n\n<p>Jak pisze Canarias7 wygranie z rywalami jest mocno skomplikowane i nie tylko pos\u0142u\u017cy do klasyfikacji oraz jako przepustka do drugiej rundy, ale tak\u017ce okre\u015bli stopie\u0144 sp\u00f3jno\u015bci m\u0142odej grupy, z wieloma nieznanymi twarzami dla kibic\u00f3w. Obawy mog\u0105 by\u0107 uzasadnione, bo jak pisze kanaryjski dziennik: \u2013&nbsp;<em>Szwecja wyst\u0105pi z napastnikiem Realu Alexandrem Isakiem, Polska z prawdopodobnie najlepsz\u0105 dziewi\u0105tk\u0105 na \u015bwiecie i S\u0142owacja z Hamsikiem jako najniebezpieczniejsz\u0105 broni\u0105 wystawi\u0105 na pr\u00f3b\u0119 wyp\u0142acalno\u015b\u0107 i rzetelno\u015b\u0107 w wielkim turnieju nowej generacji pi\u0142karzy pod wodz\u0105 trenera Asturii.&nbsp;W\u0142a\u015bnie od roli Hiszpanii w mistrzostwach Europy zale\u017ce\u0107 b\u0119dzie przysz\u0142o\u015b\u0107 Luisa Enrique.<\/em><\/p>\n\n\n\n<figure class=\"wp-block-image\"><img decoding=\"async\" width=\"654\" height=\"539\" src=\"http:\/\/nakanarach.pl\/wp-content\/uploads\/2021\/06\/Lewandowski-Canarias7-Screen-3.png\" alt=\"\" class=\"wp-image-1741\" srcset=\"https:\/\/nakanarach.pl\/wp-content\/uploads\/2021\/06\/Lewandowski-Canarias7-Screen-3.png 654w, https:\/\/nakanarach.pl\/wp-content\/uploads\/2021\/06\/Lewandowski-Canarias7-Screen-3-300x247.png 300w\" sizes=\"(max-width: 654px) 100vw, 654px\" \/><\/figure>\n\n\n\n<p>Pierwszym&nbsp;rywalem&nbsp;reprezentacji&nbsp;Hiszpanii&nbsp;na&nbsp;Euro 2020&nbsp;by\u0142a Szwecja (14 czerwca), nast\u0119pnie dru\u017cyna podejmie walk\u0119 o wygran\u0105 z Polsk\u0105 w Sewilli (19 czerwca), a na sam koniec w tej grupie ze S\u0142owacj\u0105 (23 czerwca).<\/p>\n\n\n\n<p><strong>Foto: Canarias7<\/strong>, <strong>Facebook\/\u0141\u0105czy nas pi\u0142ka<\/strong><\/p>\n\n\n\n<p><\/p>\n","protected":false},"excerpt":{"rendered":"<p>W sobot\u0119 19 czerwca reprezentacja Polski zmierzy si\u0119 z Hiszpani\u0105 na stadionie La Cartuja w Sewilli. Wiadomo ju\u017c, \u017ce w tym spotkaniu nie wyst\u0105pi Grzegorz Krychowiak. Mecz rozpocznie si\u0119 o godz. 20 czasu kanaryjskiego (o g. 21 czasu polskiego). Kibice posiadaj\u0105cy bilety na mecz&nbsp;Polska \u2013 Hiszpania&nbsp;na&nbsp;Euro 2021 wejd\u0105 19 czerwca na stadion La Cartuja w [&hellip;]<\/p>\n","protected":false},"author":2,"featured_media":1884,"comment_status":"closed","ping_status":"open","sticky":false,"template":"","format":"standard","meta":{"om_disable_all_campaigns":false,"_monsterinsights_skip_tracking":false,"_monsterinsights_sitenote_active":false,"_monsterinsights_sitenote_note":"","_monsterinsights_sitenote_category":0,"footnotes":""},"categories":[101],"tags":[],"class_list":["post-1883","post","type-post","status-publish","format-standard","has-post-thumbnail","hentry","category-o-polsce"],"aioseo_notices":[],"blog_post_layout_featured_media_urls":{"thumbnail":["https:\/\/nakanarach.pl\/wp-content\/uploads\/2021\/06\/Mecz-Polska-Hiszpania-2-Facebook-PZPN-150x150.jpg",150,150,true],"full":["https:\/\/nakanarach.pl\/wp-content\/uploads\/2021\/06\/Mecz-Polska-Hiszpania-2-Facebook-PZPN.jpg",1200,1200,false]},"categories_names":{"101":{"name":"O Polsce","link":"https:\/\/nakanarach.pl\/index.php\/category\/kultura\/o-polsce\/"}},"tags_names":[],"comments_number":"0","wpmagazine_modules_lite_featured_media_urls":{"thumbnail":["https:\/\/nakanarach.pl\/wp-content\/uploads\/2021\/06\/Mecz-Polska-Hiszpania-2-Facebook-PZPN-150x150.jpg",150,150,true],"cvmm-medium":["https:\/\/nakanarach.pl\/wp-content\/uploads\/2021\/06\/Mecz-Polska-Hiszpania-2-Facebook-PZPN-300x300.jpg",300,300,true],"cvmm-medium-plus":["https:\/\/nakanarach.pl\/wp-content\/uploads\/2021\/06\/Mecz-Polska-Hiszpania-2-Facebook-PZPN-305x207.jpg",305,207,true],"cvmm-portrait":["https:\/\/nakanarach.pl\/wp-content\/uploads\/2021\/06\/Mecz-Polska-Hiszpania-2-Facebook-PZPN-400x600.jpg",400,600,true],"cvmm-medium-square":["https:\/\/nakanarach.pl\/wp-content\/uploads\/2021\/06\/Mecz-Polska-Hiszpania-2-Facebook-PZPN-600x600.jpg",600,600,true],"cvmm-large":["https:\/\/nakanarach.pl\/wp-content\/uploads\/2021\/06\/Mecz-Polska-Hiszpania-2-Facebook-PZPN-1024x1024.jpg",1024,1024,true],"cvmm-small":["https:\/\/nakanarach.pl\/wp-content\/uploads\/2021\/06\/Mecz-Polska-Hiszpania-2-Facebook-PZPN-130x95.jpg",130,95,true],"full":["https:\/\/nakanarach.pl\/wp-content\/uploads\/2021\/06\/Mecz-Polska-Hiszpania-2-Facebook-PZPN.jpg",1200,1200,false]},"_links":{"self":[{"href":"https:\/\/nakanarach.pl\/index.php\/wp-json\/wp\/v2\/posts\/1883","targetHints":{"allow":["GET"]}}],"collection":[{"href":"https:\/\/nakanarach.pl\/index.php\/wp-json\/wp\/v2\/posts"}],"about":[{"href":"https:\/\/nakanarach.pl\/index.php\/wp-json\/wp\/v2\/types\/post"}],"author":[{"embeddable":true,"href":"https:\/\/nakanarach.pl\/index.php\/wp-json\/wp\/v2\/users\/2"}],"replies":[{"embeddable":true,"href":"https:\/\/nakanarach.pl\/index.php\/wp-json\/wp\/v2\/comments?post=1883"}],"version-history":[{"count":5,"href":"https:\/\/nakanarach.pl\/index.php\/wp-json\/wp\/v2\/posts\/1883\/revisions"}],"predecessor-version":[{"id":1910,"href":"https:\/\/nakanarach.pl\/index.php\/wp-json\/wp\/v2\/posts\/1883\/revisions\/1910"}],"wp:featuredmedia":[{"embeddable":true,"href":"https:\/\/nakanarach.pl\/index.php\/wp-json\/wp\/v2\/media\/1884"}],"wp:attachment":[{"href":"https:\/\/nakanarach.pl\/index.php\/wp-json\/wp\/v2\/media?parent=1883"}],"wp:term":[{"taxonomy":"category","embeddable":true,"href":"https:\/\/nakanarach.pl\/index.php\/wp-json\/wp\/v2\/categories?post=1883"},{"taxonomy":"post_tag","embeddable":true,"href":"https:\/\/nakanarach.pl\/index.php\/wp-json\/wp\/v2\/tags?post=1883"}],"curies":[{"name":"wp","href":"https:\/\/api.w.org\/{rel}","templated":true}]}}