{"id":2115,"date":"2021-08-10T08:55:00","date_gmt":"2021-08-10T07:55:00","guid":{"rendered":"http:\/\/nakanarach.pl\/?p=2115"},"modified":"2021-08-10T11:00:50","modified_gmt":"2021-08-10T10:00:50","slug":"fuerteventura-zaprasza-caly-rok","status":"publish","type":"post","link":"https:\/\/nakanarach.pl\/index.php\/2021\/08\/10\/fuerteventura-zaprasza-caly-rok\/","title":{"rendered":"FUERTEVENTURA ZAPRASZA CA\u0141Y ROK"},"content":{"rendered":"\n<p><strong>Jedna z najbardziej urokliwych spo\u015br\u00f3d Wysp Kanaryjskich zainaugurowa\u0142a w te wakacje kampani\u0119 pt. &#8222;Fuerteventura, otwarta przez ca\u0142y rok\u201d to nazwa kampanii, kt\u00f3r\u0105 przygotowa\u0142a Insular Tourist Board.<\/strong><\/p>\n\n\n\n<p>Kampania to dzia\u0142ania zaplanowane zar\u00f3wno w formacie cyfrowym, jak i w r\u00f3\u017cnych mediach, maj\u0105cych na celu przyci\u0105gni\u0119cie turyst\u00f3w, kt\u00f3rzy jeszcze nie planowali tegorocznych wakacji, dlatego jest szczeg\u00f3lnie skoncentrowana na rynkach mi\u0119dzynarodowych i mi\u0119dzywyspowych.&nbsp;<\/p>\n\n\n\n<p>Radna ds. Turystyki Cabildo de Fuerteventura, Jessica de Le\u00f3n, zwraca uwag\u0119, \u017ce celem tej inicjatywy promocyjnej jest \u201eaby wszyscy podr\u00f3\u017cnicy last minute, kt\u00f3rzy jeszcze nie zdecydowali si\u0119 na wakacje, postawili na bezpieczne miejsce docelowe, przy \u0142agodnej pogodzie i \u017ce jest otwarty przez ca\u0142y rok dla sport\u00f3w, aby cieszy\u0107 si\u0119 pla\u017cami, a tak\u017ce wn\u0119trzem wyspy oraz bogactwem jej gastronomii \u00bb.<\/p>\n\n\n\n<p>Kampania promocyjna zosta\u0142a zaprezentowana w Insular Library Center, w Puerto del Rosario, gdzie pojawili si\u0119 aktorzy i aktorki filmu promocyjnego zrealizowanego przez Majorero Alventio Producciones.&nbsp;<\/p>\n","protected":false},"excerpt":{"rendered":"<p>Jedna z najbardziej urokliwych spo\u015br\u00f3d Wysp Kanaryjskich zainaugurowa\u0142a w te wakacje kampani\u0119 pt. &#8222;Fuerteventura, otwarta przez ca\u0142y rok\u201d to nazwa kampanii, kt\u00f3r\u0105 przygotowa\u0142a Insular Tourist Board. Kampania to dzia\u0142ania zaplanowane zar\u00f3wno w formacie cyfrowym, jak i w r\u00f3\u017cnych mediach, maj\u0105cych na celu przyci\u0105gni\u0119cie turyst\u00f3w, kt\u00f3rzy jeszcze nie planowali tegorocznych wakacji, dlatego jest szczeg\u00f3lnie skoncentrowana na [&hellip;]<\/p>\n","protected":false},"author":2,"featured_media":2116,"comment_status":"closed","ping_status":"open","sticky":false,"template":"","format":"standard","meta":{"om_disable_all_campaigns":false,"_monsterinsights_skip_tracking":false,"_monsterinsights_sitenote_active":false,"_monsterinsights_sitenote_note":"","_monsterinsights_sitenote_category":0,"footnotes":""},"categories":[20],"tags":[],"class_list":["post-2115","post","type-post","status-publish","format-standard","has-post-thumbnail","hentry","category-atrakcje"],"aioseo_notices":[],"blog_post_layout_featured_media_urls":{"thumbnail":["https:\/\/nakanarach.pl\/wp-content\/uploads\/2021\/07\/Fuerteventura-plaza-Jandia-Fot.-visitfuerteventura.es_-150x150.jpg",150,150,true],"full":["https:\/\/nakanarach.pl\/wp-content\/uploads\/2021\/07\/Fuerteventura-plaza-Jandia-Fot.-visitfuerteventura.es_.jpg",843,403,false]},"categories_names":{"20":{"name":"Atrakcje i egzotyka","link":"https:\/\/nakanarach.pl\/index.php\/category\/turystyka\/atrakcje\/"}},"tags_names":[],"comments_number":"0","wpmagazine_modules_lite_featured_media_urls":{"thumbnail":["https:\/\/nakanarach.pl\/wp-content\/uploads\/2021\/07\/Fuerteventura-plaza-Jandia-Fot.-visitfuerteventura.es_-150x150.jpg",150,150,true],"cvmm-medium":["https:\/\/nakanarach.pl\/wp-content\/uploads\/2021\/07\/Fuerteventura-plaza-Jandia-Fot.-visitfuerteventura.es_-300x300.jpg",300,300,true],"cvmm-medium-plus":["https:\/\/nakanarach.pl\/wp-content\/uploads\/2021\/07\/Fuerteventura-plaza-Jandia-Fot.-visitfuerteventura.es_-305x207.jpg",305,207,true],"cvmm-portrait":["https:\/\/nakanarach.pl\/wp-content\/uploads\/2021\/07\/Fuerteventura-plaza-Jandia-Fot.-visitfuerteventura.es_-400x403.jpg",400,403,true],"cvmm-medium-square":["https:\/\/nakanarach.pl\/wp-content\/uploads\/2021\/07\/Fuerteventura-plaza-Jandia-Fot.-visitfuerteventura.es_-600x403.jpg",600,403,true],"cvmm-large":["https:\/\/nakanarach.pl\/wp-content\/uploads\/2021\/07\/Fuerteventura-plaza-Jandia-Fot.-visitfuerteventura.es_.jpg",843,403,false],"cvmm-small":["https:\/\/nakanarach.pl\/wp-content\/uploads\/2021\/07\/Fuerteventura-plaza-Jandia-Fot.-visitfuerteventura.es_-130x95.jpg",130,95,true],"full":["https:\/\/nakanarach.pl\/wp-content\/uploads\/2021\/07\/Fuerteventura-plaza-Jandia-Fot.-visitfuerteventura.es_.jpg",843,403,false]},"_links":{"self":[{"href":"https:\/\/nakanarach.pl\/index.php\/wp-json\/wp\/v2\/posts\/2115","targetHints":{"allow":["GET"]}}],"collection":[{"href":"https:\/\/nakanarach.pl\/index.php\/wp-json\/wp\/v2\/posts"}],"about":[{"href":"https:\/\/nakanarach.pl\/index.php\/wp-json\/wp\/v2\/types\/post"}],"author":[{"embeddable":true,"href":"https:\/\/nakanarach.pl\/index.php\/wp-json\/wp\/v2\/users\/2"}],"replies":[{"embeddable":true,"href":"https:\/\/nakanarach.pl\/index.php\/wp-json\/wp\/v2\/comments?post=2115"}],"version-history":[{"count":2,"href":"https:\/\/nakanarach.pl\/index.php\/wp-json\/wp\/v2\/posts\/2115\/revisions"}],"predecessor-version":[{"id":2331,"href":"https:\/\/nakanarach.pl\/index.php\/wp-json\/wp\/v2\/posts\/2115\/revisions\/2331"}],"wp:featuredmedia":[{"embeddable":true,"href":"https:\/\/nakanarach.pl\/index.php\/wp-json\/wp\/v2\/media\/2116"}],"wp:attachment":[{"href":"https:\/\/nakanarach.pl\/index.php\/wp-json\/wp\/v2\/media?parent=2115"}],"wp:term":[{"taxonomy":"category","embeddable":true,"href":"https:\/\/nakanarach.pl\/index.php\/wp-json\/wp\/v2\/categories?post=2115"},{"taxonomy":"post_tag","embeddable":true,"href":"https:\/\/nakanarach.pl\/index.php\/wp-json\/wp\/v2\/tags?post=2115"}],"curies":[{"name":"wp","href":"https:\/\/api.w.org\/{rel}","templated":true}]}}