{"id":2132,"date":"2021-07-06T00:30:00","date_gmt":"2021-07-05T23:30:00","guid":{"rendered":"http:\/\/nakanarach.pl\/?p=2132"},"modified":"2021-07-08T08:00:53","modified_gmt":"2021-07-08T07:00:53","slug":"regaty-na-gran-canarii","status":"publish","type":"post","link":"https:\/\/nakanarach.pl\/index.php\/2021\/07\/06\/regaty-na-gran-canarii\/","title":{"rendered":"REGATY NA GRAN CANARII"},"content":{"rendered":"\n<p><strong>Na pocz\u0105tku lipca odby\u0142y si\u0119 nadmorskie regaty Pro Sailing Tour w Las Palmas de Gran Canaria na popularnej pla\u017cy Las Canteras w spektakularny naturalny stadion.&nbsp;<\/strong><\/p>\n\n\n\n<p>Lokalna publiczno\u015b\u0107 mog\u0142a podziwia\u0107 siedem trimaran\u00f3w Ocean Fifty rywalizuj\u0105cych zaledwie kilka, kilkana\u015bcie metr\u00f3w od brzegu, a cztery zespo\u0142y podzieli\u0142y si\u0119 zwyci\u0119stwami w czterech zawodach.&nbsp;<\/p>\n\n\n\n<p>W zawodach pop\u0142yn\u0119li te\u017c miejscowi mistrzowie olimpijscy Luis Doreste i Domingo Manrique. Kanaryjscy mistrzowie olimpijscy Luis Doreste (z\u0142oty medal w Los Angeles 1984 i w Barcelonie 1992) i Domingo Manrique (zdoby\u0142 z\u0142oto w Barcelonie 1992).&nbsp;Obaj pop\u0142yn\u0119li na pok\u0142adzie \u0142odzi Leyton i Arkema 4, w kt\u00f3rych rywalizowa\u0142 lokalny cz\u0142onek za\u0142ogi Alejandro Cantero. <\/p>\n\n\n\n<p><strong><em>Foto: prosailingtour.com\/Jacques Vapillon<\/em><\/strong><\/p>\n\n\n\n<figure class=\"wp-block-embed is-type-rich is-provider-twitter wp-block-embed-twitter\"><div class=\"wp-block-embed__wrapper\">\n<blockquote class=\"twitter-tweet\" data-width=\"550\" data-dnt=\"true\"><p lang=\"es\" dir=\"ltr\">\u00a1Qu\u00e9 momentos dej\u00f3 la <a href=\"https:\/\/twitter.com\/ProSailingTour?ref_src=twsrc%5Etfw\">@ProSailingTour<\/a> en Las Palmas de Gran Canaria! \ud83d\udc9b\ud83c\udf34\u26f5\ufe0f <a href=\"https:\/\/t.co\/8ad0pjoiHp\">pic.twitter.com\/8ad0pjoiHp<\/a><\/p>&mdash; Turismo de Las Palmas de Gran Canaria (@LpaVisit) <a href=\"https:\/\/twitter.com\/LpaVisit\/status\/1412354057465966592?ref_src=twsrc%5Etfw\">July 6, 2021<\/a><\/blockquote><script async src=\"https:\/\/platform.twitter.com\/widgets.js\" charset=\"utf-8\"><\/script>\n<\/div><\/figure>\n","protected":false},"excerpt":{"rendered":"<p>Na pocz\u0105tku lipca odby\u0142y si\u0119 nadmorskie regaty Pro Sailing Tour w Las Palmas de Gran Canaria na popularnej pla\u017cy Las Canteras w spektakularny naturalny stadion.&nbsp; Lokalna publiczno\u015b\u0107 mog\u0142a podziwia\u0107 siedem trimaran\u00f3w Ocean Fifty rywalizuj\u0105cych zaledwie kilka, kilkana\u015bcie metr\u00f3w od brzegu, a cztery zespo\u0142y podzieli\u0142y si\u0119 zwyci\u0119stwami w czterech zawodach.&nbsp; W zawodach pop\u0142yn\u0119li te\u017c miejscowi mistrzowie [&hellip;]<\/p>\n","protected":false},"author":2,"featured_media":2133,"comment_status":"closed","ping_status":"open","sticky":false,"template":"","format":"standard","meta":{"om_disable_all_campaigns":false,"_monsterinsights_skip_tracking":false,"_monsterinsights_sitenote_active":false,"_monsterinsights_sitenote_note":"","_monsterinsights_sitenote_category":0,"footnotes":""},"categories":[12],"tags":[],"class_list":["post-2132","post","type-post","status-publish","format-standard","has-post-thumbnail","hentry","category-aktualnosci"],"aioseo_notices":[],"blog_post_layout_featured_media_urls":{"thumbnail":["https:\/\/nakanarach.pl\/wp-content\/uploads\/2021\/07\/Prosailingtour-150x150.jpg",150,150,true],"full":["https:\/\/nakanarach.pl\/wp-content\/uploads\/2021\/07\/Prosailingtour.jpg",1024,669,false]},"categories_names":{"12":{"name":"Aktualno\u015bci","link":"https:\/\/nakanarach.pl\/index.php\/category\/aktualnosci\/"}},"tags_names":[],"comments_number":"0","wpmagazine_modules_lite_featured_media_urls":{"thumbnail":["https:\/\/nakanarach.pl\/wp-content\/uploads\/2021\/07\/Prosailingtour-150x150.jpg",150,150,true],"cvmm-medium":["https:\/\/nakanarach.pl\/wp-content\/uploads\/2021\/07\/Prosailingtour-300x300.jpg",300,300,true],"cvmm-medium-plus":["https:\/\/nakanarach.pl\/wp-content\/uploads\/2021\/07\/Prosailingtour-305x207.jpg",305,207,true],"cvmm-portrait":["https:\/\/nakanarach.pl\/wp-content\/uploads\/2021\/07\/Prosailingtour-400x600.jpg",400,600,true],"cvmm-medium-square":["https:\/\/nakanarach.pl\/wp-content\/uploads\/2021\/07\/Prosailingtour-600x600.jpg",600,600,true],"cvmm-large":["https:\/\/nakanarach.pl\/wp-content\/uploads\/2021\/07\/Prosailingtour.jpg",1024,669,false],"cvmm-small":["https:\/\/nakanarach.pl\/wp-content\/uploads\/2021\/07\/Prosailingtour-130x95.jpg",130,95,true],"full":["https:\/\/nakanarach.pl\/wp-content\/uploads\/2021\/07\/Prosailingtour.jpg",1024,669,false]},"_links":{"self":[{"href":"https:\/\/nakanarach.pl\/index.php\/wp-json\/wp\/v2\/posts\/2132","targetHints":{"allow":["GET"]}}],"collection":[{"href":"https:\/\/nakanarach.pl\/index.php\/wp-json\/wp\/v2\/posts"}],"about":[{"href":"https:\/\/nakanarach.pl\/index.php\/wp-json\/wp\/v2\/types\/post"}],"author":[{"embeddable":true,"href":"https:\/\/nakanarach.pl\/index.php\/wp-json\/wp\/v2\/users\/2"}],"replies":[{"embeddable":true,"href":"https:\/\/nakanarach.pl\/index.php\/wp-json\/wp\/v2\/comments?post=2132"}],"version-history":[{"count":2,"href":"https:\/\/nakanarach.pl\/index.php\/wp-json\/wp\/v2\/posts\/2132\/revisions"}],"predecessor-version":[{"id":2139,"href":"https:\/\/nakanarach.pl\/index.php\/wp-json\/wp\/v2\/posts\/2132\/revisions\/2139"}],"wp:featuredmedia":[{"embeddable":true,"href":"https:\/\/nakanarach.pl\/index.php\/wp-json\/wp\/v2\/media\/2133"}],"wp:attachment":[{"href":"https:\/\/nakanarach.pl\/index.php\/wp-json\/wp\/v2\/media?parent=2132"}],"wp:term":[{"taxonomy":"category","embeddable":true,"href":"https:\/\/nakanarach.pl\/index.php\/wp-json\/wp\/v2\/categories?post=2132"},{"taxonomy":"post_tag","embeddable":true,"href":"https:\/\/nakanarach.pl\/index.php\/wp-json\/wp\/v2\/tags?post=2132"}],"curies":[{"name":"wp","href":"https:\/\/api.w.org\/{rel}","templated":true}]}}