{"id":2263,"date":"2021-07-26T11:21:44","date_gmt":"2021-07-26T10:21:44","guid":{"rendered":"http:\/\/nakanarach.pl\/?p=2263"},"modified":"2021-07-26T11:21:57","modified_gmt":"2021-07-26T10:21:57","slug":"policja-zamknela-miasto-po-masowych-imprezach","status":"publish","type":"post","link":"https:\/\/nakanarach.pl\/index.php\/2021\/07\/26\/policja-zamknela-miasto-po-masowych-imprezach\/","title":{"rendered":"POLICJA ZAMKN\u0118\u0141A MIASTO PO MASOWYCH IMPREZACH"},"content":{"rendered":"\n<p><strong>W miniony weekend, w nocy funkcjonariusze Guardia Civil, Reserve and Security Group (GRS), Departament Ruchu Fuerteventura w Puerto del Rosario, zamkn\u0119li miasto Corralejo, wprowadzaj\u0105c punkty kontroli ruchu, a tak\u017ce obiekt\u00f3w po doniesieniach mieszka\u0144c\u00f3w o t\u0142umach i imprezach w czasie rozprzestrzeniania si\u0119 koronawirusa.<\/strong><\/p>\n\n\n\n<p>Funkcjonariusze informuj\u0105 m.in. o posiadaniu substancji odurzaj\u0105cych, jednym przypadku posiadania broni palnej i dw\u00f3ch wykroczeniach za przekroczenie dozwolonej pojemno\u015bci w miejscach publicznych, a kilka innych za z\u0142amanie innych \u015brodk\u00f3w anty-Covid, w tym brak u\u017cywania maseczek.<\/p>\n\n\n\n<p>Policja poinformowa\u0142a, \u017ce \u200b\u200bza r\u00f3\u017cne wykroczenia na\u0142o\u017cono sankcje i grzywny;\u00a0z powa\u017cniejszymi mandatami przekraczaj\u0105cymi nawet 3 tys. euro.<\/p>\n\n\n\n<figure class=\"wp-block-image size-full\"><img fetchpriority=\"high\" decoding=\"async\" width=\"750\" height=\"415\" src=\"http:\/\/nakanarach.pl\/wp-content\/uploads\/2021\/07\/Fuerteventura-Kontrola2-Fot.-Gaurdia-Civil.jpg\" alt=\"\" class=\"wp-image-2265\" srcset=\"https:\/\/nakanarach.pl\/wp-content\/uploads\/2021\/07\/Fuerteventura-Kontrola2-Fot.-Gaurdia-Civil.jpg 750w, https:\/\/nakanarach.pl\/wp-content\/uploads\/2021\/07\/Fuerteventura-Kontrola2-Fot.-Gaurdia-Civil-300x166.jpg 300w\" sizes=\"(max-width: 750px) 100vw, 750px\" \/><figcaption><strong><em>Akcja na Fuerteventurze Foto. Guardia Civil<\/em><\/strong><\/figcaption><\/figure>\n\n\n\n<p>Fuerteventura 26 lipca przesz\u0142a, podobnie jak Gran Canaria i La Palma na ograniczenia poziomu 3 ze wzgl\u0119du na gwa\u0142towny wzrost infekcji koronawirusa. <\/p>\n\n\n\n<p>La Gomera i Lanzarote s\u0105 na poziomie 2, a El Hierro na poziomie 1.<\/p>\n","protected":false},"excerpt":{"rendered":"<p>W miniony weekend, w nocy funkcjonariusze Guardia Civil, Reserve and Security Group (GRS), Departament Ruchu Fuerteventura w Puerto del Rosario, zamkn\u0119li miasto Corralejo, wprowadzaj\u0105c punkty kontroli ruchu, a tak\u017ce obiekt\u00f3w po doniesieniach mieszka\u0144c\u00f3w o t\u0142umach i imprezach w czasie rozprzestrzeniania si\u0119 koronawirusa. Funkcjonariusze informuj\u0105 m.in. o posiadaniu substancji odurzaj\u0105cych, jednym przypadku posiadania broni palnej i [&hellip;]<\/p>\n","protected":false},"author":2,"featured_media":2264,"comment_status":"closed","ping_status":"open","sticky":false,"template":"","format":"standard","meta":{"om_disable_all_campaigns":false,"_monsterinsights_skip_tracking":false,"_monsterinsights_sitenote_active":false,"_monsterinsights_sitenote_note":"","_monsterinsights_sitenote_category":0,"footnotes":""},"categories":[12,78],"tags":[],"class_list":["post-2263","post","type-post","status-publish","format-standard","has-post-thumbnail","hentry","category-aktualnosci","category-interwencje"],"aioseo_notices":[],"blog_post_layout_featured_media_urls":{"thumbnail":["https:\/\/nakanarach.pl\/wp-content\/uploads\/2021\/07\/Fuerteventura-Kontrola1-Fot.-Gaurdia-Civil-150x150.jpg",150,150,true],"full":["https:\/\/nakanarach.pl\/wp-content\/uploads\/2021\/07\/Fuerteventura-Kontrola1-Fot.-Gaurdia-Civil.jpg",1302,715,false]},"categories_names":{"12":{"name":"Aktualno\u015bci","link":"https:\/\/nakanarach.pl\/index.php\/category\/aktualnosci\/"},"78":{"name":"Interwencje","link":"https:\/\/nakanarach.pl\/index.php\/category\/interwencje\/"}},"tags_names":[],"comments_number":"0","wpmagazine_modules_lite_featured_media_urls":{"thumbnail":["https:\/\/nakanarach.pl\/wp-content\/uploads\/2021\/07\/Fuerteventura-Kontrola1-Fot.-Gaurdia-Civil-150x150.jpg",150,150,true],"cvmm-medium":["https:\/\/nakanarach.pl\/wp-content\/uploads\/2021\/07\/Fuerteventura-Kontrola1-Fot.-Gaurdia-Civil-300x300.jpg",300,300,true],"cvmm-medium-plus":["https:\/\/nakanarach.pl\/wp-content\/uploads\/2021\/07\/Fuerteventura-Kontrola1-Fot.-Gaurdia-Civil-305x207.jpg",305,207,true],"cvmm-portrait":["https:\/\/nakanarach.pl\/wp-content\/uploads\/2021\/07\/Fuerteventura-Kontrola1-Fot.-Gaurdia-Civil-400x600.jpg",400,600,true],"cvmm-medium-square":["https:\/\/nakanarach.pl\/wp-content\/uploads\/2021\/07\/Fuerteventura-Kontrola1-Fot.-Gaurdia-Civil-600x600.jpg",600,600,true],"cvmm-large":["https:\/\/nakanarach.pl\/wp-content\/uploads\/2021\/07\/Fuerteventura-Kontrola1-Fot.-Gaurdia-Civil-1024x715.jpg",1024,715,true],"cvmm-small":["https:\/\/nakanarach.pl\/wp-content\/uploads\/2021\/07\/Fuerteventura-Kontrola1-Fot.-Gaurdia-Civil-130x95.jpg",130,95,true],"full":["https:\/\/nakanarach.pl\/wp-content\/uploads\/2021\/07\/Fuerteventura-Kontrola1-Fot.-Gaurdia-Civil.jpg",1302,715,false]},"_links":{"self":[{"href":"https:\/\/nakanarach.pl\/index.php\/wp-json\/wp\/v2\/posts\/2263","targetHints":{"allow":["GET"]}}],"collection":[{"href":"https:\/\/nakanarach.pl\/index.php\/wp-json\/wp\/v2\/posts"}],"about":[{"href":"https:\/\/nakanarach.pl\/index.php\/wp-json\/wp\/v2\/types\/post"}],"author":[{"embeddable":true,"href":"https:\/\/nakanarach.pl\/index.php\/wp-json\/wp\/v2\/users\/2"}],"replies":[{"embeddable":true,"href":"https:\/\/nakanarach.pl\/index.php\/wp-json\/wp\/v2\/comments?post=2263"}],"version-history":[{"count":1,"href":"https:\/\/nakanarach.pl\/index.php\/wp-json\/wp\/v2\/posts\/2263\/revisions"}],"predecessor-version":[{"id":2266,"href":"https:\/\/nakanarach.pl\/index.php\/wp-json\/wp\/v2\/posts\/2263\/revisions\/2266"}],"wp:featuredmedia":[{"embeddable":true,"href":"https:\/\/nakanarach.pl\/index.php\/wp-json\/wp\/v2\/media\/2264"}],"wp:attachment":[{"href":"https:\/\/nakanarach.pl\/index.php\/wp-json\/wp\/v2\/media?parent=2263"}],"wp:term":[{"taxonomy":"category","embeddable":true,"href":"https:\/\/nakanarach.pl\/index.php\/wp-json\/wp\/v2\/categories?post=2263"},{"taxonomy":"post_tag","embeddable":true,"href":"https:\/\/nakanarach.pl\/index.php\/wp-json\/wp\/v2\/tags?post=2263"}],"curies":[{"name":"wp","href":"https:\/\/api.w.org\/{rel}","templated":true}]}}