{"id":2297,"date":"2021-08-02T12:27:06","date_gmt":"2021-08-02T11:27:06","guid":{"rendered":"http:\/\/nakanarach.pl\/?p=2297"},"modified":"2021-08-11T14:20:16","modified_gmt":"2021-08-11T13:20:16","slug":"polscy-medalisci-z-tokyo-trenowali-na-teneryfie","status":"publish","type":"post","link":"https:\/\/nakanarach.pl\/index.php\/2021\/08\/02\/polscy-medalisci-z-tokyo-trenowali-na-teneryfie\/","title":{"rendered":"POLSCY MEDALI\u015aCI Z TOKYO TRENOWALI NA TENERYFIE"},"content":{"rendered":"\n<pre id=\"tw-target-text\" class=\"wp-block-preformatted has-normal-font-size\"><strong>Karol Zalewski, Natalia Kaczmarek, Justyna \u015awi\u0119ty-Ersetic i Kajetan Duszy\u0144ski, kt\u00f3rzy pobiegli w finale, na Stadionie Olimpijskim w Tokio odebrali pod koniec lipca z\u0142ote medale za zwyci\u0119stwo w sztafecie mieszanej 4x400 metr\u00f3w. Wcze\u015bniej trenowali przez kilka tygodni na Teneryfie. \n<\/strong>\nObiekt sportowy na tej wyspie od dawna jest celem mistrz\u00f3w, kt\u00f3rzy chc\u0105 wzmocni\u0107 sw\u00f3j trening przed wielkim wydarzeniem. W przesz\u0142o\u015bci na Teneryfie trenowali bokserzy, rowerzy\u015bci, sportowcy i ca\u0142e dru\u017cyny pi\u0142karskie. Zawodnik\u00f3w mo\u017cna by\u0142o spotka\u0107 podczas \u0107wicze\u0144 na stadionie Arona, T3 w Costa Adeje lub na wysoko\u015bci w Parku Narodowym Teide.\n\nNowy mistrz w biegu na 100 metr\u00f3w, Lamont Marcell Jacobs, nie jest wyj\u0105tkiem, poniewa\u017c trenowa\u0142 na po\u0142udniu wyspy przez ponad miesi\u0105c, przygotowuj\u0105c si\u0119 do igrzysk w Tokio. 26-latek pokona\u0142 boisko na Stadionie Narodowym w Tokio, z nowym europejskim rekordem 9,80 sekundy, pokonuj\u0105c Freda Kerleya i Andr\u00e9 De Grasse. Niekt\u00f3rzy okre\u015blaj\u0105 go jako nast\u0119pc\u0119 najlepszego biegacza na \u015bwiecie Usaina Bolta. \nJacobs przylecia\u0142 na Teneryf\u0119 w drugi dzie\u0144 \u015bwi\u0105t Bo\u017cego Narodzenia i przez miesi\u0105c pokonywa\u0142 tor lekkoatletyczny Antonio Dom\u00edngueza w Playa Las Americas, \u0107wicz\u0105c starty 4 pas na 100-metrowej cz\u0119\u015bci toru. \n\nBurmistrz Arony, Jose Julian Mena, wys\u0142a\u0142 osobist\u0105 wiadomo\u015b\u0107, nie tylko do sprintera olimpijskiego, kt\u00f3ry jest teraz luksusowym ambasadorem Arony, ale do innych sportowc\u00f3w, kt\u00f3rzy r\u00f3wnie\u017c trenowali tutaj w Aronie, w kt\u00f3rej brzmia\u0142:\n\nNa Teneryfie trenowa\u0142 te\u017c srebrna medalistka wyst\u0119puj\u0105ca w barwach Hiszpanii Adriana Cerezo, kt\u00f3ra zdoby\u0142a pierwszy medal dla tego kraju w Taekwondo podczas imprezy w Tokio. Ostatnia cz\u0119\u015b\u0107 jej przygotowa\u0144 odby\u0142a si\u0119 w pawilonie wielofunkcyjnym w Aronie.\n\nZ kolei holenderska kolarka Annemiek van Vleuten to najnowszy dow\u00f3d na to, \u017ce Teide to tak\u017ce jedno z najlepszych miejsc na \u015bwiecie do przygotowania si\u0119 dla sportowc\u00f3w na wysokim poziomie. Kolarka zosta\u0142a mistrzem olimpijskim w je\u017adzie na czas w Tokio, b\u0119d\u0105c najszybszy\u0105 na torze 22,1 kilometra z 423 metrami nagromadzonych nier\u00f3wno\u015bci.\n\nHolenderka by\u0142a w marcu na Teneryfie przygotowuj\u0105c si\u0119 do Igrzysk w Tokio i mo\u017cna j\u0105 by\u0142o zobaczy\u0107 na rowerze w Masca, na Teide i w La Punta. Pod\u0105\u017ca \u015bladami Chrisa Froome'a, Bradleya Wigginsa i braci Brownlee, kt\u00f3rzy wszyscy tutaj trenowali, zanim je\u017adzili na rowerze do chwa\u0142y.\n\nNa po\u0142udniu tej wyspy trenowali te\u017c mistrzowie \u015bwiata w boksie m.in. Nigel Benn i Frank Bruno, trenowali tutaj, na po\u0142udniu Teneryfy, z treningiem wysoko\u015bciowym na Teide.<strong> <\/strong>\n<strong>\nFoto: Twitter<\/strong>\n<\/pre>\n","protected":false},"excerpt":{"rendered":"<p>Karol Zalewski, Natalia Kaczmarek, Justyna \u015awi\u0119ty-Ersetic i Kajetan Duszy\u0144ski, kt\u00f3rzy pobiegli w finale, na Stadionie Olimpijskim w Tokio odebrali pod koniec lipca z\u0142ote medale za zwyci\u0119stwo w sztafecie mieszanej 4&#215;400 metr\u00f3w. Wcze\u015bniej trenowali przez kilka tygodni na Teneryfie. Obiekt sportowy na tej wyspie od dawna jest celem mistrz\u00f3w, kt\u00f3rzy chc\u0105 wzmocni\u0107 sw\u00f3j trening przed wielkim [&hellip;]<\/p>\n","protected":false},"author":2,"featured_media":2300,"comment_status":"closed","ping_status":"open","sticky":false,"template":"","format":"standard","meta":{"om_disable_all_campaigns":false,"_monsterinsights_skip_tracking":false,"_monsterinsights_sitenote_active":false,"_monsterinsights_sitenote_note":"","_monsterinsights_sitenote_category":0,"footnotes":""},"categories":[79],"tags":[],"class_list":["post-2297","post","type-post","status-publish","format-standard","has-post-thumbnail","hentry","category-wiecej-informacji"],"aioseo_notices":[],"blog_post_layout_featured_media_urls":{"thumbnail":["https:\/\/nakanarach.pl\/wp-content\/uploads\/2021\/08\/Teneryfa-Stadion-Arona-Fot.-Twitter-150x150.jpg",150,150,true],"full":["https:\/\/nakanarach.pl\/wp-content\/uploads\/2021\/08\/Teneryfa-Stadion-Arona-Fot.-Twitter.jpg",640,502,false]},"categories_names":{"79":{"name":"Wi\u0119cej informacji","link":"https:\/\/nakanarach.pl\/index.php\/category\/wiecej-informacji\/"}},"tags_names":[],"comments_number":"0","wpmagazine_modules_lite_featured_media_urls":{"thumbnail":["https:\/\/nakanarach.pl\/wp-content\/uploads\/2021\/08\/Teneryfa-Stadion-Arona-Fot.-Twitter-150x150.jpg",150,150,true],"cvmm-medium":["https:\/\/nakanarach.pl\/wp-content\/uploads\/2021\/08\/Teneryfa-Stadion-Arona-Fot.-Twitter-300x300.jpg",300,300,true],"cvmm-medium-plus":["https:\/\/nakanarach.pl\/wp-content\/uploads\/2021\/08\/Teneryfa-Stadion-Arona-Fot.-Twitter-305x207.jpg",305,207,true],"cvmm-portrait":["https:\/\/nakanarach.pl\/wp-content\/uploads\/2021\/08\/Teneryfa-Stadion-Arona-Fot.-Twitter-400x502.jpg",400,502,true],"cvmm-medium-square":["https:\/\/nakanarach.pl\/wp-content\/uploads\/2021\/08\/Teneryfa-Stadion-Arona-Fot.-Twitter-600x502.jpg",600,502,true],"cvmm-large":["https:\/\/nakanarach.pl\/wp-content\/uploads\/2021\/08\/Teneryfa-Stadion-Arona-Fot.-Twitter.jpg",640,502,false],"cvmm-small":["https:\/\/nakanarach.pl\/wp-content\/uploads\/2021\/08\/Teneryfa-Stadion-Arona-Fot.-Twitter-130x95.jpg",130,95,true],"full":["https:\/\/nakanarach.pl\/wp-content\/uploads\/2021\/08\/Teneryfa-Stadion-Arona-Fot.-Twitter.jpg",640,502,false]},"_links":{"self":[{"href":"https:\/\/nakanarach.pl\/index.php\/wp-json\/wp\/v2\/posts\/2297","targetHints":{"allow":["GET"]}}],"collection":[{"href":"https:\/\/nakanarach.pl\/index.php\/wp-json\/wp\/v2\/posts"}],"about":[{"href":"https:\/\/nakanarach.pl\/index.php\/wp-json\/wp\/v2\/types\/post"}],"author":[{"embeddable":true,"href":"https:\/\/nakanarach.pl\/index.php\/wp-json\/wp\/v2\/users\/2"}],"replies":[{"embeddable":true,"href":"https:\/\/nakanarach.pl\/index.php\/wp-json\/wp\/v2\/comments?post=2297"}],"version-history":[{"count":1,"href":"https:\/\/nakanarach.pl\/index.php\/wp-json\/wp\/v2\/posts\/2297\/revisions"}],"predecessor-version":[{"id":2301,"href":"https:\/\/nakanarach.pl\/index.php\/wp-json\/wp\/v2\/posts\/2297\/revisions\/2301"}],"wp:featuredmedia":[{"embeddable":true,"href":"https:\/\/nakanarach.pl\/index.php\/wp-json\/wp\/v2\/media\/2300"}],"wp:attachment":[{"href":"https:\/\/nakanarach.pl\/index.php\/wp-json\/wp\/v2\/media?parent=2297"}],"wp:term":[{"taxonomy":"category","embeddable":true,"href":"https:\/\/nakanarach.pl\/index.php\/wp-json\/wp\/v2\/categories?post=2297"},{"taxonomy":"post_tag","embeddable":true,"href":"https:\/\/nakanarach.pl\/index.php\/wp-json\/wp\/v2\/tags?post=2297"}],"curies":[{"name":"wp","href":"https:\/\/api.w.org\/{rel}","templated":true}]}}