{"id":2323,"date":"2021-08-09T14:55:17","date_gmt":"2021-08-09T13:55:17","guid":{"rendered":"http:\/\/nakanarach.pl\/?p=2323"},"modified":"2021-08-09T14:56:53","modified_gmt":"2021-08-09T13:56:53","slug":"samotny-kajakarz-wymagal-pomocy","status":"publish","type":"post","link":"https:\/\/nakanarach.pl\/index.php\/2021\/08\/09\/samotny-kajakarz-wymagal-pomocy\/","title":{"rendered":"SAMOTNY KAJAKARZ WYMAGA\u0141 POMOCY"},"content":{"rendered":"\n<p><strong>Guardia Civil wys\u0142a\u0142a na ocean swoj\u0105 \u0142\u00f3d\u017a patrolow\u0105 Ratownictwa Morskiego, aby uratowa\u0107 cz\u0142owieka, kt\u00f3ry zagin\u0105\u0142 na morzu w wypo\u017cyczonym kajaku na wyspie Lanzarote. <\/strong><\/p>\n\n\n\n<p>O zagini\u0119ciu m\u0119\u017cczyzny powiadomili s\u0142u\u017cby ratunkowe pracownicy wypo\u017cyczalni \u0142odzi w Playa Blanca na Lanzarote, kt\u00f3rzy stwierdzili, \u017ce kajakarz po samotnym rejsie nie wr\u00f3ci\u0142 na brzeg. Wcze\u015bniej ostrzegano go o silnych falach i pr\u0105dach, ale nie zdo\u0142a\u0142 on wr\u00f3ci\u0107 do bazy. <\/p>\n\n\n\n<p>Helikopter ratowniczy GES i \u0142\u00f3d\u017a patrolowa Guardia Civil zlokalizowa\u0142y zm\u0119czonego m\u0119\u017cczyzn\u0119 w kajaku, 4,9 mil od Fuerteventury (ok. 9 kilometr\u00f3w), poniewa\u017c by\u0142 niesiony przez pr\u0105dy i silne fale, kt\u00f3re utrudnia\u0142y ratunek poszkodowanego.<\/p>\n\n\n\n<figure class=\"wp-block-embed is-type-video is-provider-youtube wp-block-embed-youtube wp-embed-aspect-16-9 wp-has-aspect-ratio\"><div class=\"wp-block-embed__wrapper\">\n<iframe title=\"Rescatan a un turista de un kayak a la deriva a 2,9 millas de Fuerteventura\" width=\"640\" height=\"360\" src=\"https:\/\/www.youtube.com\/embed\/-ORc0fFnHKo?feature=oembed\" frameborder=\"0\" allow=\"accelerometer; autoplay; clipboard-write; encrypted-media; gyroscope; picture-in-picture; web-share\" referrerpolicy=\"strict-origin-when-cross-origin\" allowfullscreen><\/iframe>\n<\/div><figcaption>Video: Guardia Civil<\/figcaption><\/figure>\n\n\n\n<p>Kajakarza uda\u0142o si\u0119 uratowa\u0107 i m\u00f3g\u0142 on bezpiecznie wr\u00f3ci\u0107 do Playa Blanca, gdzie zosta\u0142 przebadany. Mia\u0142 oparzenia od promieni s\u0142onecznych i odwodnienie organizmu po kilkugodzinnym samotnym przebywaniu na Atlantyku.<\/p>\n\n\n\n<p><strong><em>Foto: Guardia Civil<\/em><\/strong><\/p>\n","protected":false},"excerpt":{"rendered":"<p>Guardia Civil wys\u0142a\u0142a na ocean swoj\u0105 \u0142\u00f3d\u017a patrolow\u0105 Ratownictwa Morskiego, aby uratowa\u0107 cz\u0142owieka, kt\u00f3ry zagin\u0105\u0142 na morzu w wypo\u017cyczonym kajaku na wyspie Lanzarote. O zagini\u0119ciu m\u0119\u017cczyzny powiadomili s\u0142u\u017cby ratunkowe pracownicy wypo\u017cyczalni \u0142odzi w Playa Blanca na Lanzarote, kt\u00f3rzy stwierdzili, \u017ce kajakarz po samotnym rejsie nie wr\u00f3ci\u0142 na brzeg. Wcze\u015bniej ostrzegano go o silnych falach i [&hellip;]<\/p>\n","protected":false},"author":2,"featured_media":2325,"comment_status":"closed","ping_status":"open","sticky":false,"template":"","format":"standard","meta":{"om_disable_all_campaigns":false,"_monsterinsights_skip_tracking":false,"_monsterinsights_sitenote_active":false,"_monsterinsights_sitenote_note":"","_monsterinsights_sitenote_category":0,"footnotes":""},"categories":[12,78],"tags":[],"class_list":["post-2323","post","type-post","status-publish","format-standard","has-post-thumbnail","hentry","category-aktualnosci","category-interwencje"],"aioseo_notices":[],"blog_post_layout_featured_media_urls":{"thumbnail":["https:\/\/nakanarach.pl\/wp-content\/uploads\/2021\/08\/Kajakarz-150x150.jpg",150,150,true],"full":["https:\/\/nakanarach.pl\/wp-content\/uploads\/2021\/08\/Kajakarz.jpg",1052,600,false]},"categories_names":{"12":{"name":"Aktualno\u015bci","link":"https:\/\/nakanarach.pl\/index.php\/category\/aktualnosci\/"},"78":{"name":"Interwencje","link":"https:\/\/nakanarach.pl\/index.php\/category\/interwencje\/"}},"tags_names":[],"comments_number":"0","wpmagazine_modules_lite_featured_media_urls":{"thumbnail":["https:\/\/nakanarach.pl\/wp-content\/uploads\/2021\/08\/Kajakarz-150x150.jpg",150,150,true],"cvmm-medium":["https:\/\/nakanarach.pl\/wp-content\/uploads\/2021\/08\/Kajakarz-300x300.jpg",300,300,true],"cvmm-medium-plus":["https:\/\/nakanarach.pl\/wp-content\/uploads\/2021\/08\/Kajakarz-305x207.jpg",305,207,true],"cvmm-portrait":["https:\/\/nakanarach.pl\/wp-content\/uploads\/2021\/08\/Kajakarz-400x600.jpg",400,600,true],"cvmm-medium-square":["https:\/\/nakanarach.pl\/wp-content\/uploads\/2021\/08\/Kajakarz-600x600.jpg",600,600,true],"cvmm-large":["https:\/\/nakanarach.pl\/wp-content\/uploads\/2021\/08\/Kajakarz-1024x600.jpg",1024,600,true],"cvmm-small":["https:\/\/nakanarach.pl\/wp-content\/uploads\/2021\/08\/Kajakarz-130x95.jpg",130,95,true],"full":["https:\/\/nakanarach.pl\/wp-content\/uploads\/2021\/08\/Kajakarz.jpg",1052,600,false]},"_links":{"self":[{"href":"https:\/\/nakanarach.pl\/index.php\/wp-json\/wp\/v2\/posts\/2323","targetHints":{"allow":["GET"]}}],"collection":[{"href":"https:\/\/nakanarach.pl\/index.php\/wp-json\/wp\/v2\/posts"}],"about":[{"href":"https:\/\/nakanarach.pl\/index.php\/wp-json\/wp\/v2\/types\/post"}],"author":[{"embeddable":true,"href":"https:\/\/nakanarach.pl\/index.php\/wp-json\/wp\/v2\/users\/2"}],"replies":[{"embeddable":true,"href":"https:\/\/nakanarach.pl\/index.php\/wp-json\/wp\/v2\/comments?post=2323"}],"version-history":[{"count":1,"href":"https:\/\/nakanarach.pl\/index.php\/wp-json\/wp\/v2\/posts\/2323\/revisions"}],"predecessor-version":[{"id":2324,"href":"https:\/\/nakanarach.pl\/index.php\/wp-json\/wp\/v2\/posts\/2323\/revisions\/2324"}],"wp:featuredmedia":[{"embeddable":true,"href":"https:\/\/nakanarach.pl\/index.php\/wp-json\/wp\/v2\/media\/2325"}],"wp:attachment":[{"href":"https:\/\/nakanarach.pl\/index.php\/wp-json\/wp\/v2\/media?parent=2323"}],"wp:term":[{"taxonomy":"category","embeddable":true,"href":"https:\/\/nakanarach.pl\/index.php\/wp-json\/wp\/v2\/categories?post=2323"},{"taxonomy":"post_tag","embeddable":true,"href":"https:\/\/nakanarach.pl\/index.php\/wp-json\/wp\/v2\/tags?post=2323"}],"curies":[{"name":"wp","href":"https:\/\/api.w.org\/{rel}","templated":true}]}}