{"id":2363,"date":"2021-08-24T12:39:41","date_gmt":"2021-08-24T11:39:41","guid":{"rendered":"http:\/\/nakanarach.pl\/?p=2363"},"modified":"2021-08-27T10:06:34","modified_gmt":"2021-08-27T09:06:34","slug":"coraz-wiecej-imigrantow-z-afryki-przybywa-na-kanary","status":"publish","type":"post","link":"https:\/\/nakanarach.pl\/index.php\/2021\/08\/24\/coraz-wiecej-imigrantow-z-afryki-przybywa-na-kanary\/","title":{"rendered":"CORAZ WI\u0118CEJ IMIGRANT\u00d3W Z AFRYKI PRZYBYWA NA KANARY"},"content":{"rendered":"\n<p><strong>Odbi\u0142 si\u0119 wzrost liczby nielegalnych imigrant\u00f3w przybywaj\u0105cych na Wyspy Kanaryjskie \u0142odziami z Afryki Zachodniej w ostatnim miesi\u0105cu. Organizacje pozarz\u0105dowe ostrzegaj\u0105, \u017ce zbli\u017ca si\u0119 nowa fala przyjazd\u00f3w, poniewa\u017c korzystniejsze warunki na morzu zach\u0119caj\u0105 ludzi do ryzyka i podr\u00f3\u017c do \u201elepszego \u017cycia\u201d.<\/strong> <strong>Wed\u0142ug prognoz liczba przyjazd\u00f3w wzro\u015bnie we wrze\u015bniu, poniewa\u017c morze zawsze si\u0119 uspokaja o tej porze roku, z okresem stabilno\u015bci meteorologicznej dla wysp, gdzie pasaty trac\u0105 si\u0142\u0119, temperatura wody jest nadal przyjemna, a adwekcje na Saharze nie wyst\u0119puj\u0105, dodatkowo czyste niebo sprzyja nawigacji.<\/strong><\/p>\n\n\n\n<p>Niemal codziennie w kanaryjskich mediach pojawiaj\u0105 si\u0119 informacje o kolejnych \u0142odziach z imigrantami z Afryki. W ostatnim miesi\u0105cu na kilkunastu \u0142odziach wi\u0119kszo\u015b\u0107 trafi\u0142a na Gran Canari\u0119 i Teneryf\u0119, na Fuerteventur\u0119, a najmniej ostatnie na Lanzarote, El Hierro i La Graciosa.<\/p>\n\n\n\n<p>Pod koniec sierpnia 2021 roku statek ratownictwa morskiego i statek rybacki Ave Mar\u00eda II uratowa\u0142y 65 imigrant\u00f3w z \u0142odzi, kt\u00f3ra zaton\u0119\u0142a 65 kilometr\u00f3w od Fuerteventury, z kt\u00f3rych siedem os\u00f3b by\u0142o ju\u017c w wodzie. Kolejna \u0142\u00f3d\u017a z 117 osobami pochodzenia subsaharyjskiego na pok\u0142adzie dotar\u0142a w po\u0142udnie do doku La Restinga na wyspie El Hierro po sze\u015bciu dniach \u017ceglugi&nbsp;i z mo\u017cliwym wyp\u0142yni\u0119ciem z Saint Louis w Senegalu &#8211; poinformowa\u0142a organizacja Efe.<\/p>\n\n\n\n<p>Szlak kanaryjski przez ocean nale\u017cy do najniebezpieczniejszych na \u015bwiecie, ze wzgl\u0119du na silne pr\u0105dy morskie. Maureta\u0144ska stra\u017c przybrze\u017cna&nbsp;uratowa\u0142a siedmiu subsaharyjskich migrant\u00f3w z \u0142odzi p\u0142yn\u0105cej na Wyspy Kanaryjskie, kt\u00f3ra odp\u0142yn\u0119\u0142a dwa tygodnie temu&nbsp;i kt\u00f3r\u0105 podr\u00f3\u017cowa\u0142o oko\u0142o 40 innych os\u00f3b, kt\u00f3re zgin\u0119\u0142y na \u0142odzi, gdy zabrak\u0142o im \u017cywno\u015bci lub wody.<\/p>\n\n\n\n<p>Kolejna osoba zgin\u0119\u0142a w oceanie 25 sierpnia. \u0141\u00f3d\u017a ratunkowa \u201eConcepci\u00f3n Arenal\u201d od Salvamento Maritimo skierowana oko\u0142o 30 kilometr\u00f3w na po\u0142udnie od stolicy Lanzarote, Arrecife, gdzie trwaj\u0105 poszukiwania kilkunastu pasa\u017cer\u00f3w, kt\u00f3rzy znikn\u0119li w morzu w \u015brodku ciemno\u015bci,&nbsp;gdy&nbsp;ich \u0142\u00f3d\u017a&nbsp;zaton\u0119\u0142a.<\/p>\n\n\n\n<p>Grupa Red Canaria na rzecz praw migrant\u00f3w uwa\u017ca, \u017ce \u200b\u200bobecna infrastruktura nie gwarantuje godnego przyj\u0119cia nowo przyby\u0142ych, a brak powa\u017cnych konflikt\u00f3w w ostatnich miesi\u0105cach wynika z wi\u0119kszej elastyczno\u015bci tranzytu na lotniskach i skierowa\u0144 na l\u0105d. Imigranci na Wyspach Kanaryjskich nie s\u0105 ju\u017c kierowani do ekskluzywnych hoteli, co budzi\u0142o sprzeciw zar\u00f3wno wypoczywaj\u0105cych tu\u017c obok turyst\u00f3w, a tak\u017ce samorz\u0105d\u00f3w jak i samych mieszka\u0144c\u00f3w Wysp Kanaryjskich, kt\u00f3rzy w obliczu si\u0119gaj\u0105cego prawie 40 procent bezrobocia protestowali przeciwko ich obecno\u015bci. Ale i imigranci g\u0142\u00f3wnie z Maroka prowadzili strajk g\u0142odowy, po tym, jak nie mogli dosta\u0107 si\u0119 na kontynent. Przewodnicz\u0105cy rady miejskiej na Gran Canarii Antonio Morales napisa\u0142 do rz\u0105du w Madrycie oraz do Komisji Europejskiej, aby &#8222;nie robiono z wyspy wi\u0119zienia dla imigrant\u00f3w&#8221;, tak jak sta\u0142o si\u0119 to &#8211; jego zdaniem &#8211; z greck\u0105 wysp\u0105 Lesbos czy w\u0142osk\u0105 Lampedus\u0105. Podczas wakacji 2021 roku imigrant\u00f3w praktycznie nie spotyka si\u0119 w po\u0142udniowych miejscowo\u015bciach turystycznych np. na Gran Canarii.<\/p>\n\n\n\n<p>W\u015br\u00f3d powod\u00f3w masowego nap\u0142ywu imigrant\u00f3w, kt\u00f3re wskazuj\u0105 organizacje, jest wi\u0119ksza lub mniejsza kontrola policyjna na granicach lub odrodzenie kryzysu rybackiego w Senegalu to jedna z najcz\u0119stszych narodowo\u015bci na najnowszych \u0142odziach. Wynika to z coraz wi\u0119kszego ub\u00f3stwa i ucieczki m\u0142odych ludzi. Jednocze\u015bnie zorganizowane mafie oferuj\u0105 coraz bardziej niepewne i niebezpieczne \u0142odzie do przeprawy na Wyspy Kanaryjskie.<\/p>\n\n\n\n<p>W\u0142adze Kanar\u00f3w otaczaj\u0105 opiek\u0105 tylko osoby nieletnie do 18 roku \u017cycia. Po uko\u0144czeniu tego wieku m\u0142odzi ludzie musz\u0105 opu\u015bci\u0107 o\u015brodki, co pogarsza ich sytuacj\u0119, bo pozostaj\u0105 bez dokument\u00f3w i nie mog\u0105 pracowa\u0107, ale tak\u017ce staj\u0105 si\u0119 bezdomnymi.&nbsp;Przeprowadza si\u0119 te\u017c coraz wi\u0119cej bada\u0144 ko\u015bci, co wskazuje, \u017ce nie ka\u017cdy imigrant, kt\u00f3ry twierdzi\u0142 \u017ce jest nieletnim faktycznie nie mia\u0142 uko\u0144czonych 18 lat. Tak\u017ce obecne wymogi, polegaj\u0105ce na deklarowaniu dochod\u00f3w przekraczaj\u0105cych 500 euro miesi\u0119cznie, s\u0105 \u201enie do spe\u0142nienia\u201d. Dlatego sytuacja z imigrantami staje si\u0119 coraz bardziej patowa.<\/p>\n\n\n\n<ul class=\"wp-block-list\"><li><em>Do 31 lipca 2021 zanotowano na Wyspach Kanaryjskich wzrost nielegalnych imigrant\u00f3w o 136% w por\u00f3wnaniu z analogicznym okresie ubieg\u0142ego roku.<\/em><\/li><li><em>Obecnie oko\u0142o 20% z 7000 miejsc w Planie Wysp Kanaryjskich jest zaj\u0119tych na opiek\u0119 migracyjn\u0105.<\/em><\/li><\/ul>\n\n\n\n<p>Tymczasem gazeta S\u00fcddeutsche Zeitung pisze, \u017ce Niemcy potrzebuj\u0105 co najmniej 400 tys. imigrant\u00f3w rocznie, aby zaspokoi\u0107 swoje potrzeby na rynku pracy.&nbsp;Prezes Federalnej Agencji Zatrudnienia (BA), Detlef Scheele, ostrzeg\u0142, \u017ce g\u0142\u00f3wna gospodarka Unii Europejskiej cierpi z powodu braku wyspecjalizowanych pracownik\u00f3w w szeregu sektor\u00f3w przemys\u0142owych o strategicznym charakterze.&nbsp;Doda\u0142 on, \u017ce nie chodzi o otwarcie granic dla wi\u0119kszej liczby uchod\u017ac\u00f3w, ale o u\u0142atwienie \u201euporz\u0105dkowanej i ukierunkowanej imigracji, aby wype\u0142ni\u0107 luki na rynku pracy\u201d.&nbsp;Prezes organu publicznego zapewnia, \u017ce \u200b\u200bbrakuje wyszkolonej i wykszta\u0142conej si\u0142y roboczej praktycznie we wszystkich sektorach, \u201eod opieki nad osobami starszymi, po specjalist\u00f3w od klimatyzacji, poprzez logistyk\u0119 i nauk\u0119\u201d &#8211; pisze niemiecka gazeta.<\/p>\n\n\n\n<p><strong><em>Foto: Twitter\/Efe Canarias<\/em><\/strong><\/p>\n\n\n\n<p><\/p>\n","protected":false},"excerpt":{"rendered":"<p>Odbi\u0142 si\u0119 wzrost liczby nielegalnych imigrant\u00f3w przybywaj\u0105cych na Wyspy Kanaryjskie \u0142odziami z Afryki Zachodniej w ostatnim miesi\u0105cu. Organizacje pozarz\u0105dowe ostrzegaj\u0105, \u017ce zbli\u017ca si\u0119 nowa fala przyjazd\u00f3w, poniewa\u017c korzystniejsze warunki na morzu zach\u0119caj\u0105 ludzi do ryzyka i podr\u00f3\u017c do \u201elepszego \u017cycia\u201d. Wed\u0142ug prognoz liczba przyjazd\u00f3w wzro\u015bnie we wrze\u015bniu, poniewa\u017c morze zawsze si\u0119 uspokaja o tej porze [&hellip;]<\/p>\n","protected":false},"author":2,"featured_media":2020,"comment_status":"closed","ping_status":"open","sticky":false,"template":"","format":"standard","meta":{"om_disable_all_campaigns":false,"_monsterinsights_skip_tracking":false,"_monsterinsights_sitenote_active":false,"_monsterinsights_sitenote_note":"","_monsterinsights_sitenote_category":0,"footnotes":""},"categories":[79],"tags":[],"class_list":["post-2363","post","type-post","status-publish","format-standard","has-post-thumbnail","hentry","category-wiecej-informacji"],"aioseo_notices":[],"blog_post_layout_featured_media_urls":{"thumbnail":["https:\/\/nakanarach.pl\/wp-content\/uploads\/2021\/06\/Imigranci-Patera-Fot.-Efe-Canarias-150x150.jpg",150,150,true],"full":["https:\/\/nakanarach.pl\/wp-content\/uploads\/2021\/06\/Imigranci-Patera-Fot.-Efe-Canarias.jpg",600,400,false]},"categories_names":{"79":{"name":"Wi\u0119cej informacji","link":"https:\/\/nakanarach.pl\/index.php\/category\/wiecej-informacji\/"}},"tags_names":[],"comments_number":"0","wpmagazine_modules_lite_featured_media_urls":{"thumbnail":["https:\/\/nakanarach.pl\/wp-content\/uploads\/2021\/06\/Imigranci-Patera-Fot.-Efe-Canarias-150x150.jpg",150,150,true],"cvmm-medium":["https:\/\/nakanarach.pl\/wp-content\/uploads\/2021\/06\/Imigranci-Patera-Fot.-Efe-Canarias-300x300.jpg",300,300,true],"cvmm-medium-plus":["https:\/\/nakanarach.pl\/wp-content\/uploads\/2021\/06\/Imigranci-Patera-Fot.-Efe-Canarias-305x207.jpg",305,207,true],"cvmm-portrait":["https:\/\/nakanarach.pl\/wp-content\/uploads\/2021\/06\/Imigranci-Patera-Fot.-Efe-Canarias-400x400.jpg",400,400,true],"cvmm-medium-square":["https:\/\/nakanarach.pl\/wp-content\/uploads\/2021\/06\/Imigranci-Patera-Fot.-Efe-Canarias.jpg",600,400,false],"cvmm-large":["https:\/\/nakanarach.pl\/wp-content\/uploads\/2021\/06\/Imigranci-Patera-Fot.-Efe-Canarias.jpg",600,400,false],"cvmm-small":["https:\/\/nakanarach.pl\/wp-content\/uploads\/2021\/06\/Imigranci-Patera-Fot.-Efe-Canarias-130x95.jpg",130,95,true],"full":["https:\/\/nakanarach.pl\/wp-content\/uploads\/2021\/06\/Imigranci-Patera-Fot.-Efe-Canarias.jpg",600,400,false]},"_links":{"self":[{"href":"https:\/\/nakanarach.pl\/index.php\/wp-json\/wp\/v2\/posts\/2363","targetHints":{"allow":["GET"]}}],"collection":[{"href":"https:\/\/nakanarach.pl\/index.php\/wp-json\/wp\/v2\/posts"}],"about":[{"href":"https:\/\/nakanarach.pl\/index.php\/wp-json\/wp\/v2\/types\/post"}],"author":[{"embeddable":true,"href":"https:\/\/nakanarach.pl\/index.php\/wp-json\/wp\/v2\/users\/2"}],"replies":[{"embeddable":true,"href":"https:\/\/nakanarach.pl\/index.php\/wp-json\/wp\/v2\/comments?post=2363"}],"version-history":[{"count":8,"href":"https:\/\/nakanarach.pl\/index.php\/wp-json\/wp\/v2\/posts\/2363\/revisions"}],"predecessor-version":[{"id":2543,"href":"https:\/\/nakanarach.pl\/index.php\/wp-json\/wp\/v2\/posts\/2363\/revisions\/2543"}],"wp:featuredmedia":[{"embeddable":true,"href":"https:\/\/nakanarach.pl\/index.php\/wp-json\/wp\/v2\/media\/2020"}],"wp:attachment":[{"href":"https:\/\/nakanarach.pl\/index.php\/wp-json\/wp\/v2\/media?parent=2363"}],"wp:term":[{"taxonomy":"category","embeddable":true,"href":"https:\/\/nakanarach.pl\/index.php\/wp-json\/wp\/v2\/categories?post=2363"},{"taxonomy":"post_tag","embeddable":true,"href":"https:\/\/nakanarach.pl\/index.php\/wp-json\/wp\/v2\/tags?post=2363"}],"curies":[{"name":"wp","href":"https:\/\/api.w.org\/{rel}","templated":true}]}}