{"id":2572,"date":"2021-08-28T09:16:23","date_gmt":"2021-08-28T08:16:23","guid":{"rendered":"http:\/\/nakanarach.pl\/?p=2572"},"modified":"2022-05-13T09:40:40","modified_gmt":"2022-05-13T08:40:40","slug":"kanaryjski-wiatr-roksany-wegiel","status":"publish","type":"post","link":"https:\/\/nakanarach.pl\/index.php\/2021\/08\/28\/kanaryjski-wiatr-roksany-wegiel\/","title":{"rendered":"KANARYJSKI WIATR ROKSANY W\u0118GIEL"},"content":{"rendered":"\n<p><strong>Najnowszy singiel zwyci\u0119\u017cczyni Eurowizji Junior Roksany W\u0119giel pt. &#8222;Kanaryjski&#8221; pojawi\u0142 si\u0119 w sieci pod koniec sierpnia 2021 roku. <\/strong><\/p>\n\n\n\n<p>Jak czytamy w opisie na kanale You Tube: <em>&#8222;Kanaryjski&#8221; to tak naprawd\u0119 piosenka przewrotna. Po pierwszym przes\u0142uchaniu mamy wra\u017cenie, \u017ce to typowy letni hit z wakacyjnym vibem &#8211; o dobrej zabawie nad morzem. Dopiero kolejne przes\u0142uchania doprowadz\u0105 nas do jego esencji. &#8222;Kanaryjski wiatr&#8221; to przeno\u015bnia tego co sprawia, \u017ce nie upadamy, \u017ce w ci\u0119\u017ckich chwilach potrafimy si\u0119 pozbiera\u0107 i i\u015b\u0107 dalej. Dla ka\u017cdego ta si\u0142a to co\u015b innego. Dla jednych przyjaciele, dla innych pasja, mo\u017ce dla kogo\u015b to te\u017c pieni\u0105dze. Dla Roxie te 3 si\u0142y to rodzina, wiara i muzyka. Jak w nasze \u017cagle dmucha &#8222;kanaryjski wiatr&#8221; to na pewno b\u0119dzie dobrze.<\/em><\/p>\n\n\n\n<p>Roksana W\u0119giel jest zwyci\u0119\u017cczyni\u0105 pierwszej edycji telewizyjnego programu &#8222;The Voice Kids&#8221; (2018) oraz w tym samym roku 16. Konkursu Piosenki Eurowizji dla Dzieci, kt\u00f3ry odby\u0142 si\u0119 na Bia\u0142orusi. W 2021 &#8222;Roxie&#8221; wygra\u0142a te\u017c 3. edycj\u0119 programu tanecznego emitowanego w Telewizji Polskiej pt. &#8222;Dance, Dance, Dance&#8221;. M\u0142oda wokalistka w roku 2019 by\u0142a te\u017c laureatk\u0105 Europejskiej Nagrody Muzycznej MTV dla najlepszego polskiego wykonawcy. &nbsp;<\/p>\n\n\n\n<figure class=\"wp-block-embed is-type-video is-provider-youtube wp-block-embed-youtube wp-embed-aspect-16-9 wp-has-aspect-ratio\"><div class=\"wp-block-embed__wrapper\">\n<iframe title=\"Roksana W\u0119giel - Kanaryjski (official video)\" width=\"640\" height=\"360\" src=\"https:\/\/www.youtube.com\/embed\/u4vCxS1jaNI?feature=oembed\" frameborder=\"0\" allow=\"accelerometer; autoplay; clipboard-write; encrypted-media; gyroscope; picture-in-picture; web-share\" referrerpolicy=\"strict-origin-when-cross-origin\" allowfullscreen><\/iframe>\n<\/div><\/figure>\n","protected":false},"excerpt":{"rendered":"<p>Najnowszy singiel zwyci\u0119\u017cczyni Eurowizji Junior Roksany W\u0119giel pt. &#8222;Kanaryjski&#8221; pojawi\u0142 si\u0119 w sieci pod koniec sierpnia 2021 roku. Jak czytamy w opisie na kanale You Tube: &#8222;Kanaryjski&#8221; to tak naprawd\u0119 piosenka przewrotna. Po pierwszym przes\u0142uchaniu mamy wra\u017cenie, \u017ce to typowy letni hit z wakacyjnym vibem &#8211; o dobrej zabawie nad morzem. Dopiero kolejne przes\u0142uchania doprowadz\u0105 [&hellip;]<\/p>\n","protected":false},"author":2,"featured_media":2573,"comment_status":"closed","ping_status":"open","sticky":false,"template":"","format":"standard","meta":{"om_disable_all_campaigns":false,"_monsterinsights_skip_tracking":false,"_monsterinsights_sitenote_active":false,"_monsterinsights_sitenote_note":"","_monsterinsights_sitenote_category":0,"footnotes":""},"categories":[80,101],"tags":[],"class_list":["post-2572","post","type-post","status-publish","format-standard","has-post-thumbnail","hentry","category-media-i-muzyka","category-o-polsce"],"aioseo_notices":[],"blog_post_layout_featured_media_urls":{"thumbnail":["https:\/\/nakanarach.pl\/wp-content\/uploads\/2021\/08\/Roksana-Wegiel-150x150.png",150,150,true],"full":["https:\/\/nakanarach.pl\/wp-content\/uploads\/2021\/08\/Roksana-Wegiel.png",720,713,false]},"categories_names":{"80":{"name":"Media i muzyka","link":"https:\/\/nakanarach.pl\/index.php\/category\/kultura\/media-i-muzyka\/"},"101":{"name":"O Polsce","link":"https:\/\/nakanarach.pl\/index.php\/category\/kultura\/o-polsce\/"}},"tags_names":[],"comments_number":"0","wpmagazine_modules_lite_featured_media_urls":{"thumbnail":["https:\/\/nakanarach.pl\/wp-content\/uploads\/2021\/08\/Roksana-Wegiel-150x150.png",150,150,true],"cvmm-medium":["https:\/\/nakanarach.pl\/wp-content\/uploads\/2021\/08\/Roksana-Wegiel-300x300.png",300,300,true],"cvmm-medium-plus":["https:\/\/nakanarach.pl\/wp-content\/uploads\/2021\/08\/Roksana-Wegiel-305x207.png",305,207,true],"cvmm-portrait":["https:\/\/nakanarach.pl\/wp-content\/uploads\/2021\/08\/Roksana-Wegiel-400x600.png",400,600,true],"cvmm-medium-square":["https:\/\/nakanarach.pl\/wp-content\/uploads\/2021\/08\/Roksana-Wegiel-600x600.png",600,600,true],"cvmm-large":["https:\/\/nakanarach.pl\/wp-content\/uploads\/2021\/08\/Roksana-Wegiel.png",720,713,false],"cvmm-small":["https:\/\/nakanarach.pl\/wp-content\/uploads\/2021\/08\/Roksana-Wegiel-130x95.png",130,95,true],"full":["https:\/\/nakanarach.pl\/wp-content\/uploads\/2021\/08\/Roksana-Wegiel.png",720,713,false]},"_links":{"self":[{"href":"https:\/\/nakanarach.pl\/index.php\/wp-json\/wp\/v2\/posts\/2572","targetHints":{"allow":["GET"]}}],"collection":[{"href":"https:\/\/nakanarach.pl\/index.php\/wp-json\/wp\/v2\/posts"}],"about":[{"href":"https:\/\/nakanarach.pl\/index.php\/wp-json\/wp\/v2\/types\/post"}],"author":[{"embeddable":true,"href":"https:\/\/nakanarach.pl\/index.php\/wp-json\/wp\/v2\/users\/2"}],"replies":[{"embeddable":true,"href":"https:\/\/nakanarach.pl\/index.php\/wp-json\/wp\/v2\/comments?post=2572"}],"version-history":[{"count":2,"href":"https:\/\/nakanarach.pl\/index.php\/wp-json\/wp\/v2\/posts\/2572\/revisions"}],"predecessor-version":[{"id":2609,"href":"https:\/\/nakanarach.pl\/index.php\/wp-json\/wp\/v2\/posts\/2572\/revisions\/2609"}],"wp:featuredmedia":[{"embeddable":true,"href":"https:\/\/nakanarach.pl\/index.php\/wp-json\/wp\/v2\/media\/2573"}],"wp:attachment":[{"href":"https:\/\/nakanarach.pl\/index.php\/wp-json\/wp\/v2\/media?parent=2572"}],"wp:term":[{"taxonomy":"category","embeddable":true,"href":"https:\/\/nakanarach.pl\/index.php\/wp-json\/wp\/v2\/categories?post=2572"},{"taxonomy":"post_tag","embeddable":true,"href":"https:\/\/nakanarach.pl\/index.php\/wp-json\/wp\/v2\/tags?post=2572"}],"curies":[{"name":"wp","href":"https:\/\/api.w.org\/{rel}","templated":true}]}}