{"id":2630,"date":"2021-09-06T15:55:00","date_gmt":"2021-09-06T14:55:00","guid":{"rendered":"http:\/\/nakanarach.pl\/?p=2630"},"modified":"2021-09-14T15:54:16","modified_gmt":"2021-09-14T14:54:16","slug":"weekendowy-chaos-na-lotnisku-na-gran-canarii","status":"publish","type":"post","link":"https:\/\/nakanarach.pl\/index.php\/2021\/09\/06\/weekendowy-chaos-na-lotnisku-na-gran-canarii\/","title":{"rendered":"WEEKENDOWY CHAOS NA LOTNISKU NA GRAN CANARII"},"content":{"rendered":"\n<p><strong>W szczycie sezonu wakacyjnego 4 wrze\u015bnia 2021 roku odby\u0142 strajk pracownik\u00f3w Lotniska Gando na Gran Canarii. Skutki protestu odczu\u0142o prawie 10 tys. pasa\u017cer\u00f3w, kt\u00f3rzy przybyli na t\u0119 wysp\u0119 z samolot\u00f3w zar\u00f3wno przylatuj\u0105cych jak i odlatuj\u0105cych. <\/strong><\/p>\n\n\n\n<p>Skutki strajku w miniony weekend dotyczy\u0142y 84 lot\u00f3w (42 wychodz\u0105cych i 42 przychodz\u0105cych). Protestuj\u0105 zwi\u0105zki  zawodowe w firmie handlingowej Groundforce, sp\u00f3\u0142ce nale\u017c\u0105cej do grupy Globalia, kt\u00f3ra oferuje us\u0142ugi pomocy naziemnej dla ponad 20 linii lotniczych, w wi\u0119kszo\u015bci z nich w ruchu mi\u0119dzynarodowym.<\/p>\n\n\n\n<p>Gazeta Canarias7 pisze, \u017ce pasa\u017cerowie m.in. z Wielkiej Brytanii, Niemiec, Francji, Portugalii, Austrii i Norwegii do\u015bwiadczyli ponad godzinnych op\u00f3\u017anie\u0144 w wej\u015bciu na pok\u0142ad, prawie trzech godzin op\u00f3\u017anienia w odlocie samolotu i 40-minutowego oczekiwania na zej\u015bcie na l\u0105d z samolotu po wyl\u0105dowaniu.&nbsp;Ponadto w przypadku podr\u00f3\u017cnych na 36 lotach (18 wychodz\u0105cych i 18 przychodz\u0105cych). Firmy zdecydowa\u0142y si\u0119 dzia\u0142a\u0107 bez otwierania \u0142adowni, aby nie generowa\u0107 dalszych op\u00f3\u017anie\u0144.&nbsp;W ten spos\u00f3b walizki tych, kt\u00f3rzy wr\u00f3cili do swoich kraj\u00f3w, pozosta\u0142y na lotnisku na Gran Canarii, a tych, kt\u00f3rzy przybyli na wysp\u0119, nigdy nie wysiadali z samolotu i do dzi\u015b nie mogli odebra\u0107 swoich baga\u017cy. Gazeta informuje, \u017ce 5 tys. walizek wci\u0105\u017c czeka na dostaw\u0119 do ich w\u0142a\u015bcicieli. <\/p>\n\n\n\n<p>Organizacja pracodawc\u00f3w FEHT zwraca si\u0119 o piln\u0105 mediacj\u0119 do rz\u0105du Wysp Kanaryjskich i Urz\u0119du Gran Canarii  w celu rozwi\u0105zania sporu pracowniczego. <\/p>\n\n\n\n<p><strong>Foto: nakanarach.pl<\/strong><\/p>\n\n\n\n<p><\/p>\n","protected":false},"excerpt":{"rendered":"<p>W szczycie sezonu wakacyjnego 4 wrze\u015bnia 2021 roku odby\u0142 strajk pracownik\u00f3w Lotniska Gando na Gran Canarii. Skutki protestu odczu\u0142o prawie 10 tys. pasa\u017cer\u00f3w, kt\u00f3rzy przybyli na t\u0119 wysp\u0119 z samolot\u00f3w zar\u00f3wno przylatuj\u0105cych jak i odlatuj\u0105cych. Skutki strajku w miniony weekend dotyczy\u0142y 84 lot\u00f3w (42 wychodz\u0105cych i 42 przychodz\u0105cych). Protestuj\u0105 zwi\u0105zki zawodowe w firmie handlingowej Groundforce, [&hellip;]<\/p>\n","protected":false},"author":2,"featured_media":0,"comment_status":"closed","ping_status":"open","sticky":false,"template":"","format":"standard","meta":{"om_disable_all_campaigns":false,"_monsterinsights_skip_tracking":false,"_monsterinsights_sitenote_active":false,"_monsterinsights_sitenote_note":"","_monsterinsights_sitenote_category":0,"footnotes":""},"categories":[12,77],"tags":[],"class_list":["post-2630","post","type-post","status-publish","format-standard","hentry","category-aktualnosci","category-samoloty"],"aioseo_notices":[],"blog_post_layout_featured_media_urls":{"thumbnail":"","full":""},"categories_names":{"12":{"name":"Aktualno\u015bci","link":"https:\/\/nakanarach.pl\/index.php\/category\/aktualnosci\/"},"77":{"name":"Samoloty","link":"https:\/\/nakanarach.pl\/index.php\/category\/samoloty\/"}},"tags_names":[],"comments_number":"0","wpmagazine_modules_lite_featured_media_urls":{"thumbnail":"","cvmm-medium":"","cvmm-medium-plus":"","cvmm-portrait":"","cvmm-medium-square":"","cvmm-large":"","cvmm-small":"","full":""},"_links":{"self":[{"href":"https:\/\/nakanarach.pl\/index.php\/wp-json\/wp\/v2\/posts\/2630","targetHints":{"allow":["GET"]}}],"collection":[{"href":"https:\/\/nakanarach.pl\/index.php\/wp-json\/wp\/v2\/posts"}],"about":[{"href":"https:\/\/nakanarach.pl\/index.php\/wp-json\/wp\/v2\/types\/post"}],"author":[{"embeddable":true,"href":"https:\/\/nakanarach.pl\/index.php\/wp-json\/wp\/v2\/users\/2"}],"replies":[{"embeddable":true,"href":"https:\/\/nakanarach.pl\/index.php\/wp-json\/wp\/v2\/comments?post=2630"}],"version-history":[{"count":2,"href":"https:\/\/nakanarach.pl\/index.php\/wp-json\/wp\/v2\/posts\/2630\/revisions"}],"predecessor-version":[{"id":2654,"href":"https:\/\/nakanarach.pl\/index.php\/wp-json\/wp\/v2\/posts\/2630\/revisions\/2654"}],"wp:attachment":[{"href":"https:\/\/nakanarach.pl\/index.php\/wp-json\/wp\/v2\/media?parent=2630"}],"wp:term":[{"taxonomy":"category","embeddable":true,"href":"https:\/\/nakanarach.pl\/index.php\/wp-json\/wp\/v2\/categories?post=2630"},{"taxonomy":"post_tag","embeddable":true,"href":"https:\/\/nakanarach.pl\/index.php\/wp-json\/wp\/v2\/tags?post=2630"}],"curies":[{"name":"wp","href":"https:\/\/api.w.org\/{rel}","templated":true}]}}