{"id":2647,"date":"2021-09-09T15:27:14","date_gmt":"2021-09-09T14:27:14","guid":{"rendered":"http:\/\/nakanarach.pl\/?p=2647"},"modified":"2021-09-14T09:20:18","modified_gmt":"2021-09-14T08:20:18","slug":"cyklon-ominie-kanary-znow-fala-upalow","status":"publish","type":"post","link":"https:\/\/nakanarach.pl\/index.php\/2021\/09\/09\/cyklon-ominie-kanary-znow-fala-upalow\/","title":{"rendered":"CYKLON OMINIE KANARY? ZN\u00d3W FALA UPA\u0141\u00d3W"},"content":{"rendered":"\n<p><strong>Wed\u0142ug prognoz Pa\u0144stwowej Agencji Meteorologicznej (Aemet) na Wyspach Kanaryjskich tropikalny cyklon, kt\u00f3ry szaleje na wschodnim kra\u0144cu oceanu atlantyckiego w pobli\u017cu archipelagu Zielonego Przyl\u0105dka, ostatecznie nie dotknie Kanar\u00f3w w najbli\u017cszy weekend.<\/strong> <strong>Na archipelagu zn\u00f3w wyst\u0119puj\u0105 upa\u0142y. <\/strong><\/p>\n\n\n\n<p>Cyklon, kt\u00f3ry tworzy si\u0119 na po\u0142udniu Wysp Kanaryjskich, nad Zielonym Przyl\u0105dkiem, b\u0119dzie mia\u0142 najwi\u0119ksz\u0105 si\u0142\u0119 w najbli\u017csz\u0105 sobot\u0119.&nbsp;<\/p>\n\n\n\n<p>&#8211; Przewiduje si\u0119, \u017ce warunki \u015brodowiskowe b\u0119d\u0105 sprzyja\u0107 p\u00f3\u017aniejszemu rozwojowi, a DT (Tropikalna Depresja)&nbsp;mo\u017ce uformowa\u0107 si\u0119 na pocz\u0105tku przysz\u0142ego tygodnia, gdy przeniesie si\u0119 na W-NW&nbsp;nad wschodnim Atlantykiem w pobli\u017cu Wysp Zielonego Przyl\u0105dka &#8211; prognozuje Pa\u0144stwowa Agencja Meteorologiczna.<\/p>\n\n\n\n<p>Z kolei La Gomera i El Hierro do\u0142\u0105czy\u0142y 9 wrze\u015bnia do ostrze\u017cenia przed&nbsp;upa\u0142ami. Temperatura mo\u017ce wzrosn\u0105\u0107 do ponad 35 stopni Celsjusza. Gor\u0105co jest te\u017c na Gran Canarii.&nbsp;Ciep\u0142o rozprzestrzenia si\u0119 po archipelagu, ze szczeg\u00f3lnym uwzgl\u0119dnieniem wysokich i \u015brodkowych obszar\u00f3w wspomnianych wysp.&nbsp;8 wrze\u015bnia br. zanotowano 38 stopni w Las Tirajanas, co by\u0142o maksimum tego dnia w ca\u0142ym kraju.&nbsp;Utrzymuje si\u0119 wyst\u0119powanie zamglenia na wysoko\u015bci, bardziej intensywne na Gran Canarii i na po\u0142udniowych zboczach wysp o wi\u0119kszej rze\u017abie terenu.<\/p>\n\n\n\n<p>Nale\u017cy pami\u0119ta\u0107, \u017ce&nbsp;Gran Canaria pozostaje w pogotowiu zagro\u017cenia&nbsp;po\u017carami&nbsp;las\u00f3w. Dlatego na tych obszarach nie mo\u017cna rozpala\u0107 ognisk ani grilli. <\/p>\n\n\n\n<p><strong>Foto: nakanarach.pl<\/strong><\/p>\n","protected":false},"excerpt":{"rendered":"<p>Wed\u0142ug prognoz Pa\u0144stwowej Agencji Meteorologicznej (Aemet) na Wyspach Kanaryjskich tropikalny cyklon, kt\u00f3ry szaleje na wschodnim kra\u0144cu oceanu atlantyckiego w pobli\u017cu archipelagu Zielonego Przyl\u0105dka, ostatecznie nie dotknie Kanar\u00f3w w najbli\u017cszy weekend. Na archipelagu zn\u00f3w wyst\u0119puj\u0105 upa\u0142y. Cyklon, kt\u00f3ry tworzy si\u0119 na po\u0142udniu Wysp Kanaryjskich, nad Zielonym Przyl\u0105dkiem, b\u0119dzie mia\u0142 najwi\u0119ksz\u0105 si\u0142\u0119 w najbli\u017csz\u0105 sobot\u0119.&nbsp; &#8211; Przewiduje [&hellip;]<\/p>\n","protected":false},"author":2,"featured_media":2321,"comment_status":"closed","ping_status":"open","sticky":false,"template":"","format":"standard","meta":{"om_disable_all_campaigns":false,"_monsterinsights_skip_tracking":false,"_monsterinsights_sitenote_active":false,"_monsterinsights_sitenote_note":"","_monsterinsights_sitenote_category":0,"footnotes":""},"categories":[81],"tags":[],"class_list":["post-2647","post","type-post","status-publish","format-standard","has-post-thumbnail","hentry","category-pogoda"],"aioseo_notices":[],"blog_post_layout_featured_media_urls":{"thumbnail":["https:\/\/nakanarach.pl\/wp-content\/uploads\/2021\/08\/La-Charca-sier-2021-150x150.jpg",150,150,true],"full":["https:\/\/nakanarach.pl\/wp-content\/uploads\/2021\/08\/La-Charca-sier-2021-scaled.jpg",2560,1152,false]},"categories_names":{"81":{"name":"Pogoda","link":"https:\/\/nakanarach.pl\/index.php\/category\/turystyka\/pogoda\/"}},"tags_names":[],"comments_number":"0","wpmagazine_modules_lite_featured_media_urls":{"thumbnail":["https:\/\/nakanarach.pl\/wp-content\/uploads\/2021\/08\/La-Charca-sier-2021-150x150.jpg",150,150,true],"cvmm-medium":["https:\/\/nakanarach.pl\/wp-content\/uploads\/2021\/08\/La-Charca-sier-2021-300x300.jpg",300,300,true],"cvmm-medium-plus":["https:\/\/nakanarach.pl\/wp-content\/uploads\/2021\/08\/La-Charca-sier-2021-305x207.jpg",305,207,true],"cvmm-portrait":["https:\/\/nakanarach.pl\/wp-content\/uploads\/2021\/08\/La-Charca-sier-2021-400x600.jpg",400,600,true],"cvmm-medium-square":["https:\/\/nakanarach.pl\/wp-content\/uploads\/2021\/08\/La-Charca-sier-2021-600x600.jpg",600,600,true],"cvmm-large":["https:\/\/nakanarach.pl\/wp-content\/uploads\/2021\/08\/La-Charca-sier-2021-1024x1024.jpg",1024,1024,true],"cvmm-small":["https:\/\/nakanarach.pl\/wp-content\/uploads\/2021\/08\/La-Charca-sier-2021-130x95.jpg",130,95,true],"full":["https:\/\/nakanarach.pl\/wp-content\/uploads\/2021\/08\/La-Charca-sier-2021-scaled.jpg",2560,1152,false]},"_links":{"self":[{"href":"https:\/\/nakanarach.pl\/index.php\/wp-json\/wp\/v2\/posts\/2647","targetHints":{"allow":["GET"]}}],"collection":[{"href":"https:\/\/nakanarach.pl\/index.php\/wp-json\/wp\/v2\/posts"}],"about":[{"href":"https:\/\/nakanarach.pl\/index.php\/wp-json\/wp\/v2\/types\/post"}],"author":[{"embeddable":true,"href":"https:\/\/nakanarach.pl\/index.php\/wp-json\/wp\/v2\/users\/2"}],"replies":[{"embeddable":true,"href":"https:\/\/nakanarach.pl\/index.php\/wp-json\/wp\/v2\/comments?post=2647"}],"version-history":[{"count":4,"href":"https:\/\/nakanarach.pl\/index.php\/wp-json\/wp\/v2\/posts\/2647\/revisions"}],"predecessor-version":[{"id":2681,"href":"https:\/\/nakanarach.pl\/index.php\/wp-json\/wp\/v2\/posts\/2647\/revisions\/2681"}],"wp:featuredmedia":[{"embeddable":true,"href":"https:\/\/nakanarach.pl\/index.php\/wp-json\/wp\/v2\/media\/2321"}],"wp:attachment":[{"href":"https:\/\/nakanarach.pl\/index.php\/wp-json\/wp\/v2\/media?parent=2647"}],"wp:term":[{"taxonomy":"category","embeddable":true,"href":"https:\/\/nakanarach.pl\/index.php\/wp-json\/wp\/v2\/categories?post=2647"},{"taxonomy":"post_tag","embeddable":true,"href":"https:\/\/nakanarach.pl\/index.php\/wp-json\/wp\/v2\/tags?post=2647"}],"curies":[{"name":"wp","href":"https:\/\/api.w.org\/{rel}","templated":true}]}}