{"id":2792,"date":"2021-09-23T15:56:00","date_gmt":"2021-09-23T14:56:00","guid":{"rendered":"http:\/\/nakanarach.pl\/?p=2792"},"modified":"2021-09-25T08:51:57","modified_gmt":"2021-09-25T07:51:57","slug":"otwarta-droga-do-tamy-las-chicas","status":"publish","type":"post","link":"https:\/\/nakanarach.pl\/index.php\/2021\/09\/23\/otwarta-droga-do-tamy-las-chicas\/","title":{"rendered":"OTWARTA DROGA DO TAMY LAS CHICAS"},"content":{"rendered":"\n<p><strong>Trasa GC-605 po dziewi\u0119ciu miesi\u0105cach zamkni\u0119tych dla ruchu z powodu osuni\u0119cia si\u0119 ziemi zosta\u0142a ponownie otwarta we wrze\u015bniu 2021 roku.&nbsp;Bud\u017cet prac wynosi 460 000 euro.<\/strong><\/p>\n\n\n\n<p>W styczniu zesz\u0142ego roku burza Filomena spowodowa\u0142a osuni\u0119cie si\u0119 du\u017cych ska\u0142 i za\u0142amanie \u015bcian na GC-605, mi\u0119dzy Ayacata a tam\u0105 Las Chicas, i zosta\u0142a odci\u0119ta od ruchu.&nbsp;Wiceprezes i doradca ds. Rob\u00f3t Publicznych, Infrastruktury, Transportu i Mobilno\u015bci Cabildo de Gran Canaria, Miguel \u00c1ngel P\u00e9rez, og\u0142osi\u0142 w \u015brod\u0119, \u017ce prace zosta\u0142y zako\u0144czone i \u017ce droga jest ju\u017c gotowa do u\u017cytku: \u201edrogi \u015brodkowe i szczyty, bior\u0105c pod uwag\u0119 warunki orograficzne i geologiczne na naszej wyspie wykazuj\u0105 s\u0142abo\u015bci, takie jak ta, kt\u00f3ra mia\u0142a miejsce w Ayacata po burzy Filomena, ale na szcz\u0119\u015bcie nasze zespo\u0142y techniczne i administracyjne maj\u0105 najwy\u017csze kwalifikacje, aby sprosta\u0107 tym wyzwaniom.&nbsp;Dzisiaj zako\u0144czyli\u015bmy kondycjonowanie GC-605 otwieraj\u0105c go na ruch, to by\u0142a intensywna praca: po pierwsze,&nbsp;z administracyjnego punktu widzenia poszukiwanie formu\u0142y, kt\u00f3ra pozwoli\u0142aby nam dzia\u0142a\u0107 z wi\u0119ksz\u0105 zwinno\u015bci\u0105;&nbsp;a po drugie, z technicznego punktu widzenia, zapewni\u0142oby to obszarowi wi\u0119ksze bezpiecze\u0144stwo dla ruchu pojazd\u00f3w \u201d-  podkre\u015bli\u0142 Miguel \u00c1ngel P\u00e9rez del Pino.<\/p>\n\n\n\n<p>Bud\u017cet zainwestowano g\u0142\u00f3wnie w obr\u00f3bk\u0119 skarp, odbudow\u0119 \u015bcian, odwodnienie, chodniki, systemy ograniczaj\u0105ce, sygnalizacj\u0119 pionow\u0105 i oznakowanie dotkni\u0119tych dr\u00f3g.<\/p>\n\n\n\n<p>Prace prowadzono przez 3 miesi\u0105ce w dw\u00f3ch etapach, w pierwszej skarpa zosta\u0142a oczyszczona za pomoc\u0105 ekspansywnego cementu w celu wyeliminowania niestabilnego materia\u0142u wi\u0119kszego skarpy oraz niekt\u00f3rych skalistych balkon\u00f3w znajduj\u0105cych si\u0119 na szczycie skarpy. oraz r\u0119czne czyszczenie pozosta\u0142ej cz\u0119\u015bci skarpy.&nbsp;W tym pierwszym etapie rozebrano formacj\u0119 skaln\u0105 znajduj\u0105c\u0105 si\u0119 po prawej stronie drogi, a na koniec wykopano i przetransportowano ca\u0142y wydobyty materia\u0142, umo\u017cliwiaj\u0105c tymczasowe udost\u0119pnienie drogi w poniedzia\u0142ek 2 sierpnia, aby mog\u0142y przejecha\u0107 s\u0142u\u017cby ratunkowe w przypadek po\u017caru, &#8222;<\/p>\n\n\n\n<p>Prace prowadzone w drugiej fazie prac polega\u0142y zasadniczo na ustabilizowaniu i uszczelnieniu miejsc, w kt\u00f3rych wyst\u0105pi\u0142y p\u0119kni\u0119cia konstrukcji, a nast\u0119pnie u\u0142o\u017ceniu ok. 3 000 m2 siatki zabezpieczaj\u0105cej zakotwionej i dopasowanej do skarpy o d\u0142ugo\u015bci 25 metr\u00f3w. , aby unikn\u0105\u0107 spadaj\u0105cych kamieni na drog\u0119.<\/p>\n\n\n\n<p>Akcja obejmowa\u0142a r\u00f3wnie\u017c wykonanie row\u00f3w, napraw\u0119 istniej\u0105cej nawierzchni drogi i jej asfaltu oraz umieszczenie odpowiednich znak\u00f3w poziomych i pionowych &#8211; informuje Cabildo de Gran Canaria.<\/p>\n\n\n\n<p><strong>Foto: Cabildo de Gran Canaria<\/strong><\/p>\n","protected":false},"excerpt":{"rendered":"<p>Trasa GC-605 po dziewi\u0119ciu miesi\u0105cach zamkni\u0119tych dla ruchu z powodu osuni\u0119cia si\u0119 ziemi zosta\u0142a ponownie otwarta we wrze\u015bniu 2021 roku.&nbsp;Bud\u017cet prac wynosi 460 000 euro. W styczniu zesz\u0142ego roku burza Filomena spowodowa\u0142a osuni\u0119cie si\u0119 du\u017cych ska\u0142 i za\u0142amanie \u015bcian na GC-605, mi\u0119dzy Ayacata a tam\u0105 Las Chicas, i zosta\u0142a odci\u0119ta od ruchu.&nbsp;Wiceprezes i doradca ds. [&hellip;]<\/p>\n","protected":false},"author":2,"featured_media":2797,"comment_status":"closed","ping_status":"open","sticky":false,"template":"","format":"standard","meta":{"om_disable_all_campaigns":false,"_monsterinsights_skip_tracking":false,"_monsterinsights_sitenote_active":false,"_monsterinsights_sitenote_note":"","_monsterinsights_sitenote_category":0,"footnotes":""},"categories":[12,89],"tags":[],"class_list":["post-2792","post","type-post","status-publish","format-standard","has-post-thumbnail","hentry","category-aktualnosci","category-samochody-2"],"aioseo_notices":[],"blog_post_layout_featured_media_urls":{"thumbnail":["https:\/\/nakanarach.pl\/wp-content\/uploads\/2021\/09\/Droga-GC-150x150.jpg",150,150,true],"full":["https:\/\/nakanarach.pl\/wp-content\/uploads\/2021\/09\/Droga-GC.jpg",1600,1200,false]},"categories_names":{"12":{"name":"Aktualno\u015bci","link":"https:\/\/nakanarach.pl\/index.php\/category\/aktualnosci\/"},"89":{"name":"Samochody","link":"https:\/\/nakanarach.pl\/index.php\/category\/samochody-2\/"}},"tags_names":[],"comments_number":"0","wpmagazine_modules_lite_featured_media_urls":{"thumbnail":["https:\/\/nakanarach.pl\/wp-content\/uploads\/2021\/09\/Droga-GC-150x150.jpg",150,150,true],"cvmm-medium":["https:\/\/nakanarach.pl\/wp-content\/uploads\/2021\/09\/Droga-GC-300x300.jpg",300,300,true],"cvmm-medium-plus":["https:\/\/nakanarach.pl\/wp-content\/uploads\/2021\/09\/Droga-GC-305x207.jpg",305,207,true],"cvmm-portrait":["https:\/\/nakanarach.pl\/wp-content\/uploads\/2021\/09\/Droga-GC-400x600.jpg",400,600,true],"cvmm-medium-square":["https:\/\/nakanarach.pl\/wp-content\/uploads\/2021\/09\/Droga-GC-600x600.jpg",600,600,true],"cvmm-large":["https:\/\/nakanarach.pl\/wp-content\/uploads\/2021\/09\/Droga-GC-1024x1024.jpg",1024,1024,true],"cvmm-small":["https:\/\/nakanarach.pl\/wp-content\/uploads\/2021\/09\/Droga-GC-130x95.jpg",130,95,true],"full":["https:\/\/nakanarach.pl\/wp-content\/uploads\/2021\/09\/Droga-GC.jpg",1600,1200,false]},"_links":{"self":[{"href":"https:\/\/nakanarach.pl\/index.php\/wp-json\/wp\/v2\/posts\/2792","targetHints":{"allow":["GET"]}}],"collection":[{"href":"https:\/\/nakanarach.pl\/index.php\/wp-json\/wp\/v2\/posts"}],"about":[{"href":"https:\/\/nakanarach.pl\/index.php\/wp-json\/wp\/v2\/types\/post"}],"author":[{"embeddable":true,"href":"https:\/\/nakanarach.pl\/index.php\/wp-json\/wp\/v2\/users\/2"}],"replies":[{"embeddable":true,"href":"https:\/\/nakanarach.pl\/index.php\/wp-json\/wp\/v2\/comments?post=2792"}],"version-history":[{"count":3,"href":"https:\/\/nakanarach.pl\/index.php\/wp-json\/wp\/v2\/posts\/2792\/revisions"}],"predecessor-version":[{"id":2811,"href":"https:\/\/nakanarach.pl\/index.php\/wp-json\/wp\/v2\/posts\/2792\/revisions\/2811"}],"wp:featuredmedia":[{"embeddable":true,"href":"https:\/\/nakanarach.pl\/index.php\/wp-json\/wp\/v2\/media\/2797"}],"wp:attachment":[{"href":"https:\/\/nakanarach.pl\/index.php\/wp-json\/wp\/v2\/media?parent=2792"}],"wp:term":[{"taxonomy":"category","embeddable":true,"href":"https:\/\/nakanarach.pl\/index.php\/wp-json\/wp\/v2\/categories?post=2792"},{"taxonomy":"post_tag","embeddable":true,"href":"https:\/\/nakanarach.pl\/index.php\/wp-json\/wp\/v2\/tags?post=2792"}],"curies":[{"name":"wp","href":"https:\/\/api.w.org\/{rel}","templated":true}]}}