{"id":2971,"date":"2021-10-08T16:03:00","date_gmt":"2021-10-08T15:03:00","guid":{"rendered":"http:\/\/nakanarach.pl\/?p=2971"},"modified":"2021-10-19T15:51:00","modified_gmt":"2021-10-19T14:51:00","slug":"autobusy-na-teide","status":"publish","type":"post","link":"https:\/\/nakanarach.pl\/index.php\/2021\/10\/08\/autobusy-na-teide\/","title":{"rendered":"AUTOBUSY NA TEIDE"},"content":{"rendered":"\n<p><strong>Przewo\u017anik uruchomi\u0142 niedawno turystyczne po\u0142\u0105czenia autobusowe z Costa Adeje i Puerto de la Cruz do Parku Narodowego Teide. Dodatkowo firma Titsa uruchomi\u0142a wewn\u0119trzn\u0105 lini\u0119, kt\u00f3ra kursuje po Parku Narodowym.<\/strong><\/p>\n\n\n\n<p>Na razie autobusy kursuj\u0105 tylko w pi\u0105tki, soboty, niedziele oraz \u015bwi\u0119ta.<\/p>\n\n\n\n<p><strong>Linia 342<\/strong> wyje\u017cd\u017ca o godz. 9.15 z Costa Adeje, powr\u00f3t z El Portillo 15.15. Bilet kosztuje ok. 6\u20ac<\/p>\n\n\n\n<p><strong>Linia 348<\/strong> wyrusza z Puerto de la Cruz o godz. 9.30, powr\u00f3t z Parador Nacional o godz. 15 55.<\/p>\n\n\n\n<p>Wraz ze zmianami linia 342 zacz\u0119\u0142a kursowa\u0107 wewn\u0105trz Parku Narodowego Teide mi\u0119dzy El Portillo i Parador Nacional.<\/p>\n\n\n\n<p>Wyjazdy z El Portillo w stron\u0119 Parque Nacional w godz. 11:00, 12:30, 13:10 i 14:40. Wyjazdy z Parador Nacional w stron\u0119 El Portillo o godz. 11:20, 12:30, 13:10 i 14.00. Bilet kosztuje ok. 2\u20ac.<\/p>\n\n\n\n<figure class=\"wp-block-image size-large\"><img decoding=\"async\" src=\"http:\/\/nakanarach.pl\/wp-content\/uploads\/2021\/10\/Autobusy-na-Teide-2-1024x1024.png\" alt=\"\" class=\"wp-image-2973\"\/><figcaption><em>Plan linii autobusowych na Teide Foto: titsa.com<\/em><\/figcaption><\/figure>\n\n\n\n<p>Na terenie Parku Narodowego Teide przewo\u017anik zatrzymuje si\u0119 na 7 przystankach: El Portillo Bajo, Centro de Visitantes, El Portillo Alto, Minas de San Jos\u00e9, Monta\u00f1a Blanca Telef\u00e9rico, Parador Nacional.<\/p>\n","protected":false},"excerpt":{"rendered":"<p>Przewo\u017anik uruchomi\u0142 niedawno turystyczne po\u0142\u0105czenia autobusowe z Costa Adeje i Puerto de la Cruz do Parku Narodowego Teide. Dodatkowo firma Titsa uruchomi\u0142a wewn\u0119trzn\u0105 lini\u0119, kt\u00f3ra kursuje po Parku Narodowym. Na razie autobusy kursuj\u0105 tylko w pi\u0105tki, soboty, niedziele oraz \u015bwi\u0119ta. Linia 342 wyje\u017cd\u017ca o godz. 9.15 z Costa Adeje, powr\u00f3t z El Portillo 15.15. Bilet [&hellip;]<\/p>\n","protected":false},"author":4,"featured_media":0,"comment_status":"closed","ping_status":"open","sticky":false,"template":"","format":"standard","meta":{"om_disable_all_campaigns":false,"_monsterinsights_skip_tracking":false,"_monsterinsights_sitenote_active":false,"_monsterinsights_sitenote_note":"","_monsterinsights_sitenote_category":0,"footnotes":""},"categories":[27,17],"tags":[],"class_list":["post-2971","post","type-post","status-publish","format-standard","hentry","category-komunikacja-publiczna","category-turystyka"],"aioseo_notices":[],"blog_post_layout_featured_media_urls":{"thumbnail":"","full":""},"categories_names":{"27":{"name":"Komunikacja publiczna","link":"https:\/\/nakanarach.pl\/index.php\/category\/komunikacja-publiczna\/"},"17":{"name":"Turystyka","link":"https:\/\/nakanarach.pl\/index.php\/category\/turystyka\/"}},"tags_names":[],"comments_number":"0","wpmagazine_modules_lite_featured_media_urls":{"thumbnail":"","cvmm-medium":"","cvmm-medium-plus":"","cvmm-portrait":"","cvmm-medium-square":"","cvmm-large":"","cvmm-small":"","full":""},"_links":{"self":[{"href":"https:\/\/nakanarach.pl\/index.php\/wp-json\/wp\/v2\/posts\/2971","targetHints":{"allow":["GET"]}}],"collection":[{"href":"https:\/\/nakanarach.pl\/index.php\/wp-json\/wp\/v2\/posts"}],"about":[{"href":"https:\/\/nakanarach.pl\/index.php\/wp-json\/wp\/v2\/types\/post"}],"author":[{"embeddable":true,"href":"https:\/\/nakanarach.pl\/index.php\/wp-json\/wp\/v2\/users\/4"}],"replies":[{"embeddable":true,"href":"https:\/\/nakanarach.pl\/index.php\/wp-json\/wp\/v2\/comments?post=2971"}],"version-history":[{"count":3,"href":"https:\/\/nakanarach.pl\/index.php\/wp-json\/wp\/v2\/posts\/2971\/revisions"}],"predecessor-version":[{"id":3031,"href":"https:\/\/nakanarach.pl\/index.php\/wp-json\/wp\/v2\/posts\/2971\/revisions\/3031"}],"wp:attachment":[{"href":"https:\/\/nakanarach.pl\/index.php\/wp-json\/wp\/v2\/media?parent=2971"}],"wp:term":[{"taxonomy":"category","embeddable":true,"href":"https:\/\/nakanarach.pl\/index.php\/wp-json\/wp\/v2\/categories?post=2971"},{"taxonomy":"post_tag","embeddable":true,"href":"https:\/\/nakanarach.pl\/index.php\/wp-json\/wp\/v2\/tags?post=2971"}],"curies":[{"name":"wp","href":"https:\/\/api.w.org\/{rel}","templated":true}]}}