{"id":3159,"date":"2023-10-27T10:22:00","date_gmt":"2023-10-27T09:22:00","guid":{"rendered":"http:\/\/nakanarach.pl\/?p=3159"},"modified":"2023-10-28T09:22:41","modified_gmt":"2023-10-28T08:22:41","slug":"zmiana-czasu-na-wyspach-kanaryjskich","status":"publish","type":"post","link":"https:\/\/nakanarach.pl\/index.php\/2023\/10\/27\/zmiana-czasu-na-wyspach-kanaryjskich\/","title":{"rendered":"ZMIANA CZASU NA WYSPACH KANARYJSKICH"},"content":{"rendered":"\n<p><strong>W nocy z 28 na 29 pa\u017adziernika 2023 roku nast\u0105pi zmiana czasu na Wyspach Kanaryjskich z letniego na zimowy. Odbywa si\u0119 to tego samego dnia, co w Polsce, czyli zawsze w ostatni\u0105 niedziel\u0119 pa\u017adziernika, ale o innej godzinie.<\/strong><\/p>\n\n\n\n<p>Wskaz\u00f3wki zegar\u00f3w na Wyspach Kanaryjskich trzeba przesun\u0105\u0107 o godzin\u0119 do ty\u0142u, czyli z godz. 2 na 1. Natomiast w Polsce z godziny 3 na 2.  W praktyce oznacza to, \u017ce b\u0119dziemy spa\u0107 o godzin\u0119 d\u0142u\u017cej. <\/p>\n\n\n\n<p>Strefa czasowa na Kanarach r\u00f3\u017cni si\u0119 jednak od strefy polskiej i hiszpa\u0144skiej. Archipelag wysp oddalony od kontynentalnej Hiszpanii o ok. 1,5 tys. kilometr\u00f3w znajduje si\u0119 w strefie czasowej po\u0142udnika zerowego. Oznacza to, \u017ce wskaz\u00f3wki zegar\u00f3w pokazuj\u0105 tutaj t\u0119 sam\u0105 godzin\u0119, co zegary w Wielkiej Brytanii, Portugalii i Irlandii oraz godzin\u0119 mniej, ni\u017c te w kontynentalnej Hiszpanii czy Polsce. <\/p>\n\n\n\n<p>W praktyce oznacza to wsch\u00f3d s\u0142o\u0144ca w zale\u017cno\u015bci od poszczeg\u00f3lnych wysp archipelagu b\u0119dzie o prawie p\u00f3\u0142 godziny wcze\u015bniej, czyli pomi\u0119dzy godz. 7:05 a 7:24, a s\u0142o\u0144ce b\u0119dzie zachodzi\u0107 ok. godz. 19 czasu kanaryjskiego. <\/p>\n\n\n\n<p>Kolejna zmiana czasu zaplanowana jest wiosn\u0105 2024 roku. W\u00f3wczas zegary na Wyspach Kanaryjskich trzeba przestawi\u0107 z czasu zimowego na letni. Odbywa si\u0119 to zawsze w ostatni\u0105 niedziel\u0119 marca. Wtedy w Hiszpanii, tak jak w Polsce,  przestawiamy zegarki o godzin\u0119 do przodu.<\/p>\n\n\n\n<p>Foto: nakanarach.pl<\/p>\n","protected":false},"excerpt":{"rendered":"<p>W nocy z 28 na 29 pa\u017adziernika 2023 roku nast\u0105pi zmiana czasu na Wyspach Kanaryjskich z letniego na zimowy. Odbywa si\u0119 to tego samego dnia, co w Polsce, czyli zawsze w ostatni\u0105 niedziel\u0119 pa\u017adziernika, ale o innej godzinie. Wskaz\u00f3wki zegar\u00f3w na Wyspach Kanaryjskich trzeba przesun\u0105\u0107 o godzin\u0119 do ty\u0142u, czyli z godz. 2 na 1. [&hellip;]<\/p>\n","protected":false},"author":4,"featured_media":5848,"comment_status":"closed","ping_status":"open","sticky":false,"template":"","format":"standard","meta":{"om_disable_all_campaigns":false,"_monsterinsights_skip_tracking":false,"_monsterinsights_sitenote_active":false,"_monsterinsights_sitenote_note":"","_monsterinsights_sitenote_category":0,"footnotes":""},"categories":[12],"tags":[],"class_list":["post-3159","post","type-post","status-publish","format-standard","has-post-thumbnail","hentry","category-aktualnosci"],"aioseo_notices":[],"blog_post_layout_featured_media_urls":{"thumbnail":["https:\/\/nakanarach.pl\/wp-content\/uploads\/2022\/10\/Zegar-i-palma-150x150.jpg",150,150,true],"full":["https:\/\/nakanarach.pl\/wp-content\/uploads\/2022\/10\/Zegar-i-palma-scaled.jpg",2560,1152,false]},"categories_names":{"12":{"name":"Aktualno\u015bci","link":"https:\/\/nakanarach.pl\/index.php\/category\/aktualnosci\/"}},"tags_names":[],"comments_number":"0","wpmagazine_modules_lite_featured_media_urls":{"thumbnail":["https:\/\/nakanarach.pl\/wp-content\/uploads\/2022\/10\/Zegar-i-palma-150x150.jpg",150,150,true],"cvmm-medium":["https:\/\/nakanarach.pl\/wp-content\/uploads\/2022\/10\/Zegar-i-palma-300x300.jpg",300,300,true],"cvmm-medium-plus":["https:\/\/nakanarach.pl\/wp-content\/uploads\/2022\/10\/Zegar-i-palma-305x207.jpg",305,207,true],"cvmm-portrait":["https:\/\/nakanarach.pl\/wp-content\/uploads\/2022\/10\/Zegar-i-palma-400x600.jpg",400,600,true],"cvmm-medium-square":["https:\/\/nakanarach.pl\/wp-content\/uploads\/2022\/10\/Zegar-i-palma-600x600.jpg",600,600,true],"cvmm-large":["https:\/\/nakanarach.pl\/wp-content\/uploads\/2022\/10\/Zegar-i-palma-1024x1024.jpg",1024,1024,true],"cvmm-small":["https:\/\/nakanarach.pl\/wp-content\/uploads\/2022\/10\/Zegar-i-palma-130x95.jpg",130,95,true],"full":["https:\/\/nakanarach.pl\/wp-content\/uploads\/2022\/10\/Zegar-i-palma-scaled.jpg",2560,1152,false]},"_links":{"self":[{"href":"https:\/\/nakanarach.pl\/index.php\/wp-json\/wp\/v2\/posts\/3159","targetHints":{"allow":["GET"]}}],"collection":[{"href":"https:\/\/nakanarach.pl\/index.php\/wp-json\/wp\/v2\/posts"}],"about":[{"href":"https:\/\/nakanarach.pl\/index.php\/wp-json\/wp\/v2\/types\/post"}],"author":[{"embeddable":true,"href":"https:\/\/nakanarach.pl\/index.php\/wp-json\/wp\/v2\/users\/4"}],"replies":[{"embeddable":true,"href":"https:\/\/nakanarach.pl\/index.php\/wp-json\/wp\/v2\/comments?post=3159"}],"version-history":[{"count":6,"href":"https:\/\/nakanarach.pl\/index.php\/wp-json\/wp\/v2\/posts\/3159\/revisions"}],"predecessor-version":[{"id":7432,"href":"https:\/\/nakanarach.pl\/index.php\/wp-json\/wp\/v2\/posts\/3159\/revisions\/7432"}],"wp:featuredmedia":[{"embeddable":true,"href":"https:\/\/nakanarach.pl\/index.php\/wp-json\/wp\/v2\/media\/5848"}],"wp:attachment":[{"href":"https:\/\/nakanarach.pl\/index.php\/wp-json\/wp\/v2\/media?parent=3159"}],"wp:term":[{"taxonomy":"category","embeddable":true,"href":"https:\/\/nakanarach.pl\/index.php\/wp-json\/wp\/v2\/categories?post=3159"},{"taxonomy":"post_tag","embeddable":true,"href":"https:\/\/nakanarach.pl\/index.php\/wp-json\/wp\/v2\/tags?post=3159"}],"curies":[{"name":"wp","href":"https:\/\/api.w.org\/{rel}","templated":true}]}}