{"id":3223,"date":"2022-01-16T05:08:00","date_gmt":"2022-01-16T05:08:00","guid":{"rendered":"http:\/\/nakanarach.pl\/?p=3223"},"modified":"2022-01-16T12:23:43","modified_gmt":"2022-01-16T12:23:43","slug":"fuerteventura-najpopularniejszym-kierunkiem-turystycznym-w-europie","status":"publish","type":"post","link":"https:\/\/nakanarach.pl\/index.php\/2022\/01\/16\/fuerteventura-najpopularniejszym-kierunkiem-turystycznym-w-europie\/","title":{"rendered":"FUERTEVENTURA NAJPOPULARNIEJSZYM KIERUNKIEM TURYSTYCZNYM W EUROPIE"},"content":{"rendered":"\n<p class=\"wp-block-paragraph\"><strong>Fuerteventura zwi\u0119ksza w 2022 roku promocj\u0119 kanaryjskiej wyspy na rynku europejskim, dzi\u0119ki umowie co-marketingowej, kt\u00f3r\u0105 Rada Turystyczna podpisa\u0142a z TUI Europe.&nbsp;Dzi\u0119ki temu porozumieniu Fuerteventura i TUI Europe b\u0119d\u0105 promowa\u0107 wysp\u0119 w kilku krajach m.in. w Polsce, Niemczech, Wielkiej Brytanii, Holandii i Belgii.<\/strong><\/p>\n\n\n\n<p class=\"wp-block-paragraph\">Wyspa b\u0119dzie promowana na stronach internetowych oraz w mediach spo\u0142eczno\u015bciowych, aby wspiera\u0107 dzia\u0142alno\u015b\u0107 online biur podr\u00f3\u017cy, kt\u00f3re touroperator TUI ma w kilku krajach.&nbsp;<\/p>\n\n\n\n<p class=\"wp-block-paragraph\">Umowa co-marketingowa zostanie opracowana na potrzeby kampanii promocyjnej na lato 2022 roku, maj\u0105cej na celu wzmocnienie wizerunku Fuerteventury jako najlepszego miejsca na wakacje na r\u00f3\u017cnych rynkach europejskich. <\/p>\n\n\n\n<p class=\"wp-block-paragraph\">Foto: visitfuerteventura.es<\/p>\n","protected":false},"excerpt":{"rendered":"<p>Fuerteventura zwi\u0119ksza w 2022 roku promocj\u0119 kanaryjskiej wyspy na rynku europejskim, dzi\u0119ki umowie co-marketingowej, kt\u00f3r\u0105 Rada Turystyczna podpisa\u0142a z TUI Europe.&nbsp;Dzi\u0119ki temu porozumieniu Fuerteventura i TUI Europe b\u0119d\u0105 promowa\u0107 wysp\u0119 w kilku krajach m.in. w Polsce, Niemczech, Wielkiej Brytanii, Holandii i Belgii. Wyspa b\u0119dzie promowana na stronach internetowych oraz w mediach spo\u0142eczno\u015bciowych, aby wspiera\u0107 dzia\u0142alno\u015b\u0107 [&hellip;]<\/p>\n","protected":false},"author":4,"featured_media":2116,"comment_status":"closed","ping_status":"open","sticky":false,"template":"","format":"standard","meta":{"om_disable_all_campaigns":false,"_monsterinsights_skip_tracking":false,"_monsterinsights_sitenote_active":false,"_monsterinsights_sitenote_note":"","_monsterinsights_sitenote_category":0,"footnotes":""},"categories":[20],"tags":[],"class_list":["post-3223","post","type-post","status-publish","format-standard","has-post-thumbnail","hentry","category-atrakcje"],"aioseo_notices":[],"blog_post_layout_featured_media_urls":{"thumbnail":["https:\/\/nakanarach.pl\/wp-content\/uploads\/2021\/07\/Fuerteventura-plaza-Jandia-Fot.-visitfuerteventura.es_-150x150.jpg",150,150,true],"full":["https:\/\/nakanarach.pl\/wp-content\/uploads\/2021\/07\/Fuerteventura-plaza-Jandia-Fot.-visitfuerteventura.es_.jpg",843,403,false]},"categories_names":{"20":{"name":"Atrakcje i egzotyka","link":"https:\/\/nakanarach.pl\/index.php\/category\/turystyka\/atrakcje\/"}},"tags_names":[],"comments_number":"0","wpmagazine_modules_lite_featured_media_urls":{"thumbnail":["https:\/\/nakanarach.pl\/wp-content\/uploads\/2021\/07\/Fuerteventura-plaza-Jandia-Fot.-visitfuerteventura.es_-150x150.jpg",150,150,true],"cvmm-medium":["https:\/\/nakanarach.pl\/wp-content\/uploads\/2021\/07\/Fuerteventura-plaza-Jandia-Fot.-visitfuerteventura.es_-300x300.jpg",300,300,true],"cvmm-medium-plus":["https:\/\/nakanarach.pl\/wp-content\/uploads\/2021\/07\/Fuerteventura-plaza-Jandia-Fot.-visitfuerteventura.es_-305x207.jpg",305,207,true],"cvmm-portrait":["https:\/\/nakanarach.pl\/wp-content\/uploads\/2021\/07\/Fuerteventura-plaza-Jandia-Fot.-visitfuerteventura.es_-400x403.jpg",400,403,true],"cvmm-medium-square":["https:\/\/nakanarach.pl\/wp-content\/uploads\/2021\/07\/Fuerteventura-plaza-Jandia-Fot.-visitfuerteventura.es_-600x403.jpg",600,403,true],"cvmm-large":["https:\/\/nakanarach.pl\/wp-content\/uploads\/2021\/07\/Fuerteventura-plaza-Jandia-Fot.-visitfuerteventura.es_.jpg",843,403,false],"cvmm-small":["https:\/\/nakanarach.pl\/wp-content\/uploads\/2021\/07\/Fuerteventura-plaza-Jandia-Fot.-visitfuerteventura.es_-130x95.jpg",130,95,true],"full":["https:\/\/nakanarach.pl\/wp-content\/uploads\/2021\/07\/Fuerteventura-plaza-Jandia-Fot.-visitfuerteventura.es_.jpg",843,403,false]},"_links":{"self":[{"href":"https:\/\/nakanarach.pl\/index.php\/wp-json\/wp\/v2\/posts\/3223","targetHints":{"allow":["GET"]}}],"collection":[{"href":"https:\/\/nakanarach.pl\/index.php\/wp-json\/wp\/v2\/posts"}],"about":[{"href":"https:\/\/nakanarach.pl\/index.php\/wp-json\/wp\/v2\/types\/post"}],"author":[{"embeddable":true,"href":"https:\/\/nakanarach.pl\/index.php\/wp-json\/wp\/v2\/users\/4"}],"replies":[{"embeddable":true,"href":"https:\/\/nakanarach.pl\/index.php\/wp-json\/wp\/v2\/comments?post=3223"}],"version-history":[{"count":2,"href":"https:\/\/nakanarach.pl\/index.php\/wp-json\/wp\/v2\/posts\/3223\/revisions"}],"predecessor-version":[{"id":3270,"href":"https:\/\/nakanarach.pl\/index.php\/wp-json\/wp\/v2\/posts\/3223\/revisions\/3270"}],"wp:featuredmedia":[{"embeddable":true,"href":"https:\/\/nakanarach.pl\/index.php\/wp-json\/wp\/v2\/media\/2116"}],"wp:attachment":[{"href":"https:\/\/nakanarach.pl\/index.php\/wp-json\/wp\/v2\/media?parent=3223"}],"wp:term":[{"taxonomy":"category","embeddable":true,"href":"https:\/\/nakanarach.pl\/index.php\/wp-json\/wp\/v2\/categories?post=3223"},{"taxonomy":"post_tag","embeddable":true,"href":"https:\/\/nakanarach.pl\/index.php\/wp-json\/wp\/v2\/tags?post=3223"}],"curies":[{"name":"wp","href":"https:\/\/api.w.org\/{rel}","templated":true}]}}