{"id":3227,"date":"2021-11-08T10:55:30","date_gmt":"2021-11-08T10:55:30","guid":{"rendered":"http:\/\/nakanarach.pl\/?p=3227"},"modified":"2021-11-08T11:03:54","modified_gmt":"2021-11-08T11:03:54","slug":"ambasada-polska-w-madrycie","status":"publish","type":"post","link":"https:\/\/nakanarach.pl\/index.php\/2021\/11\/08\/ambasada-polska-w-madrycie\/","title":{"rendered":"AMBASADA POLSKA W MADRYCIE"},"content":{"rendered":"\n<p><strong>Ambasada Polska w Madrycie <\/strong>&#8211; Okr\u0119g konsularny Konsula RP w Madrycie: Andora, Wyspy Kanaryjskie i ca\u0142a Hiszpania, opr\u00f3cz Katalonii i Balear\u00f3w:<\/p>\n\n\n\n<p><strong>tel. +34 913 73 66 05<\/strong><\/p>\n\n\n\n<p><strong>Wydzia\u0142 Konsularny Ambasady RP w Madrycie<\/strong><\/p>\n\n\n\n<p>tel. <strong>+34 914 36 26 32<\/strong><\/p>\n\n\n\n<p><strong>godziny przyj\u0119\u0107 interesant\u00f3w<\/strong>:\u00a0poniedzia\u0142ek, wtorek, czwartek i pi\u0105tek\u00a0w godz. 09.30 \u2013 13.30 (wej\u015bcie do urz\u0119du do 13.00) \u015broda w godz. 11.00 \u2013 15.00 (wej\u015bcie do urz\u0119du do 14.30).<\/p>\n\n\n\n<p class=\"has-vivid-red-color has-text-color has-medium-font-size\"><strong>TELEFON DY\u017bURNY 24 H<\/strong><\/p>\n\n\n\n<p class=\"has-vivid-red-color has-text-color has-medium-font-size\"><strong>W sytuacjach\u00a0nag\u0142ych, wymagaj\u0105cych pilnej interwencji konsula\u00a0mo\u017cliwy jest kontakt pod numerem telefonu:\u00a0+34 629 864 508\u00a0poza godzinami pracy urz\u0119du<\/strong>\u00a0<strong>(tylko nag\u0142e wypadki losowe np. zgon, wypadek, aresztowanie, napad).<\/strong><\/p>\n","protected":false},"excerpt":{"rendered":"<p>Ambasada Polska w Madrycie &#8211; Okr\u0119g konsularny Konsula RP w Madrycie: Andora, Wyspy Kanaryjskie i ca\u0142a Hiszpania, opr\u00f3cz Katalonii i Balear\u00f3w: tel. +34 913 73 66 05 Wydzia\u0142 Konsularny Ambasady RP w Madrycie tel. +34 914 36 26 32 godziny przyj\u0119\u0107 interesant\u00f3w:\u00a0poniedzia\u0142ek, wtorek, czwartek i pi\u0105tek\u00a0w godz. 09.30 \u2013 13.30 (wej\u015bcie do urz\u0119du do 13.00) [&hellip;]<\/p>\n","protected":false},"author":4,"featured_media":0,"comment_status":"closed","ping_status":"open","sticky":false,"template":"","format":"standard","meta":{"om_disable_all_campaigns":false,"_monsterinsights_skip_tracking":false,"_monsterinsights_sitenote_active":false,"_monsterinsights_sitenote_note":"","_monsterinsights_sitenote_category":0,"footnotes":""},"categories":[51],"tags":[],"class_list":["post-3227","post","type-post","status-publish","format-standard","hentry","category-konsulat"],"aioseo_notices":[],"blog_post_layout_featured_media_urls":{"thumbnail":"","full":""},"categories_names":{"51":{"name":"Ambasada i Konsulat","link":"https:\/\/nakanarach.pl\/index.php\/category\/uslugi\/konsulat\/"}},"tags_names":[],"comments_number":"0","wpmagazine_modules_lite_featured_media_urls":{"thumbnail":"","cvmm-medium":"","cvmm-medium-plus":"","cvmm-portrait":"","cvmm-medium-square":"","cvmm-large":"","cvmm-small":"","full":""},"_links":{"self":[{"href":"https:\/\/nakanarach.pl\/index.php\/wp-json\/wp\/v2\/posts\/3227","targetHints":{"allow":["GET"]}}],"collection":[{"href":"https:\/\/nakanarach.pl\/index.php\/wp-json\/wp\/v2\/posts"}],"about":[{"href":"https:\/\/nakanarach.pl\/index.php\/wp-json\/wp\/v2\/types\/post"}],"author":[{"embeddable":true,"href":"https:\/\/nakanarach.pl\/index.php\/wp-json\/wp\/v2\/users\/4"}],"replies":[{"embeddable":true,"href":"https:\/\/nakanarach.pl\/index.php\/wp-json\/wp\/v2\/comments?post=3227"}],"version-history":[{"count":3,"href":"https:\/\/nakanarach.pl\/index.php\/wp-json\/wp\/v2\/posts\/3227\/revisions"}],"predecessor-version":[{"id":3232,"href":"https:\/\/nakanarach.pl\/index.php\/wp-json\/wp\/v2\/posts\/3227\/revisions\/3232"}],"wp:attachment":[{"href":"https:\/\/nakanarach.pl\/index.php\/wp-json\/wp\/v2\/media?parent=3227"}],"wp:term":[{"taxonomy":"category","embeddable":true,"href":"https:\/\/nakanarach.pl\/index.php\/wp-json\/wp\/v2\/categories?post=3227"},{"taxonomy":"post_tag","embeddable":true,"href":"https:\/\/nakanarach.pl\/index.php\/wp-json\/wp\/v2\/tags?post=3227"}],"curies":[{"name":"wp","href":"https:\/\/api.w.org\/{rel}","templated":true}]}}