{"id":3242,"date":"2021-11-10T09:13:32","date_gmt":"2021-11-10T09:13:32","guid":{"rendered":"http:\/\/nakanarach.pl\/?p=3242"},"modified":"2022-05-13T09:38:58","modified_gmt":"2022-05-13T08:38:58","slug":"kanaryjskie-media-o-imigrantach-na-granicy-polsko-bialoruskiej","status":"publish","type":"post","link":"https:\/\/nakanarach.pl\/index.php\/2021\/11\/10\/kanaryjskie-media-o-imigrantach-na-granicy-polsko-bialoruskiej\/","title":{"rendered":"KANARYJSKIE MEDIA O IMIGRANTACH NA GRANICY POLSKO-BIA\u0141ORUSKIEJ"},"content":{"rendered":"\n<p><strong>W hiszpa\u0144skich mediach jednym z najwa\u017cniejszych news\u00f3w zagranicznych jest kryzys na granicy polsko-bia\u0142oruskiej. 11 listopada, w dniu \u015bwi\u0119ta Niepodleg\u0142o\u015bci w Polsce na pierwszych stronach najwi\u0119kszych gazet pojawi\u0142y si\u0119 artyku\u0142y na ten temat. Tymczasem Wyspy Kanaryjskie od 2020 roku nie mog\u0105 sobie poradzi\u0107 z fal\u0105 imigrant\u00f3w przyp\u0142ywaj\u0105cych z Afryki, kt\u00f3ry w tym roku wzros\u0142a o ponad 100 procent. <\/strong><\/p>\n\n\n\n<p>Telewizja Canaria pokaza\u0142a po raz kolejny materia\u0142 filmowy, gdzie wida\u0107, jak kilkudziesi\u0119ciu migrant\u00f3w przekroczy\u0142o&nbsp;granic\u0119 bia\u0142orusko-polsk\u0105,&nbsp;prze\u0142amuj\u0105c ogrodzenia i zasieki w pobli\u017cu polskich gmin Krynki i Bia\u0142owie\u017ca &#8211; jak poinformowa\u0142 rzecznik polskich pogranicznik\u00f3w do lokalnej stacji miasta Bia\u0142ystok.<\/p>\n\n\n\n<figure class=\"wp-block-embed is-type-video is-provider-youtube wp-block-embed-youtube wp-embed-aspect-16-9 wp-has-aspect-ratio\"><div class=\"wp-block-embed__wrapper\">\n<iframe title=\"Polonia refuerza su presencia militar en las fronteras | 09\/11\/2021\" width=\"640\" height=\"360\" src=\"https:\/\/www.youtube.com\/embed\/v1nfe97DgcA?start=19&#038;feature=oembed\" frameborder=\"0\" allow=\"accelerometer; autoplay; clipboard-write; encrypted-media; gyroscope; picture-in-picture; web-share\" referrerpolicy=\"strict-origin-when-cross-origin\" allowfullscreen><\/iframe>\n<\/div><\/figure>\n\n\n\n<p>Polski rzecznik wskaza\u0142, \u017ce w obu przypadkach migranci przewr\u00f3cili ogrodzenia i dochodzi\u0142o do moment\u00f3w przemocy.&nbsp;Niekt\u00f3rzy z tych, kt\u00f3rzy pr\u00f3bowali przej\u015b\u0107, zostali przechwyceni i wr\u00f3cili na terytorium Bia\u0142orusi, a innym uda\u0142o si\u0119 uciec.<\/p>\n\n\n\n<p>Kanaryjskie media podkre\u015blaj\u0105, \u017ce napi\u0119cia pomi\u0119dzy Polsk\u0105 i Bia\u0142orusi\u0105&nbsp;wzros\u0142y w ostatnich tygodniach z powodu rosn\u0105cego strumienia migracyjnego z bia\u0142oruskiej ziemi na zewn\u0119trznych granicach UE.<\/p>\n\n\n\n<figure class=\"wp-block-image size-full\"><img decoding=\"async\" src=\"http:\/\/nakanarach.pl\/wp-content\/uploads\/2021\/11\/RTVC-Bialorus.jpg\" alt=\"\" class=\"wp-image-3244\"\/><figcaption><em>Informacje o Polsce na portalu TV Canaria<\/em><\/figcaption><\/figure>\n\n\n\n<p>Decyzja o otwarciu granic zosta\u0142a przez wielu odebrana jako odwet za sankcje na\u0142o\u017cone przez Bruksel\u0119 na&nbsp;rz\u0105d \u0141ukaszenki&nbsp;po kryzysie, kt\u00f3ry nast\u0105pi\u0142 po wyborach w sierpniu 2020 roku. W\u0142adze w Mi\u0144sku odrzucaj\u0105 te oskar\u017cenia &#8211; czytamy na stronie Telewizji Canaria. <\/p>\n\n\n\n<p>Tymczasem Unia Europejska nie wyklucza obj\u0119cia Bia\u0142orusi powa\u017cnymi sankcjami, m.in. blokad\u0105 bia\u0142oruskich rachunk\u00f3w bankowych znajduj\u0105cych si\u0119 na terenie UE.<\/p>\n\n\n\n<figure class=\"wp-block-image size-large\"><img fetchpriority=\"high\" decoding=\"async\" width=\"1024\" height=\"491\" src=\"http:\/\/nakanarach.pl\/wp-content\/uploads\/2021\/11\/20211111_075755-1024x491.jpg\" alt=\"\" class=\"wp-image-3255\" srcset=\"https:\/\/nakanarach.pl\/wp-content\/uploads\/2021\/11\/20211111_075755-1024x491.jpg 1024w, https:\/\/nakanarach.pl\/wp-content\/uploads\/2021\/11\/20211111_075755-300x144.jpg 300w, https:\/\/nakanarach.pl\/wp-content\/uploads\/2021\/11\/20211111_075755-768x369.jpg 768w, https:\/\/nakanarach.pl\/wp-content\/uploads\/2021\/11\/20211111_075755-1536x737.jpg 1536w, https:\/\/nakanarach.pl\/wp-content\/uploads\/2021\/11\/20211111_075755-2048x983.jpg 2048w\" sizes=\"(max-width: 1024px) 100vw, 1024px\" \/><figcaption><em>Kadr z TV Canaria &#8211; 11 listopada 2021 r.<\/em><\/figcaption><\/figure>\n\n\n\n<figure class=\"wp-block-image size-large\"><img decoding=\"async\" width=\"1024\" height=\"461\" src=\"http:\/\/nakanarach.pl\/wp-content\/uploads\/2021\/11\/20211109_133057-1024x461.jpg\" alt=\"\" class=\"wp-image-3243\" srcset=\"https:\/\/nakanarach.pl\/wp-content\/uploads\/2021\/11\/20211109_133057-1024x461.jpg 1024w, https:\/\/nakanarach.pl\/wp-content\/uploads\/2021\/11\/20211109_133057-300x135.jpg 300w, https:\/\/nakanarach.pl\/wp-content\/uploads\/2021\/11\/20211109_133057-768x346.jpg 768w, https:\/\/nakanarach.pl\/wp-content\/uploads\/2021\/11\/20211109_133057-1536x691.jpg 1536w, https:\/\/nakanarach.pl\/wp-content\/uploads\/2021\/11\/20211109_133057-2048x922.jpg 2048w\" sizes=\"(max-width: 1024px) 100vw, 1024px\" \/><figcaption>Foto: Kadr z hiszpa\u0144skiej TV <\/figcaption><\/figure>\n\n\n\n<p>Foto:  TV Canaria<\/p>\n","protected":false},"excerpt":{"rendered":"<p>W hiszpa\u0144skich mediach jednym z najwa\u017cniejszych news\u00f3w zagranicznych jest kryzys na granicy polsko-bia\u0142oruskiej. 11 listopada, w dniu \u015bwi\u0119ta Niepodleg\u0142o\u015bci w Polsce na pierwszych stronach najwi\u0119kszych gazet pojawi\u0142y si\u0119 artyku\u0142y na ten temat. Tymczasem Wyspy Kanaryjskie od 2020 roku nie mog\u0105 sobie poradzi\u0107 z fal\u0105 imigrant\u00f3w przyp\u0142ywaj\u0105cych z Afryki, kt\u00f3ry w tym roku wzros\u0142a o ponad [&hellip;]<\/p>\n","protected":false},"author":4,"featured_media":3297,"comment_status":"closed","ping_status":"open","sticky":false,"template":"","format":"standard","meta":{"om_disable_all_campaigns":false,"_monsterinsights_skip_tracking":false,"_monsterinsights_sitenote_active":false,"_monsterinsights_sitenote_note":"","_monsterinsights_sitenote_category":0,"footnotes":""},"categories":[12,101],"tags":[],"class_list":["post-3242","post","type-post","status-publish","format-standard","has-post-thumbnail","hentry","category-aktualnosci","category-o-polsce"],"aioseo_notices":[],"blog_post_layout_featured_media_urls":{"thumbnail":["https:\/\/nakanarach.pl\/wp-content\/uploads\/2021\/11\/20211111_142437-1-150x150.jpg",150,150,true],"full":["https:\/\/nakanarach.pl\/wp-content\/uploads\/2021\/11\/20211111_142437-1-scaled.jpg",2560,1392,false]},"categories_names":{"12":{"name":"Aktualno\u015bci","link":"https:\/\/nakanarach.pl\/index.php\/category\/aktualnosci\/"},"101":{"name":"O Polsce","link":"https:\/\/nakanarach.pl\/index.php\/category\/kultura\/o-polsce\/"}},"tags_names":[],"comments_number":"0","wpmagazine_modules_lite_featured_media_urls":{"thumbnail":["https:\/\/nakanarach.pl\/wp-content\/uploads\/2021\/11\/20211111_142437-1-150x150.jpg",150,150,true],"cvmm-medium":["https:\/\/nakanarach.pl\/wp-content\/uploads\/2021\/11\/20211111_142437-1-300x300.jpg",300,300,true],"cvmm-medium-plus":["https:\/\/nakanarach.pl\/wp-content\/uploads\/2021\/11\/20211111_142437-1-305x207.jpg",305,207,true],"cvmm-portrait":["https:\/\/nakanarach.pl\/wp-content\/uploads\/2021\/11\/20211111_142437-1-400x600.jpg",400,600,true],"cvmm-medium-square":["https:\/\/nakanarach.pl\/wp-content\/uploads\/2021\/11\/20211111_142437-1-600x600.jpg",600,600,true],"cvmm-large":["https:\/\/nakanarach.pl\/wp-content\/uploads\/2021\/11\/20211111_142437-1-1024x1024.jpg",1024,1024,true],"cvmm-small":["https:\/\/nakanarach.pl\/wp-content\/uploads\/2021\/11\/20211111_142437-1-130x95.jpg",130,95,true],"full":["https:\/\/nakanarach.pl\/wp-content\/uploads\/2021\/11\/20211111_142437-1-scaled.jpg",2560,1392,false]},"_links":{"self":[{"href":"https:\/\/nakanarach.pl\/index.php\/wp-json\/wp\/v2\/posts\/3242","targetHints":{"allow":["GET"]}}],"collection":[{"href":"https:\/\/nakanarach.pl\/index.php\/wp-json\/wp\/v2\/posts"}],"about":[{"href":"https:\/\/nakanarach.pl\/index.php\/wp-json\/wp\/v2\/types\/post"}],"author":[{"embeddable":true,"href":"https:\/\/nakanarach.pl\/index.php\/wp-json\/wp\/v2\/users\/4"}],"replies":[{"embeddable":true,"href":"https:\/\/nakanarach.pl\/index.php\/wp-json\/wp\/v2\/comments?post=3242"}],"version-history":[{"count":4,"href":"https:\/\/nakanarach.pl\/index.php\/wp-json\/wp\/v2\/posts\/3242\/revisions"}],"predecessor-version":[{"id":3300,"href":"https:\/\/nakanarach.pl\/index.php\/wp-json\/wp\/v2\/posts\/3242\/revisions\/3300"}],"wp:featuredmedia":[{"embeddable":true,"href":"https:\/\/nakanarach.pl\/index.php\/wp-json\/wp\/v2\/media\/3297"}],"wp:attachment":[{"href":"https:\/\/nakanarach.pl\/index.php\/wp-json\/wp\/v2\/media?parent=3242"}],"wp:term":[{"taxonomy":"category","embeddable":true,"href":"https:\/\/nakanarach.pl\/index.php\/wp-json\/wp\/v2\/categories?post=3242"},{"taxonomy":"post_tag","embeddable":true,"href":"https:\/\/nakanarach.pl\/index.php\/wp-json\/wp\/v2\/tags?post=3242"}],"curies":[{"name":"wp","href":"https:\/\/api.w.org\/{rel}","templated":true}]}}