{"id":3409,"date":"2021-12-03T15:31:00","date_gmt":"2021-12-03T15:31:00","guid":{"rendered":"https:\/\/nakanarach.pl\/?p=3409"},"modified":"2021-12-29T16:38:51","modified_gmt":"2021-12-29T16:38:51","slug":"bonnie-tyler-na-kanarach","status":"publish","type":"post","link":"https:\/\/nakanarach.pl\/index.php\/2021\/12\/03\/bonnie-tyler-na-kanarach\/","title":{"rendered":"BONNIE TYLER NA KANARACH"},"content":{"rendered":"\n<p><strong>Bonnie Tyler<\/strong>&nbsp;<strong>&#8211; wyst\u0105pi\u0142a na pocz\u0105tku grudnia 2021 roku na dw\u00f3ch koncertach na Wyspach Kanaryjskich. Jeden odb\u0119dzie si\u0119 na Gran Canarii, drugi na Teneryfie. <\/strong><\/p>\n\n\n\n<p>Brytyjska gwiazda ju\u017c dawno za jednym z najbardziej rozpoznawalnych g\u0142os\u00f3w w historii muzyki, kt\u00f3ry po raz pierwszy na&nbsp;<strong>Wyspach Kanaryjskich <\/strong>by\u0142a w&nbsp;kwietniu 2020 roku. <\/p>\n\n\n\n<figure class=\"wp-block-embed is-type-video is-provider-youtube wp-block-embed-youtube wp-embed-aspect-4-3 wp-has-aspect-ratio\"><div class=\"wp-block-embed__wrapper\">\n<iframe title=\"Bonnie Tyler - Holding Out For A Hero (Official HD Video)\" width=\"640\" height=\"480\" src=\"https:\/\/www.youtube.com\/embed\/bWcASV2sey0?feature=oembed\" frameborder=\"0\" allow=\"accelerometer; autoplay; clipboard-write; encrypted-media; gyroscope; picture-in-picture; web-share\" referrerpolicy=\"strict-origin-when-cross-origin\" allowfullscreen><\/iframe>\n<\/div><\/figure>\n\n\n\n<p>Teraz Bonnie Tyler powr\u00f3ci\u0142a do czo\u0142\u00f3wki muzycznych nowo\u015bci z nowym albumem&nbsp;&nbsp;Between The Earth And The Stars, w kt\u00f3rym artystka otacza si\u0119 wspania\u0142ymi kolegami i przyjaci\u00f3\u0142mi, by skomponowa\u0107 inny album, w kt\u00f3rym&nbsp;wzi\u0119li udzia\u0142 takie \u015bwiatowe gwiazdy, takie jak&nbsp;&nbsp;Cliff Richard , Francis Rossi czy Barry Gibb.<\/p>\n\n\n\n<p>Bonnie Tyler wyst\u0105pi\u0142a 3 grudnia 2021 roku na Gran Canarii, a 7 grudnia na Teneryfie. <\/p>\n\n\n\n<p>Foto: tomaticket.es<\/p>\n","protected":false},"excerpt":{"rendered":"<p>Bonnie Tyler&nbsp;&#8211; wyst\u0105pi\u0142a na pocz\u0105tku grudnia 2021 roku na dw\u00f3ch koncertach na Wyspach Kanaryjskich. Jeden odb\u0119dzie si\u0119 na Gran Canarii, drugi na Teneryfie. Brytyjska gwiazda ju\u017c dawno za jednym z najbardziej rozpoznawalnych g\u0142os\u00f3w w historii muzyki, kt\u00f3ry po raz pierwszy na&nbsp;Wyspach Kanaryjskich by\u0142a w&nbsp;kwietniu 2020 roku. Teraz Bonnie Tyler powr\u00f3ci\u0142a do czo\u0142\u00f3wki muzycznych nowo\u015bci z [&hellip;]<\/p>\n","protected":false},"author":4,"featured_media":3411,"comment_status":"closed","ping_status":"open","sticky":false,"template":"","format":"standard","meta":{"om_disable_all_campaigns":false,"_monsterinsights_skip_tracking":false,"_monsterinsights_sitenote_active":false,"_monsterinsights_sitenote_note":"","_monsterinsights_sitenote_category":0,"footnotes":""},"categories":[56,54],"tags":[],"class_list":["post-3409","post","type-post","status-publish","format-standard","has-post-thumbnail","hentry","category-celebryci-na-kanarach","category-imprezy"],"aioseo_notices":[],"blog_post_layout_featured_media_urls":{"thumbnail":["https:\/\/nakanarach.pl\/wp-content\/uploads\/2021\/12\/bonnie-tyller-150x150.jpg",150,150,true],"full":["https:\/\/nakanarach.pl\/wp-content\/uploads\/2021\/12\/bonnie-tyller.jpg",350,245,false]},"categories_names":{"56":{"name":"Celebryci na Kanarach","link":"https:\/\/nakanarach.pl\/index.php\/category\/kultura\/celebryci-na-kanarach\/"},"54":{"name":"Imprezy","link":"https:\/\/nakanarach.pl\/index.php\/category\/imprezy\/"}},"tags_names":[],"comments_number":"0","wpmagazine_modules_lite_featured_media_urls":{"thumbnail":["https:\/\/nakanarach.pl\/wp-content\/uploads\/2021\/12\/bonnie-tyller-150x150.jpg",150,150,true],"cvmm-medium":["https:\/\/nakanarach.pl\/wp-content\/uploads\/2021\/12\/bonnie-tyller-300x245.jpg",300,245,true],"cvmm-medium-plus":["https:\/\/nakanarach.pl\/wp-content\/uploads\/2021\/12\/bonnie-tyller-305x207.jpg",305,207,true],"cvmm-portrait":["https:\/\/nakanarach.pl\/wp-content\/uploads\/2021\/12\/bonnie-tyller.jpg",350,245,false],"cvmm-medium-square":["https:\/\/nakanarach.pl\/wp-content\/uploads\/2021\/12\/bonnie-tyller.jpg",350,245,false],"cvmm-large":["https:\/\/nakanarach.pl\/wp-content\/uploads\/2021\/12\/bonnie-tyller.jpg",350,245,false],"cvmm-small":["https:\/\/nakanarach.pl\/wp-content\/uploads\/2021\/12\/bonnie-tyller-130x95.jpg",130,95,true],"full":["https:\/\/nakanarach.pl\/wp-content\/uploads\/2021\/12\/bonnie-tyller.jpg",350,245,false]},"_links":{"self":[{"href":"https:\/\/nakanarach.pl\/index.php\/wp-json\/wp\/v2\/posts\/3409","targetHints":{"allow":["GET"]}}],"collection":[{"href":"https:\/\/nakanarach.pl\/index.php\/wp-json\/wp\/v2\/posts"}],"about":[{"href":"https:\/\/nakanarach.pl\/index.php\/wp-json\/wp\/v2\/types\/post"}],"author":[{"embeddable":true,"href":"https:\/\/nakanarach.pl\/index.php\/wp-json\/wp\/v2\/users\/4"}],"replies":[{"embeddable":true,"href":"https:\/\/nakanarach.pl\/index.php\/wp-json\/wp\/v2\/comments?post=3409"}],"version-history":[{"count":4,"href":"https:\/\/nakanarach.pl\/index.php\/wp-json\/wp\/v2\/posts\/3409\/revisions"}],"predecessor-version":[{"id":3618,"href":"https:\/\/nakanarach.pl\/index.php\/wp-json\/wp\/v2\/posts\/3409\/revisions\/3618"}],"wp:featuredmedia":[{"embeddable":true,"href":"https:\/\/nakanarach.pl\/index.php\/wp-json\/wp\/v2\/media\/3411"}],"wp:attachment":[{"href":"https:\/\/nakanarach.pl\/index.php\/wp-json\/wp\/v2\/media?parent=3409"}],"wp:term":[{"taxonomy":"category","embeddable":true,"href":"https:\/\/nakanarach.pl\/index.php\/wp-json\/wp\/v2\/categories?post=3409"},{"taxonomy":"post_tag","embeddable":true,"href":"https:\/\/nakanarach.pl\/index.php\/wp-json\/wp\/v2\/tags?post=3409"}],"curies":[{"name":"wp","href":"https:\/\/api.w.org\/{rel}","templated":true}]}}