{"id":3421,"date":"2021-12-03T09:20:04","date_gmt":"2021-12-03T09:20:04","guid":{"rendered":"https:\/\/nakanarach.pl\/?p=3421"},"modified":"2021-12-03T09:25:08","modified_gmt":"2021-12-03T09:25:08","slug":"okradal-dary-dla-la-palmy","status":"publish","type":"post","link":"https:\/\/nakanarach.pl\/index.php\/2021\/12\/03\/okradal-dary-dla-la-palmy\/","title":{"rendered":"OKRADA\u0141 DARY DLA LA PALMY"},"content":{"rendered":"\n<p><strong>Gwardia Cywilna aresztowa\u0142a na Teneryfie m\u0119\u017cczyzn\u0119 za przyjmowanie datk\u00f3w przeznaczonych dla poszkodowanych wybuchem wulkanu z La Palmy i sprzedawanie ich w sklepach z u\u017cywanymi rzeczami. <\/strong><\/p>\n\n\n\n<p>Na stronie Guardia Civil czytamy, \u017ce oszust zaoferowa\u0142 przeniesienie wszystkich darowizn, kt\u00f3re stowarzyszenie z Teneryfy otrzyma\u0142o na La Palm\u0119 w trzech kontenerach. <\/p>\n\n\n\n<p>Zatrzymany zaoferowa\u0142 swoj\u0105 pomoc stowarzyszeniu charytatywnemu na Teneryfie w przetransportowaniu rzeczy i \u017cywno\u015bci, kt\u00f3re uda\u0142o mu si\u0119 zebra\u0107, na La Palm\u0119.&nbsp;Udaj\u0105c kierownika fa\u0142szywego stowarzyszenia solidarno\u015bci, oszust przekaza\u0142 trzy kontenery, aby za\u0142adowa\u0107 je wszystkimi darowiznami.<\/p>\n\n\n\n<p>Po op\u00f3\u017anieniu transportu poszkodowane stowarzyszenie skontaktowa\u0142o si\u0119 z nim, aby dowiedzie\u0107 si\u0119 o przyczynach op\u00f3\u017anienia, i otrzyma\u0142o w odpowiedzi nagranie wideo, na kt\u00f3rym widziano kilka os\u00f3b roz\u0142adowuj\u0105cych i rozprowadzaj\u0105cych rzeczy.\u00a0Jednak obrazy by\u0142y stare i nie odpowiada\u0142y \u017cadnemu rzeczywistemu przekazaniu na wysp\u0119 La Palma.<\/p>\n\n\n\n<p>\u015aledczy sprawdzili, \u017ce pojemniki znajduj\u0105 si\u0119 w tym samym miejscu, w kt\u00f3rym zosta\u0142y nape\u0142nione, w miejscowo\u015bci San Isidro.<\/p>\n\n\n\n<p>Gwardia Cywilna Granadilla de Abona (Teneryfa) przeprowadzi\u0142a kilka przeszuka\u0144 autoryzowanych przez s\u0105d i odzyska\u0142a przyw\u0142aszczone dary. <\/p>\n\n\n\n<p>Foto: Guardia Civil<\/p>\n","protected":false},"excerpt":{"rendered":"<p>Gwardia Cywilna aresztowa\u0142a na Teneryfie m\u0119\u017cczyzn\u0119 za przyjmowanie datk\u00f3w przeznaczonych dla poszkodowanych wybuchem wulkanu z La Palmy i sprzedawanie ich w sklepach z u\u017cywanymi rzeczami. Na stronie Guardia Civil czytamy, \u017ce oszust zaoferowa\u0142 przeniesienie wszystkich darowizn, kt\u00f3re stowarzyszenie z Teneryfy otrzyma\u0142o na La Palm\u0119 w trzech kontenerach. Zatrzymany zaoferowa\u0142 swoj\u0105 pomoc stowarzyszeniu charytatywnemu na Teneryfie [&hellip;]<\/p>\n","protected":false},"author":4,"featured_media":3422,"comment_status":"closed","ping_status":"open","sticky":false,"template":"","format":"standard","meta":{"om_disable_all_campaigns":false,"_monsterinsights_skip_tracking":false,"_monsterinsights_sitenote_active":false,"_monsterinsights_sitenote_note":"","_monsterinsights_sitenote_category":0,"footnotes":""},"categories":[12,78],"tags":[],"class_list":["post-3421","post","type-post","status-publish","format-standard","has-post-thumbnail","hentry","category-aktualnosci","category-interwencje"],"aioseo_notices":[],"blog_post_layout_featured_media_urls":{"thumbnail":["https:\/\/nakanarach.pl\/wp-content\/uploads\/2021\/12\/Dary-Twitter-Guardia-Civil-150x150.jpg",150,150,true],"full":["https:\/\/nakanarach.pl\/wp-content\/uploads\/2021\/12\/Dary-Twitter-Guardia-Civil.jpg",1920,1080,false]},"categories_names":{"12":{"name":"Aktualno\u015bci","link":"https:\/\/nakanarach.pl\/index.php\/category\/aktualnosci\/"},"78":{"name":"Interwencje","link":"https:\/\/nakanarach.pl\/index.php\/category\/interwencje\/"}},"tags_names":[],"comments_number":"0","wpmagazine_modules_lite_featured_media_urls":{"thumbnail":["https:\/\/nakanarach.pl\/wp-content\/uploads\/2021\/12\/Dary-Twitter-Guardia-Civil-150x150.jpg",150,150,true],"cvmm-medium":["https:\/\/nakanarach.pl\/wp-content\/uploads\/2021\/12\/Dary-Twitter-Guardia-Civil-300x300.jpg",300,300,true],"cvmm-medium-plus":["https:\/\/nakanarach.pl\/wp-content\/uploads\/2021\/12\/Dary-Twitter-Guardia-Civil-305x207.jpg",305,207,true],"cvmm-portrait":["https:\/\/nakanarach.pl\/wp-content\/uploads\/2021\/12\/Dary-Twitter-Guardia-Civil-400x600.jpg",400,600,true],"cvmm-medium-square":["https:\/\/nakanarach.pl\/wp-content\/uploads\/2021\/12\/Dary-Twitter-Guardia-Civil-600x600.jpg",600,600,true],"cvmm-large":["https:\/\/nakanarach.pl\/wp-content\/uploads\/2021\/12\/Dary-Twitter-Guardia-Civil-1024x1024.jpg",1024,1024,true],"cvmm-small":["https:\/\/nakanarach.pl\/wp-content\/uploads\/2021\/12\/Dary-Twitter-Guardia-Civil-130x95.jpg",130,95,true],"full":["https:\/\/nakanarach.pl\/wp-content\/uploads\/2021\/12\/Dary-Twitter-Guardia-Civil.jpg",1920,1080,false]},"_links":{"self":[{"href":"https:\/\/nakanarach.pl\/index.php\/wp-json\/wp\/v2\/posts\/3421","targetHints":{"allow":["GET"]}}],"collection":[{"href":"https:\/\/nakanarach.pl\/index.php\/wp-json\/wp\/v2\/posts"}],"about":[{"href":"https:\/\/nakanarach.pl\/index.php\/wp-json\/wp\/v2\/types\/post"}],"author":[{"embeddable":true,"href":"https:\/\/nakanarach.pl\/index.php\/wp-json\/wp\/v2\/users\/4"}],"replies":[{"embeddable":true,"href":"https:\/\/nakanarach.pl\/index.php\/wp-json\/wp\/v2\/comments?post=3421"}],"version-history":[{"count":2,"href":"https:\/\/nakanarach.pl\/index.php\/wp-json\/wp\/v2\/posts\/3421\/revisions"}],"predecessor-version":[{"id":3424,"href":"https:\/\/nakanarach.pl\/index.php\/wp-json\/wp\/v2\/posts\/3421\/revisions\/3424"}],"wp:featuredmedia":[{"embeddable":true,"href":"https:\/\/nakanarach.pl\/index.php\/wp-json\/wp\/v2\/media\/3422"}],"wp:attachment":[{"href":"https:\/\/nakanarach.pl\/index.php\/wp-json\/wp\/v2\/media?parent=3421"}],"wp:term":[{"taxonomy":"category","embeddable":true,"href":"https:\/\/nakanarach.pl\/index.php\/wp-json\/wp\/v2\/categories?post=3421"},{"taxonomy":"post_tag","embeddable":true,"href":"https:\/\/nakanarach.pl\/index.php\/wp-json\/wp\/v2\/tags?post=3421"}],"curies":[{"name":"wp","href":"https:\/\/api.w.org\/{rel}","templated":true}]}}