{"id":3926,"date":"2022-01-31T10:11:19","date_gmt":"2022-01-31T10:11:19","guid":{"rendered":"https:\/\/nakanarach.pl\/?p=3926"},"modified":"2022-02-22T11:11:53","modified_gmt":"2022-02-22T11:11:53","slug":"polak-utonal-na-fuerteventurze","status":"publish","type":"post","link":"https:\/\/nakanarach.pl\/index.php\/2022\/01\/31\/polak-utonal-na-fuerteventurze\/","title":{"rendered":"POLAK UTON\u0104\u0141 NA FUERTEVENTURZE"},"content":{"rendered":"\n<p><strong>48-letni Polak uton\u0105\u0142 pod koniec stycznia 2022 roku na kanaryjskiej Fuerteventurze. <\/strong><\/p>\n\n\n\n<p>Do tragedii dosz\u0142o na urokliwej pla\u017cy Cofete w \u015brodkowej cz\u0119\u015bci wyspy. To os\u0142oni\u0119ta skalistymi klifami szeroka, piaszczysta pla\u017ca nad krystaliczn\u0105 wod\u0105. Opisywana jako idealne miejsce do relaksu i&nbsp;podziwiania widok\u00f3w. Jednocze\u015bnie w tym miejscu pr\u0105dy morskie bywaj\u0105 bardzo silne, a ocean mo\u017ce by\u0107 niebezpieczny podczas k\u0105pieli, a wir wodny, nawet blisko brzegu mo\u017ce wci\u0105gn\u0105\u0107 lub przewr\u00f3cic cz\u0142owieka. <\/p>\n\n\n\n<p>TV Canaria poinformowa\u0142a, \u017ce do tragedii dosz\u0142o, gdy w morzu ojciec k\u0105pa\u0142 si\u0119 z nieletnim synem. Telewizja, powo\u0142uj\u0105c si\u0119 na konto twitterowe s\u0142u\u017cby ratownictwa morskiego, poda\u0142a, \u017ce 48-latek, kt\u00f3ry uton\u0105\u0142 by\u0142 obywatelem Polski. <\/p>\n\n\n\n<p>Do podobnej tragedii dosz\u0142o te\u017c na pla\u017cy Jandia w Pajara \u2013 jednej z prowincji kanaryjskiej wyspy Fuerteventura w 2017 roku. W\u00f3wczas z oceanu wy\u0142owiono nieprzytomnego m\u0119\u017cczyzn\u0119. Pomimo reanimacji 45-letniego m\u0119\u017cczyzny nie uda\u0142o si\u0119 uratowa\u0107. <\/p>\n\n\n\n<p>Z kolei w 2011 roku w rejonie Puerto de Santiago na Teneryfie zmar\u0142 33-latek narodowo\u015bci polskiej podczas spaceru nad brzegiem oceanu. W\u00f3wczas fale mia\u0142y ok. 4-5 metr\u00f3w wysoko\u015bci. <\/p>\n\n\n\n<p>Foto: Twitter\/SALVAMENTO MAR\u00cdTIMO<\/p>\n","protected":false},"excerpt":{"rendered":"<p>48-letni Polak uton\u0105\u0142 pod koniec stycznia 2022 roku na kanaryjskiej Fuerteventurze. Do tragedii dosz\u0142o na urokliwej pla\u017cy Cofete w \u015brodkowej cz\u0119\u015bci wyspy. To os\u0142oni\u0119ta skalistymi klifami szeroka, piaszczysta pla\u017ca nad krystaliczn\u0105 wod\u0105. Opisywana jako idealne miejsce do relaksu i&nbsp;podziwiania widok\u00f3w. Jednocze\u015bnie w tym miejscu pr\u0105dy morskie bywaj\u0105 bardzo silne, a ocean mo\u017ce by\u0107 niebezpieczny podczas [&hellip;]<\/p>\n","protected":false},"author":4,"featured_media":3930,"comment_status":"closed","ping_status":"open","sticky":false,"template":"","format":"standard","meta":{"om_disable_all_campaigns":false,"_monsterinsights_skip_tracking":false,"_monsterinsights_sitenote_active":false,"_monsterinsights_sitenote_note":"","_monsterinsights_sitenote_category":0,"footnotes":""},"categories":[12,78],"tags":[],"class_list":["post-3926","post","type-post","status-publish","format-standard","has-post-thumbnail","hentry","category-aktualnosci","category-interwencje"],"aioseo_notices":[],"blog_post_layout_featured_media_urls":{"thumbnail":["https:\/\/nakanarach.pl\/wp-content\/uploads\/2022\/01\/Lodz-Ratunkowa-Twitter-Salvamento-Maritimo-150x150.jpg",150,150,true],"full":["https:\/\/nakanarach.pl\/wp-content\/uploads\/2022\/01\/Lodz-Ratunkowa-Twitter-Salvamento-Maritimo.jpg",680,435,false]},"categories_names":{"12":{"name":"Aktualno\u015bci","link":"https:\/\/nakanarach.pl\/index.php\/category\/aktualnosci\/"},"78":{"name":"Interwencje","link":"https:\/\/nakanarach.pl\/index.php\/category\/interwencje\/"}},"tags_names":[],"comments_number":"0","wpmagazine_modules_lite_featured_media_urls":{"thumbnail":["https:\/\/nakanarach.pl\/wp-content\/uploads\/2022\/01\/Lodz-Ratunkowa-Twitter-Salvamento-Maritimo-150x150.jpg",150,150,true],"cvmm-medium":["https:\/\/nakanarach.pl\/wp-content\/uploads\/2022\/01\/Lodz-Ratunkowa-Twitter-Salvamento-Maritimo-300x300.jpg",300,300,true],"cvmm-medium-plus":["https:\/\/nakanarach.pl\/wp-content\/uploads\/2022\/01\/Lodz-Ratunkowa-Twitter-Salvamento-Maritimo-305x207.jpg",305,207,true],"cvmm-portrait":["https:\/\/nakanarach.pl\/wp-content\/uploads\/2022\/01\/Lodz-Ratunkowa-Twitter-Salvamento-Maritimo-400x435.jpg",400,435,true],"cvmm-medium-square":["https:\/\/nakanarach.pl\/wp-content\/uploads\/2022\/01\/Lodz-Ratunkowa-Twitter-Salvamento-Maritimo-600x435.jpg",600,435,true],"cvmm-large":["https:\/\/nakanarach.pl\/wp-content\/uploads\/2022\/01\/Lodz-Ratunkowa-Twitter-Salvamento-Maritimo.jpg",680,435,false],"cvmm-small":["https:\/\/nakanarach.pl\/wp-content\/uploads\/2022\/01\/Lodz-Ratunkowa-Twitter-Salvamento-Maritimo-130x95.jpg",130,95,true],"full":["https:\/\/nakanarach.pl\/wp-content\/uploads\/2022\/01\/Lodz-Ratunkowa-Twitter-Salvamento-Maritimo.jpg",680,435,false]},"_links":{"self":[{"href":"https:\/\/nakanarach.pl\/index.php\/wp-json\/wp\/v2\/posts\/3926","targetHints":{"allow":["GET"]}}],"collection":[{"href":"https:\/\/nakanarach.pl\/index.php\/wp-json\/wp\/v2\/posts"}],"about":[{"href":"https:\/\/nakanarach.pl\/index.php\/wp-json\/wp\/v2\/types\/post"}],"author":[{"embeddable":true,"href":"https:\/\/nakanarach.pl\/index.php\/wp-json\/wp\/v2\/users\/4"}],"replies":[{"embeddable":true,"href":"https:\/\/nakanarach.pl\/index.php\/wp-json\/wp\/v2\/comments?post=3926"}],"version-history":[{"count":3,"href":"https:\/\/nakanarach.pl\/index.php\/wp-json\/wp\/v2\/posts\/3926\/revisions"}],"predecessor-version":[{"id":3953,"href":"https:\/\/nakanarach.pl\/index.php\/wp-json\/wp\/v2\/posts\/3926\/revisions\/3953"}],"wp:featuredmedia":[{"embeddable":true,"href":"https:\/\/nakanarach.pl\/index.php\/wp-json\/wp\/v2\/media\/3930"}],"wp:attachment":[{"href":"https:\/\/nakanarach.pl\/index.php\/wp-json\/wp\/v2\/media?parent=3926"}],"wp:term":[{"taxonomy":"category","embeddable":true,"href":"https:\/\/nakanarach.pl\/index.php\/wp-json\/wp\/v2\/categories?post=3926"},{"taxonomy":"post_tag","embeddable":true,"href":"https:\/\/nakanarach.pl\/index.php\/wp-json\/wp\/v2\/tags?post=3926"}],"curies":[{"name":"wp","href":"https:\/\/api.w.org\/{rel}","templated":true}]}}