{"id":4115,"date":"2022-03-04T06:08:00","date_gmt":"2022-03-04T06:08:00","guid":{"rendered":"https:\/\/nakanarach.pl\/?p=4115"},"modified":"2022-03-04T16:31:07","modified_gmt":"2022-03-04T16:31:07","slug":"karnawal-w-las-palmas","status":"publish","type":"post","link":"https:\/\/nakanarach.pl\/index.php\/2022\/03\/04\/karnawal-w-las-palmas\/","title":{"rendered":"KARNAWA\u0141 NA KANARACH (AKTUALIZACJA)"},"content":{"rendered":"\n<p><strong>Pomimo ogranicze\u0144 pandemicznych od 25 lutego do 20 marca 2022 roku trwa karnawa\u0142 w Las Palmas de Gran Canaria. Nie b\u0119dzie tradycyjnej parady, ale na koniec uroczysto\u015bci uczestnicy groteskowego konduktu \u017ca\u0142obnego zorganizuj\u0105 pogrzeb sardynki. Imprezy odbywaj\u0105 si\u0119 te\u017c si\u0119 te\u017c na Teneryfie i La Gomerze. <\/strong><\/p>\n\n\n\n<p>Tradycyjnie kandydatki na kr\u00f3lowe: karnawa\u0142u, Drag Queen, Child Queen czy King and Great Lady paraduj\u0105 na scenie parku Santa Catalina w stolicy Gran Canarii, gdzie zostan\u0105 przyj\u0119ci przez burmistrza stolicy Gran Canaria &#8211; Augusto Hidalgo i radnego ds. karnawa\u0142u &#8211; Inmaculada Medina.&nbsp;<\/p>\n\n\n\n<p>Oficjalne otwarcie karnawa\u0142u rozpocznie si\u0119 o godz. 19, tu\u017c przed og\u0142oszeniem konkursu na kostiumy dla doros\u0142ych, a przy okazji odb\u0119dzie si\u0119 losowanie, kt\u00f3re okre\u015bli kolejno\u015b\u0107 udzia\u0142u w poszczeg\u00f3lnych galach karnawa\u0142owych, kt\u00f3re odb\u0119d\u0105 si\u0119 w dniach 25 lutego \u2013 20 marca 2022 roku.<\/p>\n\n\n\n<p>Po roku przerwy spowodowanej pandemi\u0105 do programu uroczysto\u015bci, kt\u00f3ra oficjalnie rozpocznie si\u0119 dzie\u0144 wcze\u015bniej, 25 lutego, zostanie odczytana proklamacja La Trova w scenerii parku Santa Catalina.<\/p>\n\n\n\n<p>Najwa\u017cniejsze wydarzenia to m.in. gala kr\u00f3lowej i gala draq queen odb\u0119d\u0105 11 i 18 marca&nbsp;.&nbsp;Grupy zaprezentuj\u0105 sw\u00f3j repertuar artystyczny od 2 do 5 marca 2022 roku, kiedy to odb\u0119dzie si\u0119 fina\u0142.&nbsp;20 marca odb\u0119dzie si\u0119 tradycyjny poch\u00f3wek sardynki, czyli groteskowy kondukt \u017ca\u0142obny na koniec karnawa\u0142u. Uczestnicy przebrani s\u0105 na czarno, za wdowy, wdowc\u00f3w, ksi\u0119\u017cy lub siostry zakonne (wdow\u0105 mo\u017ce by\u0107 te\u017c m\u0119\u017cczyzna), \u017ba\u0142obnicy przejd\u0105 ulicami do miejsca, gdzie uroczy\u015bcie zostanie spalona wielka kuk\u0142a sardynki, co oznacza, \u017ce karnawa\u0142 dobieg\u0142 ko\u0144ca.<\/p>\n\n\n\n<p>Bilety mo\u017cna bezp\u0142atnie\u00a0zamawia\u0107 na stronie\u00a0<a href=\"http:\/\/lpacarnaval.com\/es\/\">lpacarnaval.com<\/a>\u00a0lub\u00a0<strong>entrees.es<\/strong>, aby wzi\u0105\u0107 udzia\u0142 w proklamacji (pi\u0105tek, 25 lutego), konkursie kostium\u00f3w dla doros\u0142ych (sobota, 26 lutego) oraz zobaczy\u0107 wyst\u0119py grup artystycznych i konkurs Wielkiej Damy (niedziela 27 lutego).<\/p>\n\n\n\n<p>5 marca zaczyna si\u0119 program karnawa\u0142owy w gminie Mogan na po\u0142udniu Gran Canarii, kt\u00f3ry\u00a0odb\u0119dzie si\u0119 w r\u00f3\u017cnych dzielnicach gminy do 3 kwietnia\u00a02022 roku.\u00a0Drag Gala, kt\u00f3ra odb\u0119dzie si\u0119 26 marca w Arguinegu\u00edn.<\/p>\n\n\n\n<p>Karnawa\u0142 w Maspalomas na po\u0142udniu Gran Canarii przesuni\u0119to na inny termin. Rada&nbsp;Miejska San Bartolom\u00e9 de Tirajana&nbsp;zmieni\u0142a daty obchod\u00f3w&nbsp;Mi\u0119dzynarodowego Karnawa\u0142u Maspalomas od 9 do 19 czerwca 2022 roku.&nbsp;<\/p>\n\n\n\n<p>Na La Gomerze tak\u017ce odby\u0142y si\u0119 imprezy, gdzie m.in. wybierano najlepsze kostiumy, a tak\u017ce kr\u00f3lowe karnawa\u0142u w\u015br\u00f3d dzieci i doros\u0142ych. <\/p>\n\n\n\n<p>Tymczasem ju\u017c w marcu 2022 roku na p\u00f3\u0142nocy Teneryfy zorganizowano imprezy karnawa\u0142owe, kt\u00f3re potrwaj\u0105 do 6 marca w Puerto de La Cruz, w kompleksie turystycznym Costa Marti\u00e1nez<\/p>\n\n\n\n<p>4 marca o godz. 21:30 odb\u0119dzie si\u0119 Mascarita Ponte Tac\u00f3n, czyli tor przeszk\u00f3d, kt\u00f3ry trzeba pokona\u0107 na obcasach i w przebraniach. <\/p>\n\n\n\n<p>O godzinie 20 rozpocznie si\u0119 impreza pt.  &#8222;Noce karnawa\u0142owe&#8221;, z muzyk\u0105, ta\u0144cem i humorem. Kolejna Druga edycja Noches del Carnaval odb\u0119dzie si\u0119 5 marca 2022 roku o godz. 20.<\/p>\n\n\n\n<p>Z kolei Coso Apoteosis del Carnaval zako\u0144czy \u015bwi\u0119towanie na ulicach Puerto de La Cruz w kompleksie Costa Martianez o godz. 16. <\/p>\n\n\n\n<p>Tymczasem Rada Miasta stolicy Teneryfy, gdzie odbywa\u0142 si\u0119 drugi, co do wielko\u015bci, tu\u017c po Brazylii, karnawa\u0142 na \u015bwiecie wskaza\u0142a, \u017ce g\u0142\u00f3wne imprezy wraz z ulicznym korowodem odb\u0119d\u0105 si\u0119 pomi\u0119dzy 4 a 26 czerwca 2022 r. w formie konkurs\u00f3w i gal. <\/p>\n\n\n\n<p>Foto: lpacarnaval.com<\/p>\n","protected":false},"excerpt":{"rendered":"<p>Pomimo ogranicze\u0144 pandemicznych od 25 lutego do 20 marca 2022 roku trwa karnawa\u0142 w Las Palmas de Gran Canaria. Nie b\u0119dzie tradycyjnej parady, ale na koniec uroczysto\u015bci uczestnicy groteskowego konduktu \u017ca\u0142obnego zorganizuj\u0105 pogrzeb sardynki. Imprezy odbywaj\u0105 si\u0119 te\u017c si\u0119 te\u017c na Teneryfie i La Gomerze. Tradycyjnie kandydatki na kr\u00f3lowe: karnawa\u0142u, Drag Queen, Child Queen czy [&hellip;]<\/p>\n","protected":false},"author":4,"featured_media":4170,"comment_status":"closed","ping_status":"open","sticky":false,"template":"","format":"standard","meta":{"om_disable_all_campaigns":false,"_monsterinsights_skip_tracking":false,"_monsterinsights_sitenote_active":false,"_monsterinsights_sitenote_note":"","_monsterinsights_sitenote_category":0,"footnotes":""},"categories":[12,21],"tags":[],"class_list":["post-4115","post","type-post","status-publish","format-standard","has-post-thumbnail","hentry","category-aktualnosci","category-karnawal"],"aioseo_notices":[],"blog_post_layout_featured_media_urls":{"thumbnail":["https:\/\/nakanarach.pl\/wp-content\/uploads\/2022\/02\/Karnawal-2022-scena-lpacarnaval-150x150.jpg",150,150,true],"full":["https:\/\/nakanarach.pl\/wp-content\/uploads\/2022\/02\/Karnawal-2022-scena-lpacarnaval.jpg",600,400,false]},"categories_names":{"12":{"name":"Aktualno\u015bci","link":"https:\/\/nakanarach.pl\/index.php\/category\/aktualnosci\/"},"21":{"name":"Karnawa\u0142","link":"https:\/\/nakanarach.pl\/index.php\/category\/kultura\/karnawal\/"}},"tags_names":[],"comments_number":"0","wpmagazine_modules_lite_featured_media_urls":{"thumbnail":["https:\/\/nakanarach.pl\/wp-content\/uploads\/2022\/02\/Karnawal-2022-scena-lpacarnaval-150x150.jpg",150,150,true],"cvmm-medium":["https:\/\/nakanarach.pl\/wp-content\/uploads\/2022\/02\/Karnawal-2022-scena-lpacarnaval-300x300.jpg",300,300,true],"cvmm-medium-plus":["https:\/\/nakanarach.pl\/wp-content\/uploads\/2022\/02\/Karnawal-2022-scena-lpacarnaval-305x207.jpg",305,207,true],"cvmm-portrait":["https:\/\/nakanarach.pl\/wp-content\/uploads\/2022\/02\/Karnawal-2022-scena-lpacarnaval-400x400.jpg",400,400,true],"cvmm-medium-square":["https:\/\/nakanarach.pl\/wp-content\/uploads\/2022\/02\/Karnawal-2022-scena-lpacarnaval.jpg",600,400,false],"cvmm-large":["https:\/\/nakanarach.pl\/wp-content\/uploads\/2022\/02\/Karnawal-2022-scena-lpacarnaval.jpg",600,400,false],"cvmm-small":["https:\/\/nakanarach.pl\/wp-content\/uploads\/2022\/02\/Karnawal-2022-scena-lpacarnaval-130x95.jpg",130,95,true],"full":["https:\/\/nakanarach.pl\/wp-content\/uploads\/2022\/02\/Karnawal-2022-scena-lpacarnaval.jpg",600,400,false]},"_links":{"self":[{"href":"https:\/\/nakanarach.pl\/index.php\/wp-json\/wp\/v2\/posts\/4115","targetHints":{"allow":["GET"]}}],"collection":[{"href":"https:\/\/nakanarach.pl\/index.php\/wp-json\/wp\/v2\/posts"}],"about":[{"href":"https:\/\/nakanarach.pl\/index.php\/wp-json\/wp\/v2\/types\/post"}],"author":[{"embeddable":true,"href":"https:\/\/nakanarach.pl\/index.php\/wp-json\/wp\/v2\/users\/4"}],"replies":[{"embeddable":true,"href":"https:\/\/nakanarach.pl\/index.php\/wp-json\/wp\/v2\/comments?post=4115"}],"version-history":[{"count":10,"href":"https:\/\/nakanarach.pl\/index.php\/wp-json\/wp\/v2\/posts\/4115\/revisions"}],"predecessor-version":[{"id":4233,"href":"https:\/\/nakanarach.pl\/index.php\/wp-json\/wp\/v2\/posts\/4115\/revisions\/4233"}],"wp:featuredmedia":[{"embeddable":true,"href":"https:\/\/nakanarach.pl\/index.php\/wp-json\/wp\/v2\/media\/4170"}],"wp:attachment":[{"href":"https:\/\/nakanarach.pl\/index.php\/wp-json\/wp\/v2\/media?parent=4115"}],"wp:term":[{"taxonomy":"category","embeddable":true,"href":"https:\/\/nakanarach.pl\/index.php\/wp-json\/wp\/v2\/categories?post=4115"},{"taxonomy":"post_tag","embeddable":true,"href":"https:\/\/nakanarach.pl\/index.php\/wp-json\/wp\/v2\/tags?post=4115"}],"curies":[{"name":"wp","href":"https:\/\/api.w.org\/{rel}","templated":true}]}}