{"id":4246,"date":"2022-03-08T09:32:36","date_gmt":"2022-03-08T09:32:36","guid":{"rendered":"https:\/\/nakanarach.pl\/?p=4246"},"modified":"2022-03-08T15:04:24","modified_gmt":"2022-03-08T15:04:24","slug":"koniec-z-maseczkami-na-zewnatrz-i-samolotach","status":"publish","type":"post","link":"https:\/\/nakanarach.pl\/index.php\/2022\/03\/08\/koniec-z-maseczkami-na-zewnatrz-i-samolotach\/","title":{"rendered":"KONIEC Z MASECZKAMI NA ZEWN\u0104TRZ I W SAMOLOTACH?"},"content":{"rendered":"\n<p><strong>Premier Hiszpanii Pedro S\u00e1nchez zapowiedzia\u0142, \u017ce u\u017cywanie masek w pomieszczeniach w celu zapobiegania zaka\u017ceniom koronawirusem&nbsp;przestanie by\u0107 obowi\u0105zkowe \u201ewkr\u00f3tce, bardzo nied\u0142ugo\u201d, kiedy tak postanowi minister zdrowia Carolina Darias.<\/strong><\/p>\n\n\n\n<p>Doda\u0142 on, \u017ce jest to mo\u017cliwe, piniewa\u017c w Hiszpania ma \u201eniezwykle wysok\u0105\u201d liczb\u0119 zaszczepionych wynoszac\u0105 ponad 88% (w Polsce zaledwie 58%)  i \u201enajni\u017csz\u0105\u201d skumulowan\u0105 zapadalno\u015b\u0107 na zaka\u017cenie koronawirusem w ca\u0142ej Unii Europejskiej.<\/p>\n\n\n\n<p>Z kolei od pocz\u0105tku marca 2022 roku linia lotnicza Jet2 znios\u0142a obowi\u0105zek noszenia masek w samolotach na trasach zaczynaj\u0105cych si\u0119 w Anglii, Walii i Irlandii P\u00f3\u0142nocnej. Jednak maski s\u0105 nadal wymagane podczas wysiadania na zagranicznych lotniskach i podczas transfer\u00f3w do kurort\u00f3w, tak\u017ce na Wyspach Kanaryjskich.&nbsp;<\/p>\n\n\n\n<p>Podobne kroki zamierza te\u017c wprowadzi\u0107 na pok\u0142adach swoich samolot\u00f3w Ryanair. Dyrektor generalny irlandzkiego przewo\u017anika Michael O\u2019Leary, zapowiedzia\u0142, \u017ce od maja 2022 roku pasa\u017cerowie irlandzkiego przewo\u017anika b\u0119d\u0105 mieli mo\u017cliwo\u015b\u0107 podr\u00f3\u017cowania bez masek. <\/p>\n\n\n\n<p>Inne linie lotnicze np. LOT, easyJet, British Airways, TUI, Virgin Atlantic i Wizz Air,  na razie nie planuj\u0105 luzowania obostrze\u0144 i noszenia maseczek w samolotach.&nbsp;Nie wykluczaj\u0105 jednak, \u017ce z czasem to si\u0119 zmieni. <\/p>\n\n\n\n<p>Tymczasem maseczki w samolotach maj\u0105 pozosta\u0107 obowi\u0105zkowe nawet po pandemii \u2013 zapowiedzia\u0142a prezeska portugalskich linii lotniczych TAP Air Portugal. Dodaje te\u017c, \u017ce tak\u017ce wiele innych restrykcji covidowych b\u0119dzie obowi\u0105zkowych na pok\u0142adach tej linii tak\u017ce po pandemii.<\/p>\n\n\n\n<p>Tymczasem jak ju\u017c informowali\u015bmy wcze\u015bniej na portalu nakanarach.pl Hiszpania zamierza sko\u0144czy\u0107 z masowym testowaniem na obecno\u015b\u0107 koronawirusa. Premier rz\u0105du centralnego Pedro Sanchez potwierdzi\u0142 na pocz\u0105tku 2022 roku, \u017ce ten kraj jako pierwszy w Unii Europejskiej chce zmieni\u0107 spos\u00f3b monitorowania rozwoju pandemii. Covid-19 ma by\u0107 traktowany jak kolejna choroba uk\u0142adu oddechowego, podobnie jak grypa.&nbsp;<\/p>\n\n\n\n<p>Foto: Czytelnik<\/p>\n","protected":false},"excerpt":{"rendered":"<p>Premier Hiszpanii Pedro S\u00e1nchez zapowiedzia\u0142, \u017ce u\u017cywanie masek w pomieszczeniach w celu zapobiegania zaka\u017ceniom koronawirusem&nbsp;przestanie by\u0107 obowi\u0105zkowe \u201ewkr\u00f3tce, bardzo nied\u0142ugo\u201d, kiedy tak postanowi minister zdrowia Carolina Darias. Doda\u0142 on, \u017ce jest to mo\u017cliwe, piniewa\u017c w Hiszpania ma \u201eniezwykle wysok\u0105\u201d liczb\u0119 zaszczepionych wynoszac\u0105 ponad 88% (w Polsce zaledwie 58%) i \u201enajni\u017csz\u0105\u201d skumulowan\u0105 zapadalno\u015b\u0107 na zaka\u017cenie koronawirusem [&hellip;]<\/p>\n","protected":false},"author":2,"featured_media":2815,"comment_status":"closed","ping_status":"open","sticky":false,"template":"","format":"standard","meta":{"om_disable_all_campaigns":false,"_monsterinsights_skip_tracking":false,"_monsterinsights_sitenote_active":false,"_monsterinsights_sitenote_note":"","_monsterinsights_sitenote_category":0,"footnotes":""},"categories":[12],"tags":[],"class_list":["post-4246","post","type-post","status-publish","format-standard","has-post-thumbnail","hentry","category-aktualnosci"],"aioseo_notices":[],"blog_post_layout_featured_media_urls":{"thumbnail":["https:\/\/nakanarach.pl\/wp-content\/uploads\/2021\/09\/Lotnisko-Binter-150x150.jpeg",150,150,true],"full":["https:\/\/nakanarach.pl\/wp-content\/uploads\/2021\/09\/Lotnisko-Binter-scaled.jpeg",2560,1440,false]},"categories_names":{"12":{"name":"Aktualno\u015bci","link":"https:\/\/nakanarach.pl\/index.php\/category\/aktualnosci\/"}},"tags_names":[],"comments_number":"0","wpmagazine_modules_lite_featured_media_urls":{"thumbnail":["https:\/\/nakanarach.pl\/wp-content\/uploads\/2021\/09\/Lotnisko-Binter-150x150.jpeg",150,150,true],"cvmm-medium":["https:\/\/nakanarach.pl\/wp-content\/uploads\/2021\/09\/Lotnisko-Binter-300x300.jpeg",300,300,true],"cvmm-medium-plus":["https:\/\/nakanarach.pl\/wp-content\/uploads\/2021\/09\/Lotnisko-Binter-305x207.jpeg",305,207,true],"cvmm-portrait":["https:\/\/nakanarach.pl\/wp-content\/uploads\/2021\/09\/Lotnisko-Binter-400x600.jpeg",400,600,true],"cvmm-medium-square":["https:\/\/nakanarach.pl\/wp-content\/uploads\/2021\/09\/Lotnisko-Binter-600x600.jpeg",600,600,true],"cvmm-large":["https:\/\/nakanarach.pl\/wp-content\/uploads\/2021\/09\/Lotnisko-Binter-1024x1024.jpeg",1024,1024,true],"cvmm-small":["https:\/\/nakanarach.pl\/wp-content\/uploads\/2021\/09\/Lotnisko-Binter-130x95.jpeg",130,95,true],"full":["https:\/\/nakanarach.pl\/wp-content\/uploads\/2021\/09\/Lotnisko-Binter-scaled.jpeg",2560,1440,false]},"_links":{"self":[{"href":"https:\/\/nakanarach.pl\/index.php\/wp-json\/wp\/v2\/posts\/4246","targetHints":{"allow":["GET"]}}],"collection":[{"href":"https:\/\/nakanarach.pl\/index.php\/wp-json\/wp\/v2\/posts"}],"about":[{"href":"https:\/\/nakanarach.pl\/index.php\/wp-json\/wp\/v2\/types\/post"}],"author":[{"embeddable":true,"href":"https:\/\/nakanarach.pl\/index.php\/wp-json\/wp\/v2\/users\/2"}],"replies":[{"embeddable":true,"href":"https:\/\/nakanarach.pl\/index.php\/wp-json\/wp\/v2\/comments?post=4246"}],"version-history":[{"count":5,"href":"https:\/\/nakanarach.pl\/index.php\/wp-json\/wp\/v2\/posts\/4246\/revisions"}],"predecessor-version":[{"id":4255,"href":"https:\/\/nakanarach.pl\/index.php\/wp-json\/wp\/v2\/posts\/4246\/revisions\/4255"}],"wp:featuredmedia":[{"embeddable":true,"href":"https:\/\/nakanarach.pl\/index.php\/wp-json\/wp\/v2\/media\/2815"}],"wp:attachment":[{"href":"https:\/\/nakanarach.pl\/index.php\/wp-json\/wp\/v2\/media?parent=4246"}],"wp:term":[{"taxonomy":"category","embeddable":true,"href":"https:\/\/nakanarach.pl\/index.php\/wp-json\/wp\/v2\/categories?post=4246"},{"taxonomy":"post_tag","embeddable":true,"href":"https:\/\/nakanarach.pl\/index.php\/wp-json\/wp\/v2\/tags?post=4246"}],"curies":[{"name":"wp","href":"https:\/\/api.w.org\/{rel}","templated":true}]}}