{"id":4473,"date":"2022-03-23T07:47:34","date_gmt":"2022-03-23T07:47:34","guid":{"rendered":"https:\/\/nakanarach.pl\/?p=4473"},"modified":"2022-03-23T09:17:25","modified_gmt":"2022-03-23T09:17:25","slug":"imigranci-wracaja-do-afryki","status":"publish","type":"post","link":"https:\/\/nakanarach.pl\/index.php\/2022\/03\/23\/imigranci-wracaja-do-afryki\/","title":{"rendered":"IMIGRANCI WRACAJ\u0104 DO AFRYKI"},"content":{"rendered":"\n<p><strong>Rz\u0105d centralny Hiszpanii wznowi\u0142 repatriacje do Maroka imigrant\u00f3w, kt\u00f3rzy nielegalnie przybyli \u0142odziami na Wyspy Kanaryjskie. <\/strong><br>Gazeta Eldiaro poinformowa\u0142a, \u017ce aby przeprowadzi\u0107 repatriacje rozpocz\u0119to wcze\u015bniej przygotowywanie niezb\u0119dnej dokumentacji.<\/p>\n\n\n\n<p>22 marca 2022 roku powroty imigrant\u00f3w zosta\u0142y reaktywowane lotem, kt\u00f3ry wystartowa\u0142 z Gran Canarii z pierwszymi 20 osobami, w asy\u015bcie agent\u00f3w policji krajowej, kt\u00f3ra jest organem odpowiedzialnym za przeprowadzanie tych transfer\u00f3w.<\/p>\n\n\n\n<p>Obywatele, kt\u00f3rzy lecieli do Maroka byli zatrzymywani w o\u015brodku detencyjnym dla cudzoziemc\u00f3w na Gran Canarii, kt\u00f3ry ponownie dzia\u0142a.<\/p>\n\n\n\n<p>Gazeta pisze, \u017ce wznowienie tych repatriacji nast\u0105pi\u0142o kilka dni po tym, jak premier rz\u0105du centralnego Pedro S\u00e1nchez wys\u0142a\u0142 list do kr\u00f3la Mohameda VI broni\u0105cy planu autonomii dla Sahary Zachodniej zaproponowanego przez Maroko w 2007 roku, poniewa\u017c S\u00e1nchez zrozumia\u0142, \u017ce jest to \u201enajpowa\u017cniejszy i najbardziej realistyczny \u201d, aby osi\u0105gn\u0105\u0107 rozwi\u0105zanie tego konfliktu.<\/p>\n\n\n\n<p>Maroko zawiesi\u0142o repatriacje w 2021 roku. Do tego czasu Hiszpania przenosi\u0142a \u015brednio 80 obywateli tygodniowo do Maroka na pok\u0142adach samolot\u00f3w Royal Air Maroc wylatuj\u0105cych z Gran Canarii i zmierzaj\u0105cych do El Aai\u00fan, stolicy Sahary.<\/p>\n\n\n\n<p>W przeciwie\u0144stwie do Mauretanii, kt\u00f3ra pozwala Hiszpanii na transfer ka\u017cdego migranta przybywaj\u0105cego \u0142odzi\u0105 na Wyspy Kanaryjskie, niezale\u017cnie od jego narodowo\u015bci, o ile opu\u015bcili swoje wybrze\u017ce lub przejechali przez jego terytorium, Maroko przyjmuje wy\u0142\u0105cznie obywateli z obywatelstwem maroka\u0144skim.<\/p>\n\n\n\n<p>Wed\u0142ug danych Ministerstwa Spraw Wewn\u0119trznych opublikowanych przez Rzecznika Praw Obywatelskich nieco ponad po\u0142owa ocala\u0142ych, kt\u00f3rzy przybyli na Wyspy Kanaryjskie na pok\u0142adach ma\u0142ych \u0142odzi, pochodzi z Maroka.<\/p>\n\n\n\n<p>W 2021 roku na Wyspy Kanaryjskie przyp\u0142yn\u0119\u0142o ponad 21 tys. imigrant\u00f3w z Afryki oddalonej ok. 200 km od archipelagu. W oceanie podczas ryzykownej podr\u00f3\u017cy zgin\u0119\u0142o prawie 4,5 tys. os\u00f3b.  <\/p>\n\n\n\n<p>Foto: Czytelnik<\/p>\n","protected":false},"excerpt":{"rendered":"<p>Rz\u0105d centralny Hiszpanii wznowi\u0142 repatriacje do Maroka imigrant\u00f3w, kt\u00f3rzy nielegalnie przybyli \u0142odziami na Wyspy Kanaryjskie. Gazeta Eldiaro poinformowa\u0142a, \u017ce aby przeprowadzi\u0107 repatriacje rozpocz\u0119to wcze\u015bniej przygotowywanie niezb\u0119dnej dokumentacji. 22 marca 2022 roku powroty imigrant\u00f3w zosta\u0142y reaktywowane lotem, kt\u00f3ry wystartowa\u0142 z Gran Canarii z pierwszymi 20 osobami, w asy\u015bcie agent\u00f3w policji krajowej, kt\u00f3ra jest organem odpowiedzialnym za [&hellip;]<\/p>\n","protected":false},"author":2,"featured_media":4483,"comment_status":"closed","ping_status":"open","sticky":false,"template":"","format":"standard","meta":{"om_disable_all_campaigns":false,"_monsterinsights_skip_tracking":false,"_monsterinsights_sitenote_active":false,"_monsterinsights_sitenote_note":"","_monsterinsights_sitenote_category":0,"footnotes":""},"categories":[12],"tags":[],"class_list":["post-4473","post","type-post","status-publish","format-standard","has-post-thumbnail","hentry","category-aktualnosci"],"aioseo_notices":[],"blog_post_layout_featured_media_urls":{"thumbnail":["https:\/\/nakanarach.pl\/wp-content\/uploads\/2022\/03\/Imigranci-na-lotnisku-GC-150x150.jpg",150,150,true],"full":["https:\/\/nakanarach.pl\/wp-content\/uploads\/2022\/03\/Imigranci-na-lotnisku-GC.jpg",1643,754,false]},"categories_names":{"12":{"name":"Aktualno\u015bci","link":"https:\/\/nakanarach.pl\/index.php\/category\/aktualnosci\/"}},"tags_names":[],"comments_number":"0","wpmagazine_modules_lite_featured_media_urls":{"thumbnail":["https:\/\/nakanarach.pl\/wp-content\/uploads\/2022\/03\/Imigranci-na-lotnisku-GC-150x150.jpg",150,150,true],"cvmm-medium":["https:\/\/nakanarach.pl\/wp-content\/uploads\/2022\/03\/Imigranci-na-lotnisku-GC-300x300.jpg",300,300,true],"cvmm-medium-plus":["https:\/\/nakanarach.pl\/wp-content\/uploads\/2022\/03\/Imigranci-na-lotnisku-GC-305x207.jpg",305,207,true],"cvmm-portrait":["https:\/\/nakanarach.pl\/wp-content\/uploads\/2022\/03\/Imigranci-na-lotnisku-GC-400x600.jpg",400,600,true],"cvmm-medium-square":["https:\/\/nakanarach.pl\/wp-content\/uploads\/2022\/03\/Imigranci-na-lotnisku-GC-600x600.jpg",600,600,true],"cvmm-large":["https:\/\/nakanarach.pl\/wp-content\/uploads\/2022\/03\/Imigranci-na-lotnisku-GC-1024x754.jpg",1024,754,true],"cvmm-small":["https:\/\/nakanarach.pl\/wp-content\/uploads\/2022\/03\/Imigranci-na-lotnisku-GC-130x95.jpg",130,95,true],"full":["https:\/\/nakanarach.pl\/wp-content\/uploads\/2022\/03\/Imigranci-na-lotnisku-GC.jpg",1643,754,false]},"_links":{"self":[{"href":"https:\/\/nakanarach.pl\/index.php\/wp-json\/wp\/v2\/posts\/4473","targetHints":{"allow":["GET"]}}],"collection":[{"href":"https:\/\/nakanarach.pl\/index.php\/wp-json\/wp\/v2\/posts"}],"about":[{"href":"https:\/\/nakanarach.pl\/index.php\/wp-json\/wp\/v2\/types\/post"}],"author":[{"embeddable":true,"href":"https:\/\/nakanarach.pl\/index.php\/wp-json\/wp\/v2\/users\/2"}],"replies":[{"embeddable":true,"href":"https:\/\/nakanarach.pl\/index.php\/wp-json\/wp\/v2\/comments?post=4473"}],"version-history":[{"count":12,"href":"https:\/\/nakanarach.pl\/index.php\/wp-json\/wp\/v2\/posts\/4473\/revisions"}],"predecessor-version":[{"id":4489,"href":"https:\/\/nakanarach.pl\/index.php\/wp-json\/wp\/v2\/posts\/4473\/revisions\/4489"}],"wp:featuredmedia":[{"embeddable":true,"href":"https:\/\/nakanarach.pl\/index.php\/wp-json\/wp\/v2\/media\/4483"}],"wp:attachment":[{"href":"https:\/\/nakanarach.pl\/index.php\/wp-json\/wp\/v2\/media?parent=4473"}],"wp:term":[{"taxonomy":"category","embeddable":true,"href":"https:\/\/nakanarach.pl\/index.php\/wp-json\/wp\/v2\/categories?post=4473"},{"taxonomy":"post_tag","embeddable":true,"href":"https:\/\/nakanarach.pl\/index.php\/wp-json\/wp\/v2\/tags?post=4473"}],"curies":[{"name":"wp","href":"https:\/\/api.w.org\/{rel}","templated":true}]}}