{"id":4640,"date":"2022-04-06T16:17:00","date_gmt":"2022-04-06T15:17:00","guid":{"rendered":"https:\/\/nakanarach.pl\/?p=4640"},"modified":"2022-04-13T15:00:22","modified_gmt":"2022-04-13T14:00:22","slug":"koniec-formularza-lokalizacyjnego-w-hiszpanii","status":"publish","type":"post","link":"https:\/\/nakanarach.pl\/index.php\/2022\/04\/06\/koniec-formularza-lokalizacyjnego-w-hiszpanii\/","title":{"rendered":"KONIEC FORMULARZA LOKALIZACYJNEGO W HISZPANII"},"content":{"rendered":"\n<p><strong>6 kwietnia 2022 roku w Hiszpanii (tak\u017ce na Wyspach Kanaryjskich) przesta\u0142 obowi\u0105zywa\u0107 kod QR przy wje\u017adzie do tego kraju drog\u0105 powietrzn\u0105 i morsk\u0105. Jednak nie dla wszystkich. Z tego prawa mog\u0105 skorzysta\u0107 tylko osoby posiadaj\u0105ce Unijny Certyfikat COVID (potwierdzaj\u0105cy przyj\u0119cie szczepienia\/negatywny wynik testu zarejestrowanego w systemie\/przebycie COVID-19).  <\/strong><\/p>\n\n\n\n<p>Jak pisze serwis gov.pl wszyscy podr\u00f3\u017cni, kt\u00f3rzy nie posiadaj\u0105 Unijnego Certyfikatu COVID i przybywaj\u0105 do Hiszpanii drog\u0105 powietrzn\u0105 lub morsk\u0105, s\u0105 zobowi\u0105zani do wype\u0142nienia formularza sanitarnego (dost\u0119pny na stronie&nbsp;<a href=\"http:\/\/www.spth.gob.es\/#_blank\">www.spth.gob.es<\/a>&nbsp;lub poprzez bezp\u0142atn\u0105 aplikacj\u0119 SPAIN TRAVEL HEALTH-SpTH).&nbsp;Formularz generuje kod QR, kt\u00f3ry nale\u017cy okaza\u0107 przed wej\u015bciem na pok\u0142ad samolotu lub statku pasa\u017cerskiego oraz po przybyciu do Hiszpanii.<\/p>\n\n\n\n<p>Wszycy pasa\u017cerowie s\u0105 zobowi\u0105zani tak\u017ce do poddania si\u0119 kontroli zdrowotnej, kt\u00f3ra mo\u017ce obejmowa\u0107 mierzenie temperatury, sprawdzanie dokument\u00f3w oraz ocen\u0119 og\u00f3ln\u0105 (wizualn\u0105) stanu zdrowia. Mierzenie temperatury b\u0119dzie si\u0119 odbywa\u0142o poprzez kamery termowizyjne lub termometry bezkontaktowe. Za gor\u0105czk\u0119 b\u0119dzie uznawana temperatura 37,5 \u00b0C oraz wy\u017csza.<\/p>\n\n\n\n<p>W przypadku stwierdzenia gor\u0105czki lub podejrze\u0144 o wykazywanie objaw\u00f3w COVID-19, pasa\u017cer zostanie poddany kolejnej kontroli (obejmuj\u0105cej powt\u00f3rne mierzenie temperatury, badanie lekarskie). Je\u015bli podejrzenia oka\u017c\u0105 si\u0119 uzasadnione zostanie uruchomiony alert sanitarny (wg protoko\u0142\u00f3w przygotowanych wsp\u00f3lnie przez w\u0142adze centralne i regionalne), a pasa\u017cer zostanie skierowany do odpowiedniego centrum medycznego.<\/p>\n\n\n\n<p>Pasa\u017cerowie mog\u0105 zosta\u0107 skierowani tak\u017ce na wykonanie testu na obecno\u015b\u0107 SARS-CoV-2.<\/p>\n\n\n\n<p><strong>Podr\u00f3\u017cuj\u0105cy do Hiszpanii,&nbsp;<\/strong><strong>kt\u00f3rzy nie posiadaj\u0105 Unijnego Certyfikatu COVID,<\/strong><strong>&nbsp;zobowi\u0105zani s\u0105 do przedstawienia wraz z wype\u0142nionym formularzem sanitarnym jednego z poni\u017cszych dokument\u00f3w:<\/strong><\/p>\n\n\n\n<p><strong>1. Za\u015bwiadczenia potwierdzaj\u0105cego przyj\u0119cie pe\u0142nej szczepionki przeciwko COVID-19 \u2014&nbsp;<\/strong>uznawane s\u0105 za\u015bwiadczenia, zgodnie z kt\u00f3rymi up\u0142yn\u0119\u0142o 14 dni od przyj\u0119cia pe\u0142nego szczepienia; za\u015bwiadczenie musi zawiera\u0107 nast\u0119puj\u0105ce informacje: imi\u0119 i nazwisko osoby zaszczepionej, dat\u0119 szczepienia ze wskazaniem przyj\u0119cia ostatniej dawki, rodzaj przyj\u0119tej szczepionki, liczb\u0119 przyj\u0119tych dawek\/wskazanie przyj\u0119cia pe\u0142nego szczepienia, kraj, w kt\u00f3rym dokonano szczepienia oraz wskazanie instytucji wydaj\u0105cej za\u015bwiadczenie,<\/p>\n\n\n\n<p>Przypominamy, \u017ce od 1 lutego 2022 roku uznawane s\u0105 za\u015bwiadczenia o szczepieniu, zgodnie z kt\u00f3rymi up\u0142yn\u0119\u0142o od 14 do 270 dni od przyj\u0119cia pe\u0142nego szczepienia. Po up\u0142ywie tego terminu, certyfikat powinien zawiera\u0107 informacje o przyj\u0119ciu dawki przypominaj\u0105cej szczepienia.<\/p>\n\n\n\n<p><strong>2. Za\u015bwiadczenia o negatywnym wyniku testu na obecno\u015b\u0107 SARS-CoV-2 \u2014&nbsp;<\/strong>uznawane s\u0105 za\u015bwiadczenia o wyniku testu wykonanego technik\u0105 NAAT (np. PCR) w ci\u0105gu 72 godzin przed przylotem do Hiszpanii lub za\u015bwiadczenia o wyniku testu antygenowego wykonanego w ci\u0105gu 24&nbsp;godzin przez przylotem do Hiszpanii (dot. szybkich test\u00f3w antygenowych uwzgl\u0119dnionych we wsp\u00f3lnym wykazie szybkich test\u00f3w antygenowych publikowanym przez Komisj\u0119 Europejsk\u0105 na podstawie Zalecenia Rady 2021\/C 24\/01); za\u015bwiadczenie musi zawiera\u0107 nast\u0119puj\u0105ce informacje: imi\u0119 i nazwisko podr\u00f3\u017cuj\u0105cego, dat\u0119 przeprowadzenia testu, wskazanie rodzaju przeprowadzonego testu, wskazanie kraju, kt\u00f3rym przeprowadzono test,<\/p>\n\n\n\n<p><strong>3. Za\u015bwiadczenia o przebyciu COVID-19 \u2014&nbsp;<\/strong>uznawane s\u0105 za\u015bwiadczenia wydane przynajmniej 11 dni od uzyskania pierwszego pozytywnego wyniku testu wykonanego technik\u0105 NAAT&nbsp;lub testu antygenowego (wykonanego w laboratorium); za\u015bwiadczenia trac\u0105 wa\u017cno\u015b\u0107 po 180 dniach od uzyskania pierwszego pozytywnego wyniku testu; za\u015bwiadczenie musi zawiera\u0107 nast\u0119puj\u0105ce informacje: imi\u0119 i nazwisko podr\u00f3\u017cuj\u0105cego, dat\u0119 przeprowadzenia pierwszego testu z wynikiem pozytywnym, wskazanie rodzaju przeprowadzonego testu&nbsp; oraz wskazanie kraju, w kt\u00f3rym&nbsp;przeprowadzono test.<\/p>\n\n\n\n<p>Za\u015bwiadczenia nale\u017cy przedstawi\u0107 w j\u0119zyku hiszpa\u0144skim, angielskim, francuskim lub niemieckim. W przypadku braku mo\u017cliwo\u015bci uzyskania dokumentu w jednej w powy\u017cszych wersji j\u0119zykowych, oryginalne za\u015bwiadczenie nale\u017cy przedstawi\u0107 z t\u0142umaczeniem przysi\u0119g\u0142ym na j\u0119zyk hiszpa\u0144ski.<\/p>\n\n\n\n<p>Dzieci poni\u017cej 12 roku \u017cycia nie musz\u0105 przedstawia\u0107 \u017cadnego z powy\u017cszych za\u015bwiadcze\u0144. Nie s\u0105 tak\u017ce&nbsp;zobowi\u0105zane do wype\u0142nienia formularza sanitarnego. <\/p>\n\n\n\n<p>Foto: Czytelnik<\/p>\n","protected":false},"excerpt":{"rendered":"<p>6 kwietnia 2022 roku w Hiszpanii (tak\u017ce na Wyspach Kanaryjskich) przesta\u0142 obowi\u0105zywa\u0107 kod QR przy wje\u017adzie do tego kraju drog\u0105 powietrzn\u0105 i morsk\u0105. Jednak nie dla wszystkich. Z tego prawa mog\u0105 skorzysta\u0107 tylko osoby posiadaj\u0105ce Unijny Certyfikat COVID (potwierdzaj\u0105cy przyj\u0119cie szczepienia\/negatywny wynik testu zarejestrowanego w systemie\/przebycie COVID-19). Jak pisze serwis gov.pl wszyscy podr\u00f3\u017cni, kt\u00f3rzy nie [&hellip;]<\/p>\n","protected":false},"author":4,"featured_media":494,"comment_status":"closed","ping_status":"open","sticky":false,"template":"","format":"standard","meta":{"om_disable_all_campaigns":false,"_monsterinsights_skip_tracking":false,"_monsterinsights_sitenote_active":false,"_monsterinsights_sitenote_note":"","_monsterinsights_sitenote_category":0,"footnotes":""},"categories":[23],"tags":[],"class_list":["post-4640","post","type-post","status-publish","format-standard","has-post-thumbnail","hentry","category-covid-19"],"aioseo_notices":[],"blog_post_layout_featured_media_urls":{"thumbnail":["https:\/\/nakanarach.pl\/wp-content\/uploads\/2021\/04\/Lotnisko-GC-kontrola-Covid-150x150.jpeg",150,150,true],"full":["https:\/\/nakanarach.pl\/wp-content\/uploads\/2021\/04\/Lotnisko-GC-kontrola-Covid.jpeg",1600,1066,false]},"categories_names":{"23":{"name":"Covid-19","link":"https:\/\/nakanarach.pl\/index.php\/category\/covid-19\/"}},"tags_names":[],"comments_number":"0","wpmagazine_modules_lite_featured_media_urls":{"thumbnail":["https:\/\/nakanarach.pl\/wp-content\/uploads\/2021\/04\/Lotnisko-GC-kontrola-Covid-150x150.jpeg",150,150,true],"cvmm-medium":["https:\/\/nakanarach.pl\/wp-content\/uploads\/2021\/04\/Lotnisko-GC-kontrola-Covid-300x300.jpeg",300,300,true],"cvmm-medium-plus":["https:\/\/nakanarach.pl\/wp-content\/uploads\/2021\/04\/Lotnisko-GC-kontrola-Covid-305x207.jpeg",305,207,true],"cvmm-portrait":["https:\/\/nakanarach.pl\/wp-content\/uploads\/2021\/04\/Lotnisko-GC-kontrola-Covid-400x600.jpeg",400,600,true],"cvmm-medium-square":["https:\/\/nakanarach.pl\/wp-content\/uploads\/2021\/04\/Lotnisko-GC-kontrola-Covid-600x600.jpeg",600,600,true],"cvmm-large":["https:\/\/nakanarach.pl\/wp-content\/uploads\/2021\/04\/Lotnisko-GC-kontrola-Covid-1024x1024.jpeg",1024,1024,true],"cvmm-small":["https:\/\/nakanarach.pl\/wp-content\/uploads\/2021\/04\/Lotnisko-GC-kontrola-Covid-130x95.jpeg",130,95,true],"full":["https:\/\/nakanarach.pl\/wp-content\/uploads\/2021\/04\/Lotnisko-GC-kontrola-Covid.jpeg",1600,1066,false]},"_links":{"self":[{"href":"https:\/\/nakanarach.pl\/index.php\/wp-json\/wp\/v2\/posts\/4640","targetHints":{"allow":["GET"]}}],"collection":[{"href":"https:\/\/nakanarach.pl\/index.php\/wp-json\/wp\/v2\/posts"}],"about":[{"href":"https:\/\/nakanarach.pl\/index.php\/wp-json\/wp\/v2\/types\/post"}],"author":[{"embeddable":true,"href":"https:\/\/nakanarach.pl\/index.php\/wp-json\/wp\/v2\/users\/4"}],"replies":[{"embeddable":true,"href":"https:\/\/nakanarach.pl\/index.php\/wp-json\/wp\/v2\/comments?post=4640"}],"version-history":[{"count":3,"href":"https:\/\/nakanarach.pl\/index.php\/wp-json\/wp\/v2\/posts\/4640\/revisions"}],"predecessor-version":[{"id":4722,"href":"https:\/\/nakanarach.pl\/index.php\/wp-json\/wp\/v2\/posts\/4640\/revisions\/4722"}],"wp:featuredmedia":[{"embeddable":true,"href":"https:\/\/nakanarach.pl\/index.php\/wp-json\/wp\/v2\/media\/494"}],"wp:attachment":[{"href":"https:\/\/nakanarach.pl\/index.php\/wp-json\/wp\/v2\/media?parent=4640"}],"wp:term":[{"taxonomy":"category","embeddable":true,"href":"https:\/\/nakanarach.pl\/index.php\/wp-json\/wp\/v2\/categories?post=4640"},{"taxonomy":"post_tag","embeddable":true,"href":"https:\/\/nakanarach.pl\/index.php\/wp-json\/wp\/v2\/tags?post=4640"}],"curies":[{"name":"wp","href":"https:\/\/api.w.org\/{rel}","templated":true}]}}