{"id":4655,"date":"2022-04-08T01:11:00","date_gmt":"2022-04-08T00:11:00","guid":{"rendered":"https:\/\/nakanarach.pl\/?p=4655"},"modified":"2022-04-11T09:59:10","modified_gmt":"2022-04-11T08:59:10","slug":"xi-targi-kanaryjskiego-sera","status":"publish","type":"post","link":"https:\/\/nakanarach.pl\/index.php\/2022\/04\/08\/xi-targi-kanaryjskiego-sera\/","title":{"rendered":"XI TARGI KANARYJSKIEGO SERA"},"content":{"rendered":"\n<p><strong>Impreza odb\u0119dzie si\u0119 w Parku Etnograficznym i Muzeum Pinolere w dniach 9 i 10 kwietnia 2022 r.<\/strong><\/p>\n\n\n\n<p>Podczas targ\u00f3w ka\u017cdy b\u0119dzie m\u00f3g\u0142 spr\u00f3bowa\u0107 tradycyjnych ser\u00f3w produkowanych z mleka: koziego, owczego i krowiego na Wyspach Kanaryjskich. <br>Kawa\u0142ki sera prezentowane na targach pochodz\u0105 z trzech mleczarni w La Orotava (Antonio y Juana, Pinolere lub Benijos), a w kampanii wsp\u00f3\u0142pracuj\u0105 z Departamentem Rolnictwa Rady Miejskiej La Orotava.<br>Bilety s\u0105 sprzedawane w cenie 2 euro za sztuk\u0119.&nbsp;Dzieci do lat 8 wchodz\u0105 za darmo.<\/p>\n\n\n\n<p><a href=\"https:\/\/translate.google.com\/website?sl=es&amp;tl=pl&amp;hl=pl&amp;prev=search&amp;u=http:\/\/twitter.com\/home?status%3DCu%C3%B1a+de+Queso+por+entradas+%2Bhttps:\/\/www.laorotava.es\/es\/noticias\/cuna-de-queso-por-entradas\"><\/a><\/p>\n","protected":false},"excerpt":{"rendered":"<p>Impreza odb\u0119dzie si\u0119 w Parku Etnograficznym i Muzeum Pinolere w dniach 9 i 10 kwietnia 2022 r. Podczas targ\u00f3w ka\u017cdy b\u0119dzie m\u00f3g\u0142 spr\u00f3bowa\u0107 tradycyjnych ser\u00f3w produkowanych z mleka: koziego, owczego i krowiego na Wyspach Kanaryjskich. Kawa\u0142ki sera prezentowane na targach pochodz\u0105 z trzech mleczarni w La Orotava (Antonio y Juana, Pinolere lub Benijos), a w [&hellip;]<\/p>\n","protected":false},"author":4,"featured_media":0,"comment_status":"closed","ping_status":"open","sticky":false,"template":"","format":"standard","meta":{"om_disable_all_campaigns":false,"_monsterinsights_skip_tracking":false,"_monsterinsights_sitenote_active":false,"_monsterinsights_sitenote_note":"","_monsterinsights_sitenote_category":0,"footnotes":""},"categories":[54],"tags":[],"class_list":["post-4655","post","type-post","status-publish","format-standard","hentry","category-imprezy"],"aioseo_notices":[],"blog_post_layout_featured_media_urls":{"thumbnail":"","full":""},"categories_names":{"54":{"name":"Imprezy","link":"https:\/\/nakanarach.pl\/index.php\/category\/imprezy\/"}},"tags_names":[],"comments_number":"0","wpmagazine_modules_lite_featured_media_urls":{"thumbnail":"","cvmm-medium":"","cvmm-medium-plus":"","cvmm-portrait":"","cvmm-medium-square":"","cvmm-large":"","cvmm-small":"","full":""},"_links":{"self":[{"href":"https:\/\/nakanarach.pl\/index.php\/wp-json\/wp\/v2\/posts\/4655","targetHints":{"allow":["GET"]}}],"collection":[{"href":"https:\/\/nakanarach.pl\/index.php\/wp-json\/wp\/v2\/posts"}],"about":[{"href":"https:\/\/nakanarach.pl\/index.php\/wp-json\/wp\/v2\/types\/post"}],"author":[{"embeddable":true,"href":"https:\/\/nakanarach.pl\/index.php\/wp-json\/wp\/v2\/users\/4"}],"replies":[{"embeddable":true,"href":"https:\/\/nakanarach.pl\/index.php\/wp-json\/wp\/v2\/comments?post=4655"}],"version-history":[{"count":6,"href":"https:\/\/nakanarach.pl\/index.php\/wp-json\/wp\/v2\/posts\/4655\/revisions"}],"predecessor-version":[{"id":4677,"href":"https:\/\/nakanarach.pl\/index.php\/wp-json\/wp\/v2\/posts\/4655\/revisions\/4677"}],"wp:attachment":[{"href":"https:\/\/nakanarach.pl\/index.php\/wp-json\/wp\/v2\/media?parent=4655"}],"wp:term":[{"taxonomy":"category","embeddable":true,"href":"https:\/\/nakanarach.pl\/index.php\/wp-json\/wp\/v2\/categories?post=4655"},{"taxonomy":"post_tag","embeddable":true,"href":"https:\/\/nakanarach.pl\/index.php\/wp-json\/wp\/v2\/tags?post=4655"}],"curies":[{"name":"wp","href":"https:\/\/api.w.org\/{rel}","templated":true}]}}