{"id":4686,"date":"2022-04-13T01:02:00","date_gmt":"2022-04-13T00:02:00","guid":{"rendered":"http:\/\/nakanarach.pl\/?p=4686"},"modified":"2022-04-18T09:50:24","modified_gmt":"2022-04-18T08:50:24","slug":"pogoda-na-wielkanoc","status":"publish","type":"post","link":"https:\/\/nakanarach.pl\/index.php\/2022\/04\/13\/pogoda-na-wielkanoc\/","title":{"rendered":"POGODA NA \u015aWI\u0118TA WIELKANOCNE (AKTUALIZACJA)"},"content":{"rendered":"\n<p><strong>Tegoroczne \u015bwi\u0119ta wielkanocne zapewne wielu turyst\u00f3w b\u0119dzie mog\u0142o sp\u0119dzi\u0107 na pla\u017cy. Na Wyspy Kanaryjski<\/strong>e<strong> nap\u0142ywaj\u0105 masy ciep\u0142ego powietrza i kalima. &nbsp;<\/strong><\/p>\n\n\n\n<p>Pa\u0144stwowa Agencja Meteorologiczna Aemet zapowiada na Twitterze, \u017ce zanim to jednak nast\u0105pi ten tydzie\u0144 b\u0119dzie cz\u0119\u015bciowo z zachmurzonym niebem i lekkim deszczem, zw\u0142aszcza na p\u00f3\u0142nocnych stokach wysp archipelagu.&nbsp;Ich intensywno\u015b\u0107 b\u0119dzie s\u0142aba.&nbsp;13 kwietnia prawdopodobie\u0144stwo deszczu w Las Palmas de Gran Canaria wynosi 95% w godz. od 00:00 do 12:00, a tak\u017ce 75% od 12:00 do 00:00.&nbsp;W Arrecife jest to tylko 25 i 10% w poszczeg\u00f3lnych przedzia\u0142ach czasowych, podczas gdy w Puerto del Rosario jest to 50 i 35%.<\/p>\n\n\n\n<p>Wed\u0142ug prognoz Aemet, archipelag b\u0119dzie w tych dniach \u201epod wp\u0142ywem wysokich ci\u015bnie\u0144 i klin\u00f3w antycyklonowych\u201d, co spowoduje  stabiln\u0105 pogod\u0119.&nbsp;Mimo to&nbsp;systemy niskiego ci\u015bnienia&nbsp;(kt\u00f3re charakteryzuj\u0105 si\u0119 tym, \u017ce na p\u00f3\u0142kuli p\u00f3\u0142nocnej wiatr kr\u0119ci si\u0119 w kierunku przeciwnym do ruchu wskaz\u00f3wek zegara i zwykle kojarzy si\u0119 z burzami, a tak\u017ce wytwarzaj\u0105c silne wiatry) s\u0105 r\u00f3wnie\u017c spodziewane&nbsp;na p\u00f3\u0142noc od Wysp Kanaryjskich &#8211; pisz\u0105 synoptycy.<\/p>\n\n\n\n<p>Z tego powodu zachmurzenie b\u0119dzie \u201ewi\u0119ksze\u201d do po\u0142owy czwartku 14 kwietnia.&nbsp;Od drugiej po\u0142owy tego dnia niebo b\u0119dzie si\u0119 przeja\u015bnia\u0107. Wed\u0142ug prognoz wiatr umiarkowany os\u0142abnie od pi\u0105tku. <\/p>\n\n\n\n<p>Od \u015bwi\u0105tecznego weekendu czeka nas wzrost temperatur. Na Gran Canarii mo\u017cliwe s\u0105 temperatury powy\u017cej 25-27 stopni w cieniu i sporo s\u0142o\u0144ca. <\/p>\n\n\n\n<p class=\"has-white-color has-vivid-red-background-color has-text-color has-background\"><strong>AKTUALIZACJA 14.04.2022<\/strong><\/p>\n\n\n\n<p>Meteorolodzy ostrzegaj\u0105 te\u017c o wysokich falach dochodz\u0105cych do 4 metr\u00f3w, kt\u00f3re mog\u0105 pojawi\u0107 si\u0119 na Gran Canarii i Teneryfie 15 kwietnia 2022 roku.<\/p>\n\n\n\n<p>Na wyspy archipelagu nadci\u0105ga te\u017c kalima, czyli drobny py\u0142 znad Sahary. Pa\u0144stwowa Agencja Meteorologiczna Aemet prognozuje na \u015bwi\u0119ta, czyli 16 i 17 kwietnia 2022 roku, \u017ce z tego powodu na wyspach archipelagu b\u0119dzie mg\u0142a,<\/p>\n\n\n\n<p>Jednocze\u015bnie synoptycy podkre\u015blaj\u0105, \u017ce \u200b\u200bw sobot\u0119 16 kwietnia prawdopodobie\u0144stwo to b\u0119dzie niewielkie, cho\u0107 kurz w zawieszeniu mo\u017ce by\u0107 zauwa\u017calny od popo\u0142udnia, zw\u0142aszcza na po\u0142udniu wysp. Dodatkowo mo\u017ce to spowodowa\u0107 wzrost temperatur na Teneryfie, Fuerteventurze i Lanzarote do 32 stopni Celsjusza. <\/p>\n\n\n\n<p>Podczas kalimy w\u0142\u0105dze zalecaj\u0105 ludno\u015bci&nbsp;unikanie d\u0142ugotrwa\u0142ego kontaktu z powietrzem zewn\u0119trznym, zamykanie okien i nie podejmowanie wysi\u0142ku fizycznego na zewn\u0105trz.<\/p>\n\n\n\n<p>Zawieszony py\u0142 przyczynia si\u0119 do wysuszenia dr\u00f3g oddechowych i w wielu przypadkach mo\u017ce powodowa\u0107&nbsp;zaostrzenie stan\u00f3w lub objaw\u00f3w zwi\u0105zanych z chorobami uk\u0142adu oddechowego np. astma, osoby z przewlek\u0142\u0105 chorob\u0105 obturacyjn\u0105 (POChP), co mo\u017ce zwi\u0119kszy\u0107 w niekt\u00f3rych przypadkach liczb\u0119 wizyt na pogotowiu i hospitalizacji.<\/p>\n\n\n\n<p>Nara\u017cenie na to zanieczyszczenie mo\u017ce powodowa\u0107 dyskomfort w klatce piersiowej, kaszel, ko\u0142atanie serca, zm\u0119czenie lub zwi\u0119kszon\u0105 podatno\u015b\u0107 na infekcje dr\u00f3g oddechowych, nawet w ci\u0105gu 5 dni.<\/p>\n\n\n\n<p>Foto: nakanarach.pl<\/p>\n","protected":false},"excerpt":{"rendered":"<p>Tegoroczne \u015bwi\u0119ta wielkanocne zapewne wielu turyst\u00f3w b\u0119dzie mog\u0142o sp\u0119dzi\u0107 na pla\u017cy. Na Wyspy Kanaryjskie nap\u0142ywaj\u0105 masy ciep\u0142ego powietrza i kalima. &nbsp; Pa\u0144stwowa Agencja Meteorologiczna Aemet zapowiada na Twitterze, \u017ce zanim to jednak nast\u0105pi ten tydzie\u0144 b\u0119dzie cz\u0119\u015bciowo z zachmurzonym niebem i lekkim deszczem, zw\u0142aszcza na p\u00f3\u0142nocnych stokach wysp archipelagu.&nbsp;Ich intensywno\u015b\u0107 b\u0119dzie s\u0142aba.&nbsp;13 kwietnia prawdopodobie\u0144stwo deszczu [&hellip;]<\/p>\n","protected":false},"author":4,"featured_media":4689,"comment_status":"closed","ping_status":"open","sticky":false,"template":"","format":"standard","meta":{"om_disable_all_campaigns":false,"_monsterinsights_skip_tracking":false,"_monsterinsights_sitenote_active":false,"_monsterinsights_sitenote_note":"","_monsterinsights_sitenote_category":0,"footnotes":""},"categories":[81],"tags":[],"class_list":["post-4686","post","type-post","status-publish","format-standard","has-post-thumbnail","hentry","category-pogoda"],"aioseo_notices":[],"blog_post_layout_featured_media_urls":{"thumbnail":["https:\/\/nakanarach.pl\/wp-content\/uploads\/2022\/04\/Temperatura-26-stopni-150x150.jpg",150,150,true],"full":["https:\/\/nakanarach.pl\/wp-content\/uploads\/2022\/04\/Temperatura-26-stopni-scaled.jpg",2560,1155,false]},"categories_names":{"81":{"name":"Pogoda","link":"https:\/\/nakanarach.pl\/index.php\/category\/turystyka\/pogoda\/"}},"tags_names":[],"comments_number":"0","wpmagazine_modules_lite_featured_media_urls":{"thumbnail":["https:\/\/nakanarach.pl\/wp-content\/uploads\/2022\/04\/Temperatura-26-stopni-150x150.jpg",150,150,true],"cvmm-medium":["https:\/\/nakanarach.pl\/wp-content\/uploads\/2022\/04\/Temperatura-26-stopni-300x300.jpg",300,300,true],"cvmm-medium-plus":["https:\/\/nakanarach.pl\/wp-content\/uploads\/2022\/04\/Temperatura-26-stopni-305x207.jpg",305,207,true],"cvmm-portrait":["https:\/\/nakanarach.pl\/wp-content\/uploads\/2022\/04\/Temperatura-26-stopni-400x600.jpg",400,600,true],"cvmm-medium-square":["https:\/\/nakanarach.pl\/wp-content\/uploads\/2022\/04\/Temperatura-26-stopni-600x600.jpg",600,600,true],"cvmm-large":["https:\/\/nakanarach.pl\/wp-content\/uploads\/2022\/04\/Temperatura-26-stopni-1024x1024.jpg",1024,1024,true],"cvmm-small":["https:\/\/nakanarach.pl\/wp-content\/uploads\/2022\/04\/Temperatura-26-stopni-130x95.jpg",130,95,true],"full":["https:\/\/nakanarach.pl\/wp-content\/uploads\/2022\/04\/Temperatura-26-stopni-scaled.jpg",2560,1155,false]},"_links":{"self":[{"href":"https:\/\/nakanarach.pl\/index.php\/wp-json\/wp\/v2\/posts\/4686","targetHints":{"allow":["GET"]}}],"collection":[{"href":"https:\/\/nakanarach.pl\/index.php\/wp-json\/wp\/v2\/posts"}],"about":[{"href":"https:\/\/nakanarach.pl\/index.php\/wp-json\/wp\/v2\/types\/post"}],"author":[{"embeddable":true,"href":"https:\/\/nakanarach.pl\/index.php\/wp-json\/wp\/v2\/users\/4"}],"replies":[{"embeddable":true,"href":"https:\/\/nakanarach.pl\/index.php\/wp-json\/wp\/v2\/comments?post=4686"}],"version-history":[{"count":8,"href":"https:\/\/nakanarach.pl\/index.php\/wp-json\/wp\/v2\/posts\/4686\/revisions"}],"predecessor-version":[{"id":4751,"href":"https:\/\/nakanarach.pl\/index.php\/wp-json\/wp\/v2\/posts\/4686\/revisions\/4751"}],"wp:featuredmedia":[{"embeddable":true,"href":"https:\/\/nakanarach.pl\/index.php\/wp-json\/wp\/v2\/media\/4689"}],"wp:attachment":[{"href":"https:\/\/nakanarach.pl\/index.php\/wp-json\/wp\/v2\/media?parent=4686"}],"wp:term":[{"taxonomy":"category","embeddable":true,"href":"https:\/\/nakanarach.pl\/index.php\/wp-json\/wp\/v2\/categories?post=4686"},{"taxonomy":"post_tag","embeddable":true,"href":"https:\/\/nakanarach.pl\/index.php\/wp-json\/wp\/v2\/tags?post=4686"}],"curies":[{"name":"wp","href":"https:\/\/api.w.org\/{rel}","templated":true}]}}