{"id":5064,"date":"2022-06-01T21:17:00","date_gmt":"2022-06-01T20:17:00","guid":{"rendered":"http:\/\/nakanarach.pl\/?p=5064"},"modified":"2022-06-06T09:01:23","modified_gmt":"2022-06-06T08:01:23","slug":"koniec-kontoli-covid-19","status":"publish","type":"post","link":"https:\/\/nakanarach.pl\/index.php\/2022\/06\/01\/koniec-kontoli-covid-19\/","title":{"rendered":"KONIEC KONTROLI COVID-19"},"content":{"rendered":"\n<p><strong>Od pocz\u0105tku czerwca 2022 roku Hiszpania przesta\u0142a kontrolowa\u0107 pod wzgl\u0119dem Covid-19 podr\u00f3\u017cnych przybywaj\u0105cych z kraj\u00f3w stowarzyszonych ze stref\u0105 Schengen na lotniskach i na statkach.<\/strong><\/p>\n\n\n\n<p>Generalna Dyrekcja Zdrowia Publicznego Ministerstwa Zdrowia opublikowa\u0142a rezolucj\u0119 w sprawie kontroli zdrowia, kt\u00f3re maj\u0105 by\u0107 przeprowadzane od teraz w punktach wjazdu do Hiszpanii drog\u0105 powietrzn\u0105 lub morsk\u0105. Na mocy tych przepis\u00f3w przeprowadzane s\u0105 jedynie kontrole sanitarne podr\u00f3\u017cnych, kt\u00f3rzy nie pochodz\u0105 z Unii Europejskiej i strefy Schengen. W tym przypadku badanie obejmuj\u0105ce co najmniej pomiar temperatury, kontrol\u0119 dokument\u00f3w i wzrokow\u0105 kontrol\u0119 stanu fizycznego.<\/p>\n\n\n\n<p>Zdrowie uzasadnia t\u0119 zmian\u0119 popraw\u0105 sytuacji epidemiologicznej pandemii, kt\u00f3ra powoduje, \u017ce wiele pa\u0144stw cz\u0142onkowskich nie wymaga ju\u017c od podr\u00f3\u017cnych z Unii Europejskiej przedstawiania za\u015bwiadcze\u0144 o czy nak\u0142adania innych ogranicze\u0144. R\u00f3wnie\u017c ze wzgl\u0119du na wysoki poziom zaszczepienia w Hiszpanii na poziomie ponad 90%, powy\u017cej \u015bredniej Unii Europejskiej oraz korzystn\u0105 sytuacj\u0119 hiszpa\u0144skiego systemu opieki zdrowotnej w czasie pandemii.&nbsp;<\/p>\n\n\n\n<p>Dobra informacja tak\u017ce dla turyst\u00f3w wracaj\u0105cych podr\u00f3\u017cuj\u0105cych na Wyspy Kanaryjskie przez Niemcy. Przez ca\u0142y okres wakacji letnich, od poczatku czerwca do ko\u0144ca sierpnia 2022 roku, testy i za\u015bwiadczenia o szczepieniu lub wyzdrowieniu z Covid-19 (zasada 3G) nie s\u0105 ju\u017c wymagane przy wje\u017adzie z zagranicy, w tym z Polski i Hiszpanii. Utrzymane zostaj\u0105 jednak przepisy o kwarantannie dla os\u00f3b powracaj\u0105cych z obszar\u00f3w mutacji&nbsp;koronawirusa. Osoby wje\u017cd\u017caj\u0105ce do Niemiec z obszar\u00f3w zagro\u017conych wirusem musz\u0105 w dalszym ci\u0105gu odby\u0107 przej\u015b\u0107 14-dniow\u0105 kwarantann\u0119 w Niemczech, nawet je\u015bli zosta\u0142y zaszczepione lub wyzdrowia\u0142y z Covid. Obecnie jednak \u017caden kraj nie jest uznany za obszar wyst\u0119powania wirusa.<\/p>\n\n\n\n<p>Maseczki s\u0105 jednak nadal obowi\u0105zkowe w samolotach, kt\u00f3re lec\u0105 do Niemiec. Mimo tego, \u017ce od 16 maja 2022 roku wesz\u0142o w \u017cycie rozporz\u0105dzenie Komisji Europejskiej, znosz\u0105ce nakaz noszenia maseczek ochronnych w transporcie lotniczym, czyli w samolotach i na lotniskach niemieckie ministerstwo zdrowia nie zgodzi\u0142o si\u0119 na poluzowanie restrykcji. Podr\u00f3\u017cuj\u0105c do Niemiec trzeba posiada\u0107 ze sob\u0105 maseczk\u0119 typu FFP2 lub chirurgiczn\u0105. Z wymogu noszenia maseczek s\u0105 zwolnione dzieci poni\u017cej 6. roku \u017cycia.<\/p>\n\n\n\n<p>Foto: gobiernodecanarias<\/p>\n","protected":false},"excerpt":{"rendered":"<p>Od pocz\u0105tku czerwca 2022 roku Hiszpania przesta\u0142a kontrolowa\u0107 pod wzgl\u0119dem Covid-19 podr\u00f3\u017cnych przybywaj\u0105cych z kraj\u00f3w stowarzyszonych ze stref\u0105 Schengen na lotniskach i na statkach. Generalna Dyrekcja Zdrowia Publicznego Ministerstwa Zdrowia opublikowa\u0142a rezolucj\u0119 w sprawie kontroli zdrowia, kt\u00f3re maj\u0105 by\u0107 przeprowadzane od teraz w punktach wjazdu do Hiszpanii drog\u0105 powietrzn\u0105 lub morsk\u0105. Na mocy tych przepis\u00f3w [&hellip;]<\/p>\n","protected":false},"author":4,"featured_media":494,"comment_status":"closed","ping_status":"open","sticky":false,"template":"","format":"standard","meta":{"om_disable_all_campaigns":false,"_monsterinsights_skip_tracking":false,"_monsterinsights_sitenote_active":false,"_monsterinsights_sitenote_note":"","_monsterinsights_sitenote_category":0,"footnotes":""},"categories":[12,23],"tags":[],"class_list":["post-5064","post","type-post","status-publish","format-standard","has-post-thumbnail","hentry","category-aktualnosci","category-covid-19"],"aioseo_notices":[],"blog_post_layout_featured_media_urls":{"thumbnail":["https:\/\/nakanarach.pl\/wp-content\/uploads\/2021\/04\/Lotnisko-GC-kontrola-Covid-150x150.jpeg",150,150,true],"full":["https:\/\/nakanarach.pl\/wp-content\/uploads\/2021\/04\/Lotnisko-GC-kontrola-Covid.jpeg",1600,1066,false]},"categories_names":{"12":{"name":"Aktualno\u015bci","link":"https:\/\/nakanarach.pl\/index.php\/category\/aktualnosci\/"},"23":{"name":"Covid-19","link":"https:\/\/nakanarach.pl\/index.php\/category\/covid-19\/"}},"tags_names":[],"comments_number":"0","wpmagazine_modules_lite_featured_media_urls":{"thumbnail":["https:\/\/nakanarach.pl\/wp-content\/uploads\/2021\/04\/Lotnisko-GC-kontrola-Covid-150x150.jpeg",150,150,true],"cvmm-medium":["https:\/\/nakanarach.pl\/wp-content\/uploads\/2021\/04\/Lotnisko-GC-kontrola-Covid-300x300.jpeg",300,300,true],"cvmm-medium-plus":["https:\/\/nakanarach.pl\/wp-content\/uploads\/2021\/04\/Lotnisko-GC-kontrola-Covid-305x207.jpeg",305,207,true],"cvmm-portrait":["https:\/\/nakanarach.pl\/wp-content\/uploads\/2021\/04\/Lotnisko-GC-kontrola-Covid-400x600.jpeg",400,600,true],"cvmm-medium-square":["https:\/\/nakanarach.pl\/wp-content\/uploads\/2021\/04\/Lotnisko-GC-kontrola-Covid-600x600.jpeg",600,600,true],"cvmm-large":["https:\/\/nakanarach.pl\/wp-content\/uploads\/2021\/04\/Lotnisko-GC-kontrola-Covid-1024x1024.jpeg",1024,1024,true],"cvmm-small":["https:\/\/nakanarach.pl\/wp-content\/uploads\/2021\/04\/Lotnisko-GC-kontrola-Covid-130x95.jpeg",130,95,true],"full":["https:\/\/nakanarach.pl\/wp-content\/uploads\/2021\/04\/Lotnisko-GC-kontrola-Covid.jpeg",1600,1066,false]},"_links":{"self":[{"href":"https:\/\/nakanarach.pl\/index.php\/wp-json\/wp\/v2\/posts\/5064","targetHints":{"allow":["GET"]}}],"collection":[{"href":"https:\/\/nakanarach.pl\/index.php\/wp-json\/wp\/v2\/posts"}],"about":[{"href":"https:\/\/nakanarach.pl\/index.php\/wp-json\/wp\/v2\/types\/post"}],"author":[{"embeddable":true,"href":"https:\/\/nakanarach.pl\/index.php\/wp-json\/wp\/v2\/users\/4"}],"replies":[{"embeddable":true,"href":"https:\/\/nakanarach.pl\/index.php\/wp-json\/wp\/v2\/comments?post=5064"}],"version-history":[{"count":3,"href":"https:\/\/nakanarach.pl\/index.php\/wp-json\/wp\/v2\/posts\/5064\/revisions"}],"predecessor-version":[{"id":5080,"href":"https:\/\/nakanarach.pl\/index.php\/wp-json\/wp\/v2\/posts\/5064\/revisions\/5080"}],"wp:featuredmedia":[{"embeddable":true,"href":"https:\/\/nakanarach.pl\/index.php\/wp-json\/wp\/v2\/media\/494"}],"wp:attachment":[{"href":"https:\/\/nakanarach.pl\/index.php\/wp-json\/wp\/v2\/media?parent=5064"}],"wp:term":[{"taxonomy":"category","embeddable":true,"href":"https:\/\/nakanarach.pl\/index.php\/wp-json\/wp\/v2\/categories?post=5064"},{"taxonomy":"post_tag","embeddable":true,"href":"https:\/\/nakanarach.pl\/index.php\/wp-json\/wp\/v2\/tags?post=5064"}],"curies":[{"name":"wp","href":"https:\/\/api.w.org\/{rel}","templated":true}]}}