{"id":5092,"date":"2022-06-10T07:56:09","date_gmt":"2022-06-10T06:56:09","guid":{"rendered":"https:\/\/nakanarach.pl\/?p=5092"},"modified":"2022-07-07T11:33:24","modified_gmt":"2022-07-07T10:33:24","slug":"bezmyslny-kierowca-z-rura","status":"publish","type":"post","link":"https:\/\/nakanarach.pl\/index.php\/2022\/06\/10\/bezmyslny-kierowca-z-rura\/","title":{"rendered":"KIEROWCA Z RUR\u0104 HITEM INTERNETU"},"content":{"rendered":"\n<p><strong>Film z kierowc\u0105 niewielkiej ci\u0119\u017car\u00f3wki, kt\u00f3ra na Gran Canarii przewozi\u0142a olbrzymi\u0105 rur\u0119 sta\u0142 si\u0119 hitem internetu. Teraz ma on sporo problem\u00f3w, bo po drodze uszkodzi\u0142 policyjny radiow\u00f3z. <\/strong><\/p>\n\n\n\n<p>Do wydarze\u0144 dosz\u0142o na pocz\u0105tku czerwca 2022 roku w Santa Mar\u00eda de Gu\u00eda&nbsp;na Gran Canarii. Na nagraniu wida\u0107, jak ci\u0119\u017car\u00f3wka omal si\u0119 nie przewr\u00f3ci\u0142a z powodu przewo\u017conego przez ni\u0105 olbrzymiego \u0142adunku. Kierowca wielokrotnie pr\u00f3bowa\u0142 podjecha\u0107 na strome zbocze w dzielnicy Monta\u00f1a Alta w Gu\u00eda, a\u017c ci\u0119\u017car spowodowa\u0142, \u017ce przednie ko\u0142a&nbsp;straci\u0142y kontakt z ziemi\u0105. Po drodze kierowca uszkodzi\u0142 dwa pojazdy m.in. jeden radiow\u00f3z policji lokalnej, zaparkowany przed ratuszem. <\/p>\n\n\n\n<p>S\u0105d Najwy\u017cszy Wysp Kanaryjskich informuje, \u017ce kierowca zosta\u0142 przes\u0142uchany i nast\u0119pnie zosta\u0142 wypuszczony na wolno\u015b\u0107 z zarzutami m.in. zniszczenia pojazd\u00f3w i naruszenia zasad bezpiecze\u0144stwa. Szofer musi stawia\u0107 si\u0119 w s\u0105dzie ka\u017cdego pierwszego dnia miesi\u0105ca.<\/p>\n\n\n\n<figure class=\"wp-block-embed is-type-video is-provider-youtube wp-block-embed-youtube wp-embed-aspect-16-9 wp-has-aspect-ratio\"><div class=\"wp-block-embed__wrapper\">\n<iframe title=\"\ud83d\udca5 El camionero m\u00e1s &quot;cabezudo&quot; continu\u00f3 su marcha por otra carretera de Santa Mar\u00eda de Gu\u00eda, Canarias\" width=\"640\" height=\"360\" src=\"https:\/\/www.youtube.com\/embed\/sEYRHtktmSg?feature=oembed\" frameborder=\"0\" allow=\"accelerometer; autoplay; clipboard-write; encrypted-media; gyroscope; picture-in-picture; web-share\" referrerpolicy=\"strict-origin-when-cross-origin\" allowfullscreen><\/iframe>\n<\/div><figcaption><em>Video: GranCanariaTv.com<\/em><\/figcaption><\/figure>\n","protected":false},"excerpt":{"rendered":"<p>Film z kierowc\u0105 niewielkiej ci\u0119\u017car\u00f3wki, kt\u00f3ra na Gran Canarii przewozi\u0142a olbrzymi\u0105 rur\u0119 sta\u0142 si\u0119 hitem internetu. Teraz ma on sporo problem\u00f3w, bo po drodze uszkodzi\u0142 policyjny radiow\u00f3z. Do wydarze\u0144 dosz\u0142o na pocz\u0105tku czerwca 2022 roku w Santa Mar\u00eda de Gu\u00eda&nbsp;na Gran Canarii. Na nagraniu wida\u0107, jak ci\u0119\u017car\u00f3wka omal si\u0119 nie przewr\u00f3ci\u0142a z powodu przewo\u017conego przez [&hellip;]<\/p>\n","protected":false},"author":4,"featured_media":5093,"comment_status":"closed","ping_status":"open","sticky":false,"template":"","format":"standard","meta":{"om_disable_all_campaigns":false,"_monsterinsights_skip_tracking":false,"_monsterinsights_sitenote_active":false,"_monsterinsights_sitenote_note":"","_monsterinsights_sitenote_category":0,"footnotes":""},"categories":[12,78,25],"tags":[],"class_list":["post-5092","post","type-post","status-publish","format-standard","has-post-thumbnail","hentry","category-aktualnosci","category-interwencje","category-ruch-drogowy"],"aioseo_notices":[],"blog_post_layout_featured_media_urls":{"thumbnail":["https:\/\/nakanarach.pl\/wp-content\/uploads\/2022\/06\/Kierowca-150x150.jpg",150,150,true],"full":["https:\/\/nakanarach.pl\/wp-content\/uploads\/2022\/06\/Kierowca.jpg",1200,675,false]},"categories_names":{"12":{"name":"Aktualno\u015bci","link":"https:\/\/nakanarach.pl\/index.php\/category\/aktualnosci\/"},"78":{"name":"Interwencje","link":"https:\/\/nakanarach.pl\/index.php\/category\/interwencje\/"},"25":{"name":"Ruch drogowy","link":"https:\/\/nakanarach.pl\/index.php\/category\/ruch-drogowy\/"}},"tags_names":[],"comments_number":"0","wpmagazine_modules_lite_featured_media_urls":{"thumbnail":["https:\/\/nakanarach.pl\/wp-content\/uploads\/2022\/06\/Kierowca-150x150.jpg",150,150,true],"cvmm-medium":["https:\/\/nakanarach.pl\/wp-content\/uploads\/2022\/06\/Kierowca-300x300.jpg",300,300,true],"cvmm-medium-plus":["https:\/\/nakanarach.pl\/wp-content\/uploads\/2022\/06\/Kierowca-305x207.jpg",305,207,true],"cvmm-portrait":["https:\/\/nakanarach.pl\/wp-content\/uploads\/2022\/06\/Kierowca-400x600.jpg",400,600,true],"cvmm-medium-square":["https:\/\/nakanarach.pl\/wp-content\/uploads\/2022\/06\/Kierowca-600x600.jpg",600,600,true],"cvmm-large":["https:\/\/nakanarach.pl\/wp-content\/uploads\/2022\/06\/Kierowca-1024x675.jpg",1024,675,true],"cvmm-small":["https:\/\/nakanarach.pl\/wp-content\/uploads\/2022\/06\/Kierowca-130x95.jpg",130,95,true],"full":["https:\/\/nakanarach.pl\/wp-content\/uploads\/2022\/06\/Kierowca.jpg",1200,675,false]},"_links":{"self":[{"href":"https:\/\/nakanarach.pl\/index.php\/wp-json\/wp\/v2\/posts\/5092","targetHints":{"allow":["GET"]}}],"collection":[{"href":"https:\/\/nakanarach.pl\/index.php\/wp-json\/wp\/v2\/posts"}],"about":[{"href":"https:\/\/nakanarach.pl\/index.php\/wp-json\/wp\/v2\/types\/post"}],"author":[{"embeddable":true,"href":"https:\/\/nakanarach.pl\/index.php\/wp-json\/wp\/v2\/users\/4"}],"replies":[{"embeddable":true,"href":"https:\/\/nakanarach.pl\/index.php\/wp-json\/wp\/v2\/comments?post=5092"}],"version-history":[{"count":2,"href":"https:\/\/nakanarach.pl\/index.php\/wp-json\/wp\/v2\/posts\/5092\/revisions"}],"predecessor-version":[{"id":5095,"href":"https:\/\/nakanarach.pl\/index.php\/wp-json\/wp\/v2\/posts\/5092\/revisions\/5095"}],"wp:featuredmedia":[{"embeddable":true,"href":"https:\/\/nakanarach.pl\/index.php\/wp-json\/wp\/v2\/media\/5093"}],"wp:attachment":[{"href":"https:\/\/nakanarach.pl\/index.php\/wp-json\/wp\/v2\/media?parent=5092"}],"wp:term":[{"taxonomy":"category","embeddable":true,"href":"https:\/\/nakanarach.pl\/index.php\/wp-json\/wp\/v2\/categories?post=5092"},{"taxonomy":"post_tag","embeddable":true,"href":"https:\/\/nakanarach.pl\/index.php\/wp-json\/wp\/v2\/tags?post=5092"}],"curies":[{"name":"wp","href":"https:\/\/api.w.org\/{rel}","templated":true}]}}