{"id":5110,"date":"2022-06-14T12:01:12","date_gmt":"2022-06-14T11:01:12","guid":{"rendered":"https:\/\/nakanarach.pl\/?p=5110"},"modified":"2022-06-21T11:28:54","modified_gmt":"2022-06-21T10:28:54","slug":"nadciagaja-upaly-na-kanary-2","status":"publish","type":"post","link":"https:\/\/nakanarach.pl\/index.php\/2022\/06\/14\/nadciagaja-upaly-na-kanary-2\/","title":{"rendered":"NADCI\u0104GAJ\u0104 UPA\u0141Y NA KANARY"},"content":{"rendered":"\n<p><strong>Prawie 40 stopniowe upa\u0142y, wiatry i burze &#8211; taka mo\u017ce by\u0107 pogoda w po\u0142owie czerwca 2022 roku na Wyspach Kanaryjskich. <\/strong><\/p>\n\n\n\n<p>Wed\u0142ug europejskiego modelu ECMWF 14 czerwca 2022 roku s\u0105 spodziewane porywy wiatru, dochodz\u0105ce do 45 kilometr\u00f3w na godzin\u0119 na p\u00f3\u0142nocy Teneryfy, a od 15 czerwca maj\u0105 si\u0119 nasila\u0107 i rozprzestrzenia\u0107 na inne wyspy, czyli na po\u0142udniowym wschodzie, p\u00f3\u0142nocy i w centrum Teneryfy, na wschodzie Gran Canarii oraz na Lanzarote i Fuerteventurze.<\/p>\n\n\n\n<p>16 czerwca 2022 roku na Atlantyku mi\u0119dzy Teneryf\u0105 a Gran Canari\u0105 wiatr w porywach mo\u017ce przekroczy\u0107 70 kilometr\u00f3w na godzin\u0119.&nbsp;Na l\u0105dzie od 17 czerwca 2022 roku spodziewane s\u0105 bardzo silne porywy, kt\u00f3re na La Gomerze, Lanzarote, Fuerteventurze i El Hierro przekrocz\u0105 60 kilometr\u00f3w na godzin\u0119 i b\u0119d\u0105 trwa\u0142y przez ca\u0142y najbli\u017cszy weekend.<\/p>\n\n\n\n<p>W nadchodz\u0105cych dniach, zw\u0142aszcza od 18 czerwca 2022 roku mo\u017cliwe s\u0105 fale od 2 do 3 metr\u00f3w wysoko\u015bci na wszystkich wybrze\u017cach wysp.&nbsp;<\/p>\n\n\n\n<p>Wed\u0142ug prognoz w weekend 18 i 19 czerwca 2022 roku mog\u0105 pojawi\u0107 si\u0119 lekkie i przelotne deszcze w centrum Teneryfy, a tak\u017ce burze. 21 czerwca 2022 roku pioruny maj\u0105 dotrze\u0107 do archipelagu przez najbardziej wysuni\u0119te na zach\u00f3d wyspy, g\u0142\u00f3wnie na La Palm\u0119.<\/p>\n\n\n\n<p>W modelach prognozowania wida\u0107 te\u017c upa\u0142y. Od 16 czerwca termometry na Fuerteventurze, Teneryfie i Gran Canarii mog\u0105 osi\u0105ga\u0107 30\u00baC.&nbsp;W sobot\u0119 w centrum i na po\u0142udniu Gran Canarii temperatury mog\u0105 wzrosn\u0105\u0107 do prawie 40\u00ba Celsjusza. <\/p>\n\n\n\n<p>Generalna Dyrekcja Bezpiecze\u0144stwa i Sytuacji Nadzwyczajnych Rz\u0105du Wysp Kanaryjskich og\u0142osi\u0142a stan alarmowy ze wzgl\u0119du na ryzyko po\u017car\u00f3w las\u00f3w na p\u00f3\u0142nocy wyspy Gran Canaria, kt\u00f3ra pami\u0119ta rok 2019, kiedy sp\u0142on\u0119\u0142o ponad 10 tys. las\u00f3w i \u0142\u0105k, a ewakuowano 2 tys. os\u00f3b.<\/p>\n\n\n\n<p>Obecnie warunki klimatyczne wymusi\u0142y decyzj\u0119 o alercie, gdy\u017c spodziewane s\u0105 wysokie temperatury, podmuchy wiatru przekraczaj\u0105ce 70 km\/h, a wilgotno\u015b\u0107 poni\u017cej 30% powy\u017cej 700 m n.p.m.<\/p>\n","protected":false},"excerpt":{"rendered":"<p>Prawie 40 stopniowe upa\u0142y, wiatry i burze &#8211; taka mo\u017ce by\u0107 pogoda w po\u0142owie czerwca 2022 roku na Wyspach Kanaryjskich. Wed\u0142ug europejskiego modelu ECMWF 14 czerwca 2022 roku s\u0105 spodziewane porywy wiatru, dochodz\u0105ce do 45 kilometr\u00f3w na godzin\u0119 na p\u00f3\u0142nocy Teneryfy, a od 15 czerwca maj\u0105 si\u0119 nasila\u0107 i rozprzestrzenia\u0107 na inne wyspy, czyli na [&hellip;]<\/p>\n","protected":false},"author":4,"featured_media":4749,"comment_status":"closed","ping_status":"open","sticky":false,"template":"","format":"standard","meta":{"om_disable_all_campaigns":false,"_monsterinsights_skip_tracking":false,"_monsterinsights_sitenote_active":false,"_monsterinsights_sitenote_note":"","_monsterinsights_sitenote_category":0,"footnotes":""},"categories":[81],"tags":[],"class_list":["post-5110","post","type-post","status-publish","format-standard","has-post-thumbnail","hentry","category-pogoda"],"aioseo_notices":[],"blog_post_layout_featured_media_urls":{"thumbnail":["https:\/\/nakanarach.pl\/wp-content\/uploads\/2022\/04\/Termometr-35-stopni-150x150.jpg",150,150,true],"full":["https:\/\/nakanarach.pl\/wp-content\/uploads\/2022\/04\/Termometr-35-stopni-scaled.jpg",2560,1872,false]},"categories_names":{"81":{"name":"Pogoda","link":"https:\/\/nakanarach.pl\/index.php\/category\/turystyka\/pogoda\/"}},"tags_names":[],"comments_number":"0","wpmagazine_modules_lite_featured_media_urls":{"thumbnail":["https:\/\/nakanarach.pl\/wp-content\/uploads\/2022\/04\/Termometr-35-stopni-150x150.jpg",150,150,true],"cvmm-medium":["https:\/\/nakanarach.pl\/wp-content\/uploads\/2022\/04\/Termometr-35-stopni-300x300.jpg",300,300,true],"cvmm-medium-plus":["https:\/\/nakanarach.pl\/wp-content\/uploads\/2022\/04\/Termometr-35-stopni-305x207.jpg",305,207,true],"cvmm-portrait":["https:\/\/nakanarach.pl\/wp-content\/uploads\/2022\/04\/Termometr-35-stopni-400x600.jpg",400,600,true],"cvmm-medium-square":["https:\/\/nakanarach.pl\/wp-content\/uploads\/2022\/04\/Termometr-35-stopni-600x600.jpg",600,600,true],"cvmm-large":["https:\/\/nakanarach.pl\/wp-content\/uploads\/2022\/04\/Termometr-35-stopni-1024x1024.jpg",1024,1024,true],"cvmm-small":["https:\/\/nakanarach.pl\/wp-content\/uploads\/2022\/04\/Termometr-35-stopni-130x95.jpg",130,95,true],"full":["https:\/\/nakanarach.pl\/wp-content\/uploads\/2022\/04\/Termometr-35-stopni-scaled.jpg",2560,1872,false]},"_links":{"self":[{"href":"https:\/\/nakanarach.pl\/index.php\/wp-json\/wp\/v2\/posts\/5110","targetHints":{"allow":["GET"]}}],"collection":[{"href":"https:\/\/nakanarach.pl\/index.php\/wp-json\/wp\/v2\/posts"}],"about":[{"href":"https:\/\/nakanarach.pl\/index.php\/wp-json\/wp\/v2\/types\/post"}],"author":[{"embeddable":true,"href":"https:\/\/nakanarach.pl\/index.php\/wp-json\/wp\/v2\/users\/4"}],"replies":[{"embeddable":true,"href":"https:\/\/nakanarach.pl\/index.php\/wp-json\/wp\/v2\/comments?post=5110"}],"version-history":[{"count":4,"href":"https:\/\/nakanarach.pl\/index.php\/wp-json\/wp\/v2\/posts\/5110\/revisions"}],"predecessor-version":[{"id":5156,"href":"https:\/\/nakanarach.pl\/index.php\/wp-json\/wp\/v2\/posts\/5110\/revisions\/5156"}],"wp:featuredmedia":[{"embeddable":true,"href":"https:\/\/nakanarach.pl\/index.php\/wp-json\/wp\/v2\/media\/4749"}],"wp:attachment":[{"href":"https:\/\/nakanarach.pl\/index.php\/wp-json\/wp\/v2\/media?parent=5110"}],"wp:term":[{"taxonomy":"category","embeddable":true,"href":"https:\/\/nakanarach.pl\/index.php\/wp-json\/wp\/v2\/categories?post=5110"},{"taxonomy":"post_tag","embeddable":true,"href":"https:\/\/nakanarach.pl\/index.php\/wp-json\/wp\/v2\/tags?post=5110"}],"curies":[{"name":"wp","href":"https:\/\/api.w.org\/{rel}","templated":true}]}}