{"id":516,"date":"2021-04-10T19:46:00","date_gmt":"2021-04-10T18:46:00","guid":{"rendered":"http:\/\/nakanarach.pl\/?p=516"},"modified":"2021-04-18T16:41:19","modified_gmt":"2021-04-18T15:41:19","slug":"rozbito-gang-przemycajacy-ludzi-z-afryki","status":"publish","type":"post","link":"https:\/\/nakanarach.pl\/index.php\/2021\/04\/10\/rozbito-gang-przemycajacy-ludzi-z-afryki\/","title":{"rendered":"ROZBITO GANG PRZEMYCAJ\u0104CY LUDZI Z AFRYKI (VIDEO)"},"content":{"rendered":"\n<p class=\"has-normal-font-size\">Oko\u0142o pi\u0119tnastu os\u00f3b zatrzymali policjanci w operacji przeprowadzonej przez policj\u0119 krajow\u0105 we wsp\u00f3\u0142pracy z Europolem na po\u0142udniu Gran Canarii przeciwko sieci, kt\u00f3ra przesy\u0142a\u0142a migrant\u00f3w z wybrze\u017ca Afryki na Wyspy Kanaryjskie.<\/p>\n\n\n\n<p>Wed\u0142ug <em>Canarias 7<\/em>&nbsp;\u015bledztwo przeciwko temu gangowi trwa\u0142o od kilku miesi\u0119cy&nbsp;i doprowadzi\u0142o do powstania budek telefonicznych i innych firm w centrum handlowym Puerto Rico w Mog\u00e1n, takich jak biura podr\u00f3\u017cy i inne punkty na po\u0142udniu wyspy, kt\u00f3re by\u0142y \u0142\u0105cznikami mi\u0119dzy lud\u017ami, kt\u00f3rzy chcieli podr\u00f3\u017cowa\u0107 na Wyspy Kanaryjskie lub P\u00f3\u0142wysep, a tymi, kt\u00f3rzy kontrolowali te trasy. Wed\u0142ug nieoficjalnych informacji imigranci p\u0142ac\u0105 przemytnikom od jednego do kilku tysi\u0119cy euro, aby dosta\u0107 si\u0119 do Europy. <\/p>\n\n\n\n<figure class=\"wp-block-embed is-type-video is-provider-youtube wp-block-embed-youtube wp-embed-aspect-16-9 wp-has-aspect-ratio\"><div class=\"wp-block-embed__wrapper\">\n<iframe title=\"La Polic\u00eda Nacional desmantela una red de tr\u00e1fico de personas entre Marruecos y las Islas Canarias\" width=\"640\" height=\"360\" src=\"https:\/\/www.youtube.com\/embed\/IBTV85mLBdo?feature=oembed\" frameborder=\"0\" allow=\"accelerometer; autoplay; clipboard-write; encrypted-media; gyroscope; picture-in-picture; web-share\" referrerpolicy=\"strict-origin-when-cross-origin\" allowfullscreen><\/iframe>\n<\/div><figcaption><strong><em>\u0179r\u00f3d\u0142o: Youtube\/Policia Nacional <\/em><\/strong><\/figcaption><\/figure>\n\n\n\n<p>Tymczasem w kwietniu policjanci interweniowali w obozie dla imigrant\u00f3w Las Raices na Teneryfie z powodu b\u00f3jki w\u015br\u00f3d podopiecznych o\u015brodka. Awanturnicy zaatakowali te\u017c interweniuj\u0105cych funkcjonariuszy. Kilkana\u015bcie os\u00f3b zosta\u0142o rannych, w tym trzy ci\u0119\u017cko. S\u0105d zdecydowa\u0142 o aresztowaniu 9 os\u00f3b, g\u0142\u00f3wnie obywateli Senegalu i Mauretanii.<\/p>\n\n\n\n<p class=\"has-normal-font-size\">Foto: Policia Nacional<\/p>\n\n\n\n<p><\/p>\n","protected":false},"excerpt":{"rendered":"<p>Oko\u0142o pi\u0119tnastu os\u00f3b zatrzymali policjanci w operacji przeprowadzonej przez policj\u0119 krajow\u0105 we wsp\u00f3\u0142pracy z Europolem na po\u0142udniu Gran Canarii przeciwko sieci, kt\u00f3ra przesy\u0142a\u0142a migrant\u00f3w z wybrze\u017ca Afryki na Wyspy Kanaryjskie. Wed\u0142ug Canarias 7&nbsp;\u015bledztwo przeciwko temu gangowi trwa\u0142o od kilku miesi\u0119cy&nbsp;i doprowadzi\u0142o do powstania budek telefonicznych i innych firm w centrum handlowym Puerto Rico w Mog\u00e1n, [&hellip;]<\/p>\n","protected":false},"author":2,"featured_media":518,"comment_status":"closed","ping_status":"closed","sticky":false,"template":"","format":"standard","meta":{"om_disable_all_campaigns":false,"_monsterinsights_skip_tracking":false,"_monsterinsights_sitenote_active":false,"_monsterinsights_sitenote_note":"","_monsterinsights_sitenote_category":0,"footnotes":""},"categories":[12,78],"tags":[],"class_list":["post-516","post","type-post","status-publish","format-standard","has-post-thumbnail","hentry","category-aktualnosci","category-interwencje"],"aioseo_notices":[],"blog_post_layout_featured_media_urls":{"thumbnail":["https:\/\/nakanarach.pl\/wp-content\/uploads\/2021\/04\/Policia-Nacional-Fot.-Policia-Nacional-150x150.jpg",150,150,true],"full":["https:\/\/nakanarach.pl\/wp-content\/uploads\/2021\/04\/Policia-Nacional-Fot.-Policia-Nacional.jpg",500,260,false]},"categories_names":{"12":{"name":"Aktualno\u015bci","link":"https:\/\/nakanarach.pl\/index.php\/category\/aktualnosci\/"},"78":{"name":"Interwencje","link":"https:\/\/nakanarach.pl\/index.php\/category\/interwencje\/"}},"tags_names":[],"comments_number":"0","wpmagazine_modules_lite_featured_media_urls":{"thumbnail":["https:\/\/nakanarach.pl\/wp-content\/uploads\/2021\/04\/Policia-Nacional-Fot.-Policia-Nacional-150x150.jpg",150,150,true],"cvmm-medium":["https:\/\/nakanarach.pl\/wp-content\/uploads\/2021\/04\/Policia-Nacional-Fot.-Policia-Nacional-300x260.jpg",300,260,true],"cvmm-medium-plus":["https:\/\/nakanarach.pl\/wp-content\/uploads\/2021\/04\/Policia-Nacional-Fot.-Policia-Nacional-305x207.jpg",305,207,true],"cvmm-portrait":["https:\/\/nakanarach.pl\/wp-content\/uploads\/2021\/04\/Policia-Nacional-Fot.-Policia-Nacional-400x260.jpg",400,260,true],"cvmm-medium-square":["https:\/\/nakanarach.pl\/wp-content\/uploads\/2021\/04\/Policia-Nacional-Fot.-Policia-Nacional.jpg",500,260,false],"cvmm-large":["https:\/\/nakanarach.pl\/wp-content\/uploads\/2021\/04\/Policia-Nacional-Fot.-Policia-Nacional.jpg",500,260,false],"cvmm-small":["https:\/\/nakanarach.pl\/wp-content\/uploads\/2021\/04\/Policia-Nacional-Fot.-Policia-Nacional-130x95.jpg",130,95,true],"full":["https:\/\/nakanarach.pl\/wp-content\/uploads\/2021\/04\/Policia-Nacional-Fot.-Policia-Nacional.jpg",500,260,false]},"_links":{"self":[{"href":"https:\/\/nakanarach.pl\/index.php\/wp-json\/wp\/v2\/posts\/516","targetHints":{"allow":["GET"]}}],"collection":[{"href":"https:\/\/nakanarach.pl\/index.php\/wp-json\/wp\/v2\/posts"}],"about":[{"href":"https:\/\/nakanarach.pl\/index.php\/wp-json\/wp\/v2\/types\/post"}],"author":[{"embeddable":true,"href":"https:\/\/nakanarach.pl\/index.php\/wp-json\/wp\/v2\/users\/2"}],"replies":[{"embeddable":true,"href":"https:\/\/nakanarach.pl\/index.php\/wp-json\/wp\/v2\/comments?post=516"}],"version-history":[{"count":7,"href":"https:\/\/nakanarach.pl\/index.php\/wp-json\/wp\/v2\/posts\/516\/revisions"}],"predecessor-version":[{"id":986,"href":"https:\/\/nakanarach.pl\/index.php\/wp-json\/wp\/v2\/posts\/516\/revisions\/986"}],"wp:featuredmedia":[{"embeddable":true,"href":"https:\/\/nakanarach.pl\/index.php\/wp-json\/wp\/v2\/media\/518"}],"wp:attachment":[{"href":"https:\/\/nakanarach.pl\/index.php\/wp-json\/wp\/v2\/media?parent=516"}],"wp:term":[{"taxonomy":"category","embeddable":true,"href":"https:\/\/nakanarach.pl\/index.php\/wp-json\/wp\/v2\/categories?post=516"},{"taxonomy":"post_tag","embeddable":true,"href":"https:\/\/nakanarach.pl\/index.php\/wp-json\/wp\/v2\/tags?post=516"}],"curies":[{"name":"wp","href":"https:\/\/api.w.org\/{rel}","templated":true}]}}