{"id":5225,"date":"2022-07-09T09:55:00","date_gmt":"2022-07-09T08:55:00","guid":{"rendered":"http:\/\/nakanarach.pl\/?p=5225"},"modified":"2022-07-18T09:24:58","modified_gmt":"2022-07-18T08:24:58","slug":"puchar-swiata-w-windsurfingu","status":"publish","type":"post","link":"https:\/\/nakanarach.pl\/index.php\/2022\/07\/09\/puchar-swiata-w-windsurfingu\/","title":{"rendered":"PUCHAR \u015aWIATA W WINDSURFINGU"},"content":{"rendered":"\n<p><strong>Pozo Izquierdo na Gran Canarii w dniach od 9 do 17 jest gospodarzem drugiej rundy Pucharu \u015awiata 2022 w Windsurfingu &#8211; podaj\u0105 organizatorzy.<\/strong><\/p>\n\n\n\n<p>Pozo Izquierdo na wyspie Gran Canaria to raj dla mi\u0142o\u015bnik\u00f3w windsurfingu. W tutejszych warunkach klimatycznych powstaj\u0105 fale o wysoko\u015bci od jednego do trzech metr\u00f3w, kt\u00f3re czyni\u0105 ten sport prawdziwym widowiskiem. Tym razem jest gospodarzem zawod\u00f3w o mistrzostwo \u015bwiata w kategorii Freestyle kobiet, Slalom m\u0119\u017cczyzn oraz Wave w obu wariantach &#8211; czytamy na stronie spain.info.<\/p>\n\n\n\n<p>W tegorocznej imprezie pojawi\u0105 si\u0119 najlepsi zawodnicy z ca\u0142ego \u015bwiata: Bernd Roediger, Marcilio Brawzinho i Camille Juban, kt\u00f3rzy stali na podium w tegorocznej imprezie organizowanej wcze\u015bniej na Wyspach Zielonego Przyl\u0105dka.<\/p>\n\n\n\n<p>W wy\u015bcigu we\u017amie te\u017c udzia\u0142 mistrz 2019, Brasil Ricardo Campello, tak\u017ce a tak\u017ce lokalni zawodnicy, tacy jak Liam Dunkerbeck, Marinito Gil, Michael Fril czy Phillip K\u00f6ster.<\/p>\n\n\n\n<p>Puchar \u015awiata w Windsurfingu odbywa si\u0119 we wsp\u00f3\u0142pracy rz\u0105du Wysp Kanaryjskich, Cabildo de Gran Canaria, poprzez Turystyk\u0119 Gran Canarii, Departament Sportu i Rady Miasta Santa Luc\u00eda de Tirajana.&nbsp; &nbsp;<\/p>\n\n\n\n<p>Foto: pwaworldtour.com<\/p>\n","protected":false},"excerpt":{"rendered":"<p>Pozo Izquierdo na Gran Canarii w dniach od 9 do 17 jest gospodarzem drugiej rundy Pucharu \u015awiata 2022 w Windsurfingu &#8211; podaj\u0105 organizatorzy. Pozo Izquierdo na wyspie Gran Canaria to raj dla mi\u0142o\u015bnik\u00f3w windsurfingu. W tutejszych warunkach klimatycznych powstaj\u0105 fale o wysoko\u015bci od jednego do trzech metr\u00f3w, kt\u00f3re czyni\u0105 ten sport prawdziwym widowiskiem. Tym razem [&hellip;]<\/p>\n","protected":false},"author":4,"featured_media":5266,"comment_status":"closed","ping_status":"open","sticky":false,"template":"","format":"standard","meta":{"om_disable_all_campaigns":false,"_monsterinsights_skip_tracking":false,"_monsterinsights_sitenote_active":false,"_monsterinsights_sitenote_note":"","_monsterinsights_sitenote_category":0,"footnotes":""},"categories":[12],"tags":[],"class_list":["post-5225","post","type-post","status-publish","format-standard","has-post-thumbnail","hentry","category-aktualnosci"],"aioseo_notices":[],"blog_post_layout_featured_media_urls":{"thumbnail":["https:\/\/nakanarach.pl\/wp-content\/uploads\/2022\/07\/Windsurfing-GC-150x150.jpeg",150,150,true],"full":["https:\/\/nakanarach.pl\/wp-content\/uploads\/2022\/07\/Windsurfing-GC.jpeg",1043,695,false]},"categories_names":{"12":{"name":"Aktualno\u015bci","link":"https:\/\/nakanarach.pl\/index.php\/category\/aktualnosci\/"}},"tags_names":[],"comments_number":"0","wpmagazine_modules_lite_featured_media_urls":{"thumbnail":["https:\/\/nakanarach.pl\/wp-content\/uploads\/2022\/07\/Windsurfing-GC-150x150.jpeg",150,150,true],"cvmm-medium":["https:\/\/nakanarach.pl\/wp-content\/uploads\/2022\/07\/Windsurfing-GC-300x300.jpeg",300,300,true],"cvmm-medium-plus":["https:\/\/nakanarach.pl\/wp-content\/uploads\/2022\/07\/Windsurfing-GC-305x207.jpeg",305,207,true],"cvmm-portrait":["https:\/\/nakanarach.pl\/wp-content\/uploads\/2022\/07\/Windsurfing-GC-400x600.jpeg",400,600,true],"cvmm-medium-square":["https:\/\/nakanarach.pl\/wp-content\/uploads\/2022\/07\/Windsurfing-GC-600x600.jpeg",600,600,true],"cvmm-large":["https:\/\/nakanarach.pl\/wp-content\/uploads\/2022\/07\/Windsurfing-GC-1024x695.jpeg",1024,695,true],"cvmm-small":["https:\/\/nakanarach.pl\/wp-content\/uploads\/2022\/07\/Windsurfing-GC-130x95.jpeg",130,95,true],"full":["https:\/\/nakanarach.pl\/wp-content\/uploads\/2022\/07\/Windsurfing-GC.jpeg",1043,695,false]},"_links":{"self":[{"href":"https:\/\/nakanarach.pl\/index.php\/wp-json\/wp\/v2\/posts\/5225","targetHints":{"allow":["GET"]}}],"collection":[{"href":"https:\/\/nakanarach.pl\/index.php\/wp-json\/wp\/v2\/posts"}],"about":[{"href":"https:\/\/nakanarach.pl\/index.php\/wp-json\/wp\/v2\/types\/post"}],"author":[{"embeddable":true,"href":"https:\/\/nakanarach.pl\/index.php\/wp-json\/wp\/v2\/users\/4"}],"replies":[{"embeddable":true,"href":"https:\/\/nakanarach.pl\/index.php\/wp-json\/wp\/v2\/comments?post=5225"}],"version-history":[{"count":3,"href":"https:\/\/nakanarach.pl\/index.php\/wp-json\/wp\/v2\/posts\/5225\/revisions"}],"predecessor-version":[{"id":5318,"href":"https:\/\/nakanarach.pl\/index.php\/wp-json\/wp\/v2\/posts\/5225\/revisions\/5318"}],"wp:featuredmedia":[{"embeddable":true,"href":"https:\/\/nakanarach.pl\/index.php\/wp-json\/wp\/v2\/media\/5266"}],"wp:attachment":[{"href":"https:\/\/nakanarach.pl\/index.php\/wp-json\/wp\/v2\/media?parent=5225"}],"wp:term":[{"taxonomy":"category","embeddable":true,"href":"https:\/\/nakanarach.pl\/index.php\/wp-json\/wp\/v2\/categories?post=5225"},{"taxonomy":"post_tag","embeddable":true,"href":"https:\/\/nakanarach.pl\/index.php\/wp-json\/wp\/v2\/tags?post=5225"}],"curies":[{"name":"wp","href":"https:\/\/api.w.org\/{rel}","templated":true}]}}