{"id":5346,"date":"2022-07-22T06:29:00","date_gmt":"2022-07-22T05:29:00","guid":{"rendered":"https:\/\/nakanarach.pl\/?p=5346"},"modified":"2022-07-22T14:40:48","modified_gmt":"2022-07-22T13:40:48","slug":"remont-na-autostradzie-tf1","status":"publish","type":"post","link":"https:\/\/nakanarach.pl\/index.php\/2022\/07\/22\/remont-na-autostradzie-tf1\/","title":{"rendered":"REMONT NA AUTOSTRADZIE"},"content":{"rendered":"\n<p><strong>Kierowcy jad\u0105cy na po\u0142udnie Teneryfy mog\u0105 podr\u00f3\u017cowa\u0107 m.in. na lotnisko w bardziej komfortowych warunkach. Zako\u0144czono tam roboty drogowe na autostradzie TF-1 zwi\u0105zane<\/strong> <strong>z odnowieniem nawierzchni w obu kierunkach skrzy\u017cowa\u0144 55 (San Isidro\/El M\u00e9dano), 57 (Los Cardones) i 59 (Port lotniczy Teneryfa Po\u0142udnie).<\/strong> <strong>Tymczasem niebawem rusza remont autostrady TF-5<\/strong>.<\/p>\n\n\n\n<p>Cabildo de Tenerife przypomina, \u017ce \u200b\u200b\u201eaby zagwarantowa\u0107 bezpiecze\u0144stwo kierowcom i zminimalizowa\u0107 niedogodno\u015bci wprowadzono objazdy, a prace s\u0105 prowadzone w godzinach nocnych od 22:00 do 6:00\u201d.<\/p>\n\n\n\n<p>Prace te s\u0105 cz\u0119\u015bci\u0105 planu odbudowy autostrady TF-1, kt\u00f3ry jest realizowany od kwietnia 2021 roku. Po zako\u0144czeniu prace obejm\u0105 prawie 40 kilometr\u00f3w autostrady mi\u0119dzy miejscowo\u015bciami Adeje a Arico.<\/p>\n\n\n\n<p>Tymczasem Cabildo de Tenerife informuje, \u017ce od 24-28 lipca 2022 roku potrwaj\u0105 prace nad wymian\u0105 51-kilometrowej powierzchni TF-5 b\u0119d\u0105 kontynuowane na po\u0142\u0105czeniach Puerto de la Cruz, Los Realejos i Ojciec Anchieta.<\/p>\n\n\n\n<p>W tych miejscach zostanie u\u0142o\u017cona ostateczna warstwa asfaltu, a harmonogram prac b\u0119dzie trwa\u0142 w godz. nocnych 22-6:00, aby zmniejszy\u0107 wp\u0142yw na ruch uliczny i niedogodno\u015bci dla kierowc\u00f3w.<\/p>\n\n\n\n<p>Foto: Twitter\/Zdj\u0119cie Ilustracyjne <\/p>\n","protected":false},"excerpt":{"rendered":"<p>Kierowcy jad\u0105cy na po\u0142udnie Teneryfy mog\u0105 podr\u00f3\u017cowa\u0107 m.in. na lotnisko w bardziej komfortowych warunkach. Zako\u0144czono tam roboty drogowe na autostradzie TF-1 zwi\u0105zane z odnowieniem nawierzchni w obu kierunkach skrzy\u017cowa\u0144 55 (San Isidro\/El M\u00e9dano), 57 (Los Cardones) i 59 (Port lotniczy Teneryfa Po\u0142udnie). Tymczasem niebawem rusza remont autostrady TF-5. Cabildo de Tenerife przypomina, \u017ce \u200b\u200b\u201eaby zagwarantowa\u0107 [&hellip;]<\/p>\n","protected":false},"author":2,"featured_media":2933,"comment_status":"closed","ping_status":"open","sticky":false,"template":"","format":"standard","meta":{"om_disable_all_campaigns":false,"_monsterinsights_skip_tracking":false,"_monsterinsights_sitenote_active":false,"_monsterinsights_sitenote_note":"","_monsterinsights_sitenote_category":0,"footnotes":""},"categories":[12,89],"tags":[],"class_list":["post-5346","post","type-post","status-publish","format-standard","has-post-thumbnail","hentry","category-aktualnosci","category-samochody-2"],"aioseo_notices":[],"blog_post_layout_featured_media_urls":{"thumbnail":["https:\/\/nakanarach.pl\/wp-content\/uploads\/2021\/10\/Teneryfa-Remont-TF1-foto.-Twitter-150x150.jpg",150,150,true],"full":["https:\/\/nakanarach.pl\/wp-content\/uploads\/2021\/10\/Teneryfa-Remont-TF1-foto.-Twitter.jpg",640,426,false]},"categories_names":{"12":{"name":"Aktualno\u015bci","link":"https:\/\/nakanarach.pl\/index.php\/category\/aktualnosci\/"},"89":{"name":"Samochody","link":"https:\/\/nakanarach.pl\/index.php\/category\/samochody-2\/"}},"tags_names":[],"comments_number":"0","wpmagazine_modules_lite_featured_media_urls":{"thumbnail":["https:\/\/nakanarach.pl\/wp-content\/uploads\/2021\/10\/Teneryfa-Remont-TF1-foto.-Twitter-150x150.jpg",150,150,true],"cvmm-medium":["https:\/\/nakanarach.pl\/wp-content\/uploads\/2021\/10\/Teneryfa-Remont-TF1-foto.-Twitter-300x300.jpg",300,300,true],"cvmm-medium-plus":["https:\/\/nakanarach.pl\/wp-content\/uploads\/2021\/10\/Teneryfa-Remont-TF1-foto.-Twitter-305x207.jpg",305,207,true],"cvmm-portrait":["https:\/\/nakanarach.pl\/wp-content\/uploads\/2021\/10\/Teneryfa-Remont-TF1-foto.-Twitter-400x426.jpg",400,426,true],"cvmm-medium-square":["https:\/\/nakanarach.pl\/wp-content\/uploads\/2021\/10\/Teneryfa-Remont-TF1-foto.-Twitter-600x426.jpg",600,426,true],"cvmm-large":["https:\/\/nakanarach.pl\/wp-content\/uploads\/2021\/10\/Teneryfa-Remont-TF1-foto.-Twitter.jpg",640,426,false],"cvmm-small":["https:\/\/nakanarach.pl\/wp-content\/uploads\/2021\/10\/Teneryfa-Remont-TF1-foto.-Twitter-130x95.jpg",130,95,true],"full":["https:\/\/nakanarach.pl\/wp-content\/uploads\/2021\/10\/Teneryfa-Remont-TF1-foto.-Twitter.jpg",640,426,false]},"_links":{"self":[{"href":"https:\/\/nakanarach.pl\/index.php\/wp-json\/wp\/v2\/posts\/5346","targetHints":{"allow":["GET"]}}],"collection":[{"href":"https:\/\/nakanarach.pl\/index.php\/wp-json\/wp\/v2\/posts"}],"about":[{"href":"https:\/\/nakanarach.pl\/index.php\/wp-json\/wp\/v2\/types\/post"}],"author":[{"embeddable":true,"href":"https:\/\/nakanarach.pl\/index.php\/wp-json\/wp\/v2\/users\/2"}],"replies":[{"embeddable":true,"href":"https:\/\/nakanarach.pl\/index.php\/wp-json\/wp\/v2\/comments?post=5346"}],"version-history":[{"count":3,"href":"https:\/\/nakanarach.pl\/index.php\/wp-json\/wp\/v2\/posts\/5346\/revisions"}],"predecessor-version":[{"id":5380,"href":"https:\/\/nakanarach.pl\/index.php\/wp-json\/wp\/v2\/posts\/5346\/revisions\/5380"}],"wp:featuredmedia":[{"embeddable":true,"href":"https:\/\/nakanarach.pl\/index.php\/wp-json\/wp\/v2\/media\/2933"}],"wp:attachment":[{"href":"https:\/\/nakanarach.pl\/index.php\/wp-json\/wp\/v2\/media?parent=5346"}],"wp:term":[{"taxonomy":"category","embeddable":true,"href":"https:\/\/nakanarach.pl\/index.php\/wp-json\/wp\/v2\/categories?post=5346"},{"taxonomy":"post_tag","embeddable":true,"href":"https:\/\/nakanarach.pl\/index.php\/wp-json\/wp\/v2\/tags?post=5346"}],"curies":[{"name":"wp","href":"https:\/\/api.w.org\/{rel}","templated":true}]}}