{"id":5604,"date":"2022-09-23T15:30:00","date_gmt":"2022-09-23T14:30:00","guid":{"rendered":"https:\/\/nakanarach.pl\/?p=5604"},"modified":"2022-10-03T11:14:15","modified_gmt":"2022-10-03T10:14:15","slug":"cyklon-nadciaga-na-kanary","status":"publish","type":"post","link":"https:\/\/nakanarach.pl\/index.php\/2022\/09\/23\/cyklon-nadciaga-na-kanary\/","title":{"rendered":"CYKLON W POBLI\u017bU KANAR\u00d3W (AKTUALIZACJA CODZIENNA)"},"content":{"rendered":"\n<p><strong>Z\u0142e wie\u015bci dla mieszka\u0144c\u00f3w Wysp Kanaryjskich maj\u0105 synoptycy z Pa\u0144stwowej Agencji Meteorologicznej Aemet. Pomi\u0119dzy 24 a 26 wrze\u015bnia 2022 roku na archipelagu by\u0142y odczuwalne skutki tropikalnego cyklonu &#8222;Hermine&#8221;, ulewne opady deszczu, silny wiatr do 70 km\/h oraz burze. Istnia\u0142o te\u017c ryzyko powodzi. Zamkni\u0119to lotniska na Gran Canarii i Teneryfie.<\/strong><\/p>\n\n\n\n<p>Wed\u0142ug ostrze\u017ce\u0144 synoptyk\u00f3w prawdopodobie\u0144stwo, \u017ce fala tropikalna, kt\u00f3ra jest w zachodniej cz\u0119\u015bci Afryki doprowadzi do cyklonu<strong>, <\/strong>wzros\u0142o o 60%&nbsp;, czyli o 10% wi\u0119cej w por\u00f3wnaniu do poprzedniej prognozy.&nbsp;Wed\u0142ug Narodowego Centrum Huragan\u00f3w USA cyklon mo\u017ce powsta\u0107 w ci\u0105gu 48 godzin.<\/p>\n\n\n\n<p>Pa\u0144stwowa Agencja Meteorologiczna (Aemet) ostrzega, \u017ce fala przekszta\u0142ci si\u0119 w tropikaln\u0105 depresj\u0119 i zbli\u017cy si\u0119 do Wysp Kanaryjskich pozostawiaj\u0105c intensywne i rozleg\u0142e, ulewne deszcze z burzami i porywistym wiatrem.&nbsp;Chocia\u017c uwa\u017ca, \u017ce \u200b\u200bjest \u201ema\u0142o prawdopodobne, aby bezpo\u015brednio wp\u0142yn\u0105\u0142 na archipelag\u201d.<\/p>\n\n\n\n<p>Wed\u0142ug prognoz najgorzej ma by\u0107 25 i 26 wrze\u015bnia 2022 roku. <\/p>\n\n\n\n<p>Ulewne opady maj\u0105 dotkn\u0105\u0107 szczeg\u00f3lnie zachodnie wyspy.<\/p>\n\n\n\n<p class=\"has-white-color has-vivid-red-background-color has-text-color has-background\"><strong>AKTUALIZACJA 23.09.2022<\/strong><\/p>\n\n\n\n<p>Synoptycy ostrzegaj\u0105, \u017ce cyklon tworzy si\u0119 na Oceanie Atlantyckim w pobli\u017cu Wysp Kanaryjskich i mo\u017ce to spowodowa\u0107 obfite opady deszczu na wszystkich wyspach i ryzyko powodzi. W\u0142adze uruchomi\u0142y najwy\u017cszy, pomara\u0144czowy alert. <\/p>\n\n\n\n<p>Cyklon jest na Atlantyku, mi\u0119dzy Afryk\u0105 a Wyspami Zielonego Przyl\u0105dka z nagromadzeniem mi\u0119dzy 200 mm a 900 mm do \u015brody.&nbsp;Dlatego te\u017c, chocia\u017c cyklon nie wp\u0142ywa bezpo\u015brednio na Kanary, ale pozostawi opady, kt\u00f3re wp\u0142yn\u0105 na wszystkie wyspy.<\/p>\n\n\n\n<p>Pa\u0144stwowa Agencja Meteorologiczna Aemet informuje, \u017ce od po\u0142udnia 24 wrze\u015bnia 2022 roku w wielu miejscach na zachodnich wyspach spodziewane s\u0105 opady deszczu do 60 mm przez 12 godzin.<\/p>\n\n\n\n<p>Nasilenie opad\u00f3w ma nast\u0105pi\u0107 od 25 wrze\u015bnia 2022 roku nawet do 30 litr\u00f3w na metr kwadratowy w ci\u0105gu 1 godziny z nagromadzeniem do 100 litr\u00f3w na metr kwadratowy w ci\u0105gu 12 godzin i mog\u0105 skumulowa\u0107 ponad 150 mm wody w ci\u0105gu najbli\u017cszych trzech dni w niekt\u00f3rych punktach zachodnich wysp i Wyspy Kanaryjskie. Z wyj\u0105tkiem Lanzarote i Fuerteventury, gdzie prognozy przewiduj\u0105 do 40 litr\u00f3w na metr kwadratowy w ci\u0105gu 12 godzin.<\/p>\n\n\n\n<p>Prognozy nie przewiduj\u0105 jednak burzy morskiej, ale na wyspach zachodnich mog\u0105 wyst\u0105pi\u0107 silne lub bardzo silne podmuchy wiatru z po\u0142udnia, a tak\u017ce fale do oko\u0142o 2 metr\u00f3w na tych samych obszarach.<\/p>\n\n\n\n<p>Niesprzyjaj\u0105ca pogoda najpierw zacznie oddzia\u0142ywa\u0107 na zachodnie wyspy, tj. El Hierro, La Gomer\u0119, La Palm\u0119 i Teneryf\u0119, zanim rozprzestrzeni si\u0119 na wsch\u00f3d na Gran Canari\u0119, a nast\u0119pnie przez ca\u0142y weekend na Fuerteventur\u0119 i Lanzarote.<\/p>\n\n\n\n<p>Rz\u0105d Wysp Kanaryjskich zaplanowa\u0142 r\u00f3\u017cne zadania prewencyjne w tym m.in. sprawdzenie i czyszczenie kana\u0142\u00f3w burzowych oraz wzmocnienie personelu s\u0142u\u017cb ratunkowych na nadchodz\u0105ce dni. <\/p>\n\n\n\n<p>Wszystkie imprezy plenerowe na \u015bwie\u017cym powietrzu zaplanowane na ten weekend s\u0105 zawieszone od godz. 12:00 w sobot\u0119 do ko\u0144ca okresu alarmowego. Odwo\u0142ane s\u0105 zaj\u0119cia sportowe, rekreacyjne, towarzyskie, kulturalne, pozalekcyjne i uzupe\u0142niaj\u0105ce.<\/p>\n\n\n\n<p>Rz\u0105d Wysp Kanaryjskich&nbsp;zawiesi\u0142 zaj\u0119cia w szko\u0142ach w poniedzia\u0142ek na ca\u0142ym archipelagu.<\/p>\n\n\n\n<p>W\u015br\u00f3d zalece\u0144 zaapelowano do ludno\u015bci, aby mia\u0142a pod r\u0119k\u0105&nbsp;\u015bwiece, latarki i radio&nbsp;na wypadek przerwy w dostawie pr\u0105du.<\/p>\n\n\n\n<p class=\"has-white-color has-vivid-red-background-color has-text-color has-background\"><strong>AKTUALIZACJA 24.09.2022: <\/strong><\/p>\n\n\n\n<p>Na Teneryfie stra\u017cacy interweniowali prawie 30 razy, g\u0142\u00f3wnie z powodu wypadk\u00f3w, spadaj\u0105cych kawa\u0142k\u00f3w ska\u0142 na drog\u0119, problemami podtopieniami i ze \u015bciekami lub problemami z brakiem pr\u0105du. W La Orotavie na pieszych spad\u0142a cz\u0119\u015b\u0107 gzymsu. <\/p>\n\n\n\n<figure class=\"wp-block-image size-medium\"><img fetchpriority=\"high\" decoding=\"async\" width=\"300\" height=\"225\" src=\"https:\/\/nakanarach.pl\/wp-content\/uploads\/2022\/09\/FB-Bomberos-de-Tenerife-300x225.jpg\" alt=\"\" class=\"wp-image-5637\" srcset=\"https:\/\/nakanarach.pl\/wp-content\/uploads\/2022\/09\/FB-Bomberos-de-Tenerife-300x225.jpg 300w, https:\/\/nakanarach.pl\/wp-content\/uploads\/2022\/09\/FB-Bomberos-de-Tenerife-136x102.jpg 136w, https:\/\/nakanarach.pl\/wp-content\/uploads\/2022\/09\/FB-Bomberos-de-Tenerife.jpg 720w\" sizes=\"(max-width: 300px) 100vw, 300px\" \/><figcaption><em>Interwencja w La Orotavie Foto: Facebook\/Bomberos de Tenerife<\/em><\/figcaption><\/figure>\n\n\n\n<p>Na La Gomerze dosz\u0142o do wypadku z powodu osuni\u0119cia si\u0119 ziemi na drodze GM-1, a na El Hierro wyst\u0105pi\u0142y problemy z liniami energetycznymi w El Pinar i Valverde oraz w kilku miejscach by\u0142y interwencje z powodu osuwisk. Podobnie by\u0142o na Teneryfie. Z kolei na Gran Canarii dosz\u0142o do 6 wypadk\u00f3w spowodowanych spadaj\u0105cymi kamieniami na drog\u0119 i uszkodzeniem linii energetycznych. <\/p>\n\n\n\n<figure class=\"wp-block-image size-medium\"><img decoding=\"async\" width=\"300\" height=\"225\" src=\"https:\/\/nakanarach.pl\/wp-content\/uploads\/2022\/09\/Kamienie-z-gory-osuwisko-Twitter-CECOPALSC-300x225.jpg\" alt=\"\" class=\"wp-image-5647\" srcset=\"https:\/\/nakanarach.pl\/wp-content\/uploads\/2022\/09\/Kamienie-z-gory-osuwisko-Twitter-CECOPALSC-300x225.jpg 300w, https:\/\/nakanarach.pl\/wp-content\/uploads\/2022\/09\/Kamienie-z-gory-osuwisko-Twitter-CECOPALSC-768x576.jpg 768w, https:\/\/nakanarach.pl\/wp-content\/uploads\/2022\/09\/Kamienie-z-gory-osuwisko-Twitter-CECOPALSC-136x102.jpg 136w, https:\/\/nakanarach.pl\/wp-content\/uploads\/2022\/09\/Kamienie-z-gory-osuwisko-Twitter-CECOPALSC.jpg 1024w\" sizes=\"(max-width: 300px) 100vw, 300px\" \/><figcaption><em>Zablokowana droga przez osuwisko Foto: Twitter\/CECOPALSC<\/em><\/figcaption><\/figure>\n\n\n\n<p>Rz\u0105d Wysp Kanaryjskich informuje, \u017ce te zdarzenia nie spowodowa\u0142y wi\u0119kszych szk\u00f3d. <\/p>\n\n\n\n<p>24 wrze\u015bnia 2022 roku odwo\u0142ano 10 lot\u00f3w na  lotnisku Tenerife North-Los Rodeos.<\/p>\n\n\n\n<p class=\"has-white-color has-vivid-red-background-color has-text-color has-background\"><strong>AKTUALIZACJA 25.09.2022: <\/strong><\/p>\n\n\n\n<p>Deszcze b\u0119d\u0105 si\u0119 nasila\u0107 od 25 wrze\u015bnia 2022 roku ze wzgl\u0119du na blisko\u015b\u0107 burzy tropikalnej od Wysp Kanaryjskich. Sytuacja ma si\u0119 poprawi\u0107 dopiero 26 wrze\u015bnia w godzinach popo\u0142udniowych. <\/p>\n\n\n\n<p>Synoptycy z AEMET informuj\u0105, co jest \u201edobr\u0105 wiadomo\u015bci\u0105\u201d, \u017ce j\u0105dro cyklonu zaczyna przesuwa\u0107 si\u0119 w stron\u0119 oceanu, a nie w kierunku <a><\/a>archipelagu kanaryjskiego.<\/p>\n\n\n\n<p>Szef rz\u0105du regionalnego Angel Victor Torres podkre\u015bli\u0142, \u017ce najbli\u017cej Wysp Kanaryjskich cyklon b\u0119dzie od godziny 23:00 w t\u0119 niedziel\u0119 do godziny 11:00 w poniedzia\u0142ek.<\/p>\n\n\n\n<figure class=\"wp-block-embed is-type-rich is-provider-twitter wp-block-embed-twitter\"><div class=\"wp-block-embed__wrapper\">\n<blockquote class=\"twitter-tweet\" data-width=\"550\" data-dnt=\"true\"><p lang=\"es\" dir=\"ltr\">\ud83d\udce2PASEO DE CHIL<br>Precauci\u00f3n con el agua que est\u00e1 bajando por los muros y se est\u00e1 acumulando en los carriles.<br><br>\u26a0\ufe0fEvita los desplazamientos en veh\u00edculos <a href=\"https:\/\/t.co\/NqDLM2OkBd\">pic.twitter.com\/NqDLM2OkBd<\/a><\/p>&mdash; Polic\u00eda Local LPA (@PoliciaLPA) <a href=\"https:\/\/twitter.com\/PoliciaLPA\/status\/1573946650514579457?ref_src=twsrc%5Etfw\">September 25, 2022<\/a><\/blockquote><script async src=\"https:\/\/platform.twitter.com\/widgets.js\" charset=\"utf-8\"><\/script>\n<\/div><\/figure>\n\n\n\n<p>Z powodu ulewnych opad\u00f3w deszczu zamkni\u0119to wjazd do GC-31 (tunel San Jos\u00e9) od strony autostrady South Direction ze wzgl\u0119du na gromadzenie si\u0119 wody deszczowej na pasach &#8211; informuje policja Las Palmas de Gran Canaria na Twitterze.&nbsp;<\/p>\n\n\n\n<figure class=\"wp-block-image size-full\"><img decoding=\"async\" width=\"599\" height=\"285\" src=\"https:\/\/nakanarach.pl\/wp-content\/uploads\/2022\/09\/Tunel-Foto-Policia-Local-Gran-Canaria.jpeg\" alt=\"\" class=\"wp-image-5649\" srcset=\"https:\/\/nakanarach.pl\/wp-content\/uploads\/2022\/09\/Tunel-Foto-Policia-Local-Gran-Canaria.jpeg 599w, https:\/\/nakanarach.pl\/wp-content\/uploads\/2022\/09\/Tunel-Foto-Policia-Local-Gran-Canaria-300x143.jpeg 300w\" sizes=\"(max-width: 599px) 100vw, 599px\" \/><figcaption>Zamkni\u0119ty wjazd do tunelu Foto: Policia Local Las Palmas de Gran Canaria<\/figcaption><\/figure>\n\n\n\n<p>Na Teneryfie gwa\u0142towne podmuchy wiatru przewr\u00f3ci\u0142y drzewo na jezdni\u0119. <\/p>\n\n\n\n<figure class=\"wp-block-image size-full\"><img loading=\"lazy\" decoding=\"async\" width=\"1024\" height=\"768\" src=\"https:\/\/nakanarach.pl\/wp-content\/uploads\/2022\/09\/Drzewo-polamane.jpg\" alt=\"\" class=\"wp-image-5648\" srcset=\"https:\/\/nakanarach.pl\/wp-content\/uploads\/2022\/09\/Drzewo-polamane.jpg 1024w, https:\/\/nakanarach.pl\/wp-content\/uploads\/2022\/09\/Drzewo-polamane-300x225.jpg 300w, https:\/\/nakanarach.pl\/wp-content\/uploads\/2022\/09\/Drzewo-polamane-768x576.jpg 768w, https:\/\/nakanarach.pl\/wp-content\/uploads\/2022\/09\/Drzewo-polamane-136x102.jpg 136w\" sizes=\"(max-width: 1024px) 100vw, 1024px\" \/><figcaption><em>Sytuacja na Tenerfie Foto: Twitter\/CECOPALSC<\/em><\/figcaption><\/figure>\n\n\n\n<p>Od Agaete do Maspalomas i od stolicy do San Bartolom\u00e9 de Tirajana nagromadzenie du\u017cych ilo\u015bci wody spowodowa\u0142o powstanie wodospad\u00f3w i sp\u0142yw\u00f3w z obfitym strumieniem na ca\u0142ej wyspie po kilku miesi\u0105cach suszy. <\/p>\n\n\n\n<figure class=\"wp-block-image size-medium\"><img loading=\"lazy\" decoding=\"async\" width=\"225\" height=\"300\" src=\"http:\/\/nakanarach.pl\/wp-content\/uploads\/2022\/09\/Osuwisko-Twitter-Ayuntamiento-de-Telde-225x300.jpg\" alt=\"\" class=\"wp-image-5679\" srcset=\"https:\/\/nakanarach.pl\/wp-content\/uploads\/2022\/09\/Osuwisko-Twitter-Ayuntamiento-de-Telde-225x300.jpg 225w, https:\/\/nakanarach.pl\/wp-content\/uploads\/2022\/09\/Osuwisko-Twitter-Ayuntamiento-de-Telde.jpg 510w\" sizes=\"(max-width: 225px) 100vw, 225px\" \/><figcaption><em>Podmyta ulica w okolicach Telde na Gran Canarii Foto: Ayuntamiento de Telde<\/em><\/figcaption><\/figure>\n\n\n\n<p>Agencja Efe poinformowa\u0142a, \u017ce najwi\u0119ksze opady zanotowano na Gran Canarii: do 113 litr\u00f3w wody na metr kwadratowy zarejestrowano w Teror, prawie 108 w Valleseco, w obu przypadkach w \u015brodkowej cz\u0119\u015bci kraju;&nbsp;105 w okolicach Tafiry, w g\u00f3rnej cz\u0119\u015bci Las Palmas de Gran Canaria;&nbsp;103 w s\u0105siedztwie La Feria oraz w stolicy. <\/p>\n\n\n\n\n\n<p>25 wrze\u015bnia 2022 roku Eurocontrol aktywowa\u0142 \u201estan zero\u201d dla lotnisk Gran Canaria i Teneryfa. Oznacza to \u017caden lot nie mo\u017ce wystartowa\u0107 na obu lotniskach z powodu s\u0142abej widoczno\u015bci. Pas startowy na lotnisku Lanzarote zosta\u0142 zalany przez wod\u0119, a loty na Fuerteventur\u0119 zostaj\u0105 przekierowane na inne lotniska. Eurocontrol utrzyma\u0142 w niedziel\u0119 wieczorem zakaz start\u00f3w z lotnisk Gran Canaria, Tenerife North i La Palma do godziny 23:00.&nbsp;Wed\u0142ug kontroler\u00f3w ruchu lotniczego ruch z du\u017cymi op\u00f3\u017anieniami odbywa si\u0119 na Fuerteventur\u0119, Tenerife Sur i Lanzarote.<\/p>\n\n\n\n<p>\u0141\u0105cznie odwo\u0142ano ponad 250 lot\u00f3w na Wyspach Kanaryjskich. <\/p>\n\n\n\n<p>Kanaryjska firma Binter og\u0142osi\u0142a, \u017ce odwo\u0142uje&nbsp;do godziny 20:00&nbsp;regularne loty z zachodni\u0105 prowincj\u0105 na lotniska&nbsp;Teneryfy, La Gomery, El Hierro i La Palmy.  Linie lotnicze apeluj\u0105, aby sprawdzi\u0107 status lotu przed wyjazdem na lotnisko po linkiem: <a href=\"https:\/\/www.aena.es\/es\/gran-canaria.html\">https:\/\/www.aena.es\/es\/gran-canaria.html<\/a><\/p>\n\n\n\n<p>Od 26 wrze\u015bnia 2022 roku w\u0142adze zdecydowa\u0142y o odwo\u0142aniu alertu pogodowego na Lanzarote i Fuerteventurze.<\/p>\n\n\n\n<p class=\"has-white-color has-vivid-red-background-color has-text-color has-background\"><strong>AKTUALIZACJA 26.09.2022<\/strong><\/p>\n\n\n\n<p>26 wrze\u015bnia 2022 roku uczniowie nie maj\u0105 zaj\u0119\u0107 w szko\u0142ach, a rz\u0105d zach\u0119ca, aby pracownik\u00f3w do telepracy. <\/p>\n\n\n\n<p>Prezydent rz\u0105du Wysp Kanaryjskich, \u00c1ngel V\u00edctor Torres, podkre\u015bli\u0142, w wyst\u0105pieniu dla medi\u00f3w po spotkaniu koordynacji technicznej w sprawie niekorzystnego zjawiska meteorologicznego, kt\u00f3re dotyka wyspy, \u017ce najistotniejsze by\u0142o to, \u017ce w tym maksymalnym czasie nie dosz\u0142o do \u017cadnych szk\u00f3d osobowych. alert, chocia\u017c \u201eto by\u0142 ci\u0119\u017cki dzie\u0144\u201d i \u017ce idea\u0142em jest&nbsp;\u201ekontynuowa\u0107 tak\u201d a\u017c do zako\u0144czenia kryzysu meteorologicznego, sytuacja ta zostanie przeanalizowana na nowym spotkaniu, kt\u00f3re rozpocznie si\u0119 o 10:00 w poniedzia\u0142ek rano.<\/p>\n\n\n\n<p>Doda\u0142 on, \u017ce cyklon \u201eos\u0142ab\u0142\u201d i w\u0142a\u015bnie z tego powodu \u201enie jest ju\u017c uwa\u017cany za cyklon, ale za burz\u0119 posttropikaln\u0105\u201d.&nbsp;<\/p>\n\n\n\n<p>Prezydent poinformowa\u0142, \u017ce Wyspy Kanaryjskie utrzymaj\u0105 ten stan maksymalnego alertu do godz. 12:00 w poniedzia\u0142ek, kiedy sytuacja zostanie przeanalizowana. Ostatecznie 26 wrze\u015bnia 2022 roku alert zosta\u0142 dezaktywowany. <\/p>\n\n\n\n<p>Odwo\u0142ano 761 lot\u00f3w na Wyspach Kanaryjskich. <\/p>\n\n\n\n<p>Na La Palmie zanotowano rekordowe opady deszczu. W gminie La Galga spad\u0142o 213 litr\u00f3w wody na metr kwadratowy. <\/p>\n\n\n\n<p>W wielu miejscach trwa szacowanie strat. Woda zniszczy\u0142a m.in. pla\u017c\u0119 w Maspalomas Faro, kt\u00f3ra po\u0142\u0105czy\u0142a si\u0119 ze zbiornikiem w rezerwacie Charca. <\/p>\n\n\n\n<figure class=\"wp-block-embed is-type-video is-provider-youtube wp-block-embed-youtube wp-embed-aspect-16-9 wp-has-aspect-ratio\"><div class=\"wp-block-embed__wrapper\">\n<iframe title=\"Zniszczona pla\u017ca w Maspalomas - Gran Canaria\" width=\"640\" height=\"360\" src=\"https:\/\/www.youtube.com\/embed\/H5zskqAWOiA?feature=oembed\" frameborder=\"0\" allow=\"accelerometer; autoplay; clipboard-write; encrypted-media; gyroscope; picture-in-picture; web-share\" referrerpolicy=\"strict-origin-when-cross-origin\" allowfullscreen><\/iframe>\n<\/div><\/figure>\n\n\n\n<p><\/p>\n\n\n\n<p>Foto: Twitter\/Gran Canaria Time<\/p>\n","protected":false},"excerpt":{"rendered":"<p>Z\u0142e wie\u015bci dla mieszka\u0144c\u00f3w Wysp Kanaryjskich maj\u0105 synoptycy z Pa\u0144stwowej Agencji Meteorologicznej Aemet. Pomi\u0119dzy 24 a 26 wrze\u015bnia 2022 roku na archipelagu by\u0142y odczuwalne skutki tropikalnego cyklonu &#8222;Hermine&#8221;, ulewne opady deszczu, silny wiatr do 70 km\/h oraz burze. Istnia\u0142o te\u017c ryzyko powodzi. Zamkni\u0119to lotniska na Gran Canarii i Teneryfie. Wed\u0142ug ostrze\u017ce\u0144 synoptyk\u00f3w prawdopodobie\u0144stwo, \u017ce fala [&hellip;]<\/p>\n","protected":false},"author":4,"featured_media":5676,"comment_status":"closed","ping_status":"open","sticky":false,"template":"","format":"standard","meta":{"om_disable_all_campaigns":false,"_monsterinsights_skip_tracking":false,"_monsterinsights_sitenote_active":false,"_monsterinsights_sitenote_note":"","_monsterinsights_sitenote_category":0,"footnotes":""},"categories":[12,78,81],"tags":[],"class_list":["post-5604","post","type-post","status-publish","format-standard","has-post-thumbnail","hentry","category-aktualnosci","category-interwencje","category-pogoda"],"aioseo_notices":[],"blog_post_layout_featured_media_urls":{"thumbnail":["https:\/\/nakanarach.pl\/wp-content\/uploads\/2022\/09\/Ulewa-Twitter-PC-Arucas-150x150.jpg",150,150,true],"full":["https:\/\/nakanarach.pl\/wp-content\/uploads\/2022\/09\/Ulewa-Twitter-PC-Arucas.jpg",2048,922,false]},"categories_names":{"12":{"name":"Aktualno\u015bci","link":"https:\/\/nakanarach.pl\/index.php\/category\/aktualnosci\/"},"78":{"name":"Interwencje","link":"https:\/\/nakanarach.pl\/index.php\/category\/interwencje\/"},"81":{"name":"Pogoda","link":"https:\/\/nakanarach.pl\/index.php\/category\/turystyka\/pogoda\/"}},"tags_names":[],"comments_number":"0","wpmagazine_modules_lite_featured_media_urls":{"thumbnail":["https:\/\/nakanarach.pl\/wp-content\/uploads\/2022\/09\/Ulewa-Twitter-PC-Arucas-150x150.jpg",150,150,true],"cvmm-medium":["https:\/\/nakanarach.pl\/wp-content\/uploads\/2022\/09\/Ulewa-Twitter-PC-Arucas-300x300.jpg",300,300,true],"cvmm-medium-plus":["https:\/\/nakanarach.pl\/wp-content\/uploads\/2022\/09\/Ulewa-Twitter-PC-Arucas-305x207.jpg",305,207,true],"cvmm-portrait":["https:\/\/nakanarach.pl\/wp-content\/uploads\/2022\/09\/Ulewa-Twitter-PC-Arucas-400x600.jpg",400,600,true],"cvmm-medium-square":["https:\/\/nakanarach.pl\/wp-content\/uploads\/2022\/09\/Ulewa-Twitter-PC-Arucas-600x600.jpg",600,600,true],"cvmm-large":["https:\/\/nakanarach.pl\/wp-content\/uploads\/2022\/09\/Ulewa-Twitter-PC-Arucas-1024x922.jpg",1024,922,true],"cvmm-small":["https:\/\/nakanarach.pl\/wp-content\/uploads\/2022\/09\/Ulewa-Twitter-PC-Arucas-130x95.jpg",130,95,true],"full":["https:\/\/nakanarach.pl\/wp-content\/uploads\/2022\/09\/Ulewa-Twitter-PC-Arucas.jpg",2048,922,false]},"_links":{"self":[{"href":"https:\/\/nakanarach.pl\/index.php\/wp-json\/wp\/v2\/posts\/5604","targetHints":{"allow":["GET"]}}],"collection":[{"href":"https:\/\/nakanarach.pl\/index.php\/wp-json\/wp\/v2\/posts"}],"about":[{"href":"https:\/\/nakanarach.pl\/index.php\/wp-json\/wp\/v2\/types\/post"}],"author":[{"embeddable":true,"href":"https:\/\/nakanarach.pl\/index.php\/wp-json\/wp\/v2\/users\/4"}],"replies":[{"embeddable":true,"href":"https:\/\/nakanarach.pl\/index.php\/wp-json\/wp\/v2\/comments?post=5604"}],"version-history":[{"count":40,"href":"https:\/\/nakanarach.pl\/index.php\/wp-json\/wp\/v2\/posts\/5604\/revisions"}],"predecessor-version":[{"id":5710,"href":"https:\/\/nakanarach.pl\/index.php\/wp-json\/wp\/v2\/posts\/5604\/revisions\/5710"}],"wp:featuredmedia":[{"embeddable":true,"href":"https:\/\/nakanarach.pl\/index.php\/wp-json\/wp\/v2\/media\/5676"}],"wp:attachment":[{"href":"https:\/\/nakanarach.pl\/index.php\/wp-json\/wp\/v2\/media?parent=5604"}],"wp:term":[{"taxonomy":"category","embeddable":true,"href":"https:\/\/nakanarach.pl\/index.php\/wp-json\/wp\/v2\/categories?post=5604"},{"taxonomy":"post_tag","embeddable":true,"href":"https:\/\/nakanarach.pl\/index.php\/wp-json\/wp\/v2\/tags?post=5604"}],"curies":[{"name":"wp","href":"https:\/\/api.w.org\/{rel}","templated":true}]}}