{"id":5669,"date":"2022-09-27T14:11:48","date_gmt":"2022-09-27T13:11:48","guid":{"rendered":"http:\/\/nakanarach.pl\/?p=5669"},"modified":"2022-10-11T10:34:27","modified_gmt":"2022-10-11T09:34:27","slug":"promocja-filmu-z-jlo-na-gran-canarii","status":"publish","type":"post","link":"https:\/\/nakanarach.pl\/index.php\/2022\/09\/27\/promocja-filmu-z-jlo-na-gran-canarii\/","title":{"rendered":"PROMOCJA FILMU Z JLO NA GRAN CANARII"},"content":{"rendered":"\n<p><strong>Netflix rozpocz\u0105\u0142 promocj\u0119 filmu, kt\u00f3ry \u015bwiatowej s\u0142awy piosenkarka Jennifer L\u00f3pez nakr\u0119ci\u0142a w 2022 roku. Niekt\u00f3re sceny powsta\u0142y na Gran Canarii.<\/strong><\/p>\n\n\n\n<p>Niekt\u00f3re sceny do filmu nagrywano na ulicach San Crist\u00f3bal i Bravo Murillo. Jak informowali\u015bmy wcze\u015bniej na portalu nakanarach.pl zdj\u0119cia obejmowa\u0142y m.in. lokalizacje w stolicy Gran Canarii, Arucas, aeroklubie i Meloneras. Cz\u0119\u015b\u0107 zdj\u0119\u0107 nagrano te\u017c na pocz\u0105tku 2022 roku w luksusowej wilii w Monte Le\u00f3n, na po\u0142udniu Gran Canarii, gdzie powstaje tak\u017ce hiszpa\u0144ska i czeska wersja reality-show pt. Love Island. W sto\u0142ecznej dzielnicy Vegueta wiosn\u0105 zdj\u0119cia z udzia\u0142em JLo przerwano po wybuchu epidemii Covid-19 w\u015br\u00f3d cz\u0142onk\u00f3w ekipy zdj\u0119ciowej.&nbsp;W\u00f3wczas \u015bwiatowa gwiazda Jennifer L\u00f3pez natychmiast opu\u015bci\u0142a wysp\u0119 prywatnym samolotem.<\/p>\n\n\n\n<p>Od pocz\u0105tku marca 2022 roku wznowiono kr\u0119cenie scen do filmu fabularnego pt. \u201eMatka\u201d, kt\u00f3rego wsp\u00f3\u0142producentem i z udzia\u0142em aktorskim piosenkarki Jennifer L\u00f3pez na Gran Canarii. <\/p>\n\n\n\n<p>W tym filmie Jennifer L\u00f3pez wciela si\u0119 w rol\u0119 matki, kt\u00f3ra jest wynaj\u0119t\u0105 \u200b\u200bzab\u00f3jczyni\u0105 i po pewnym czasie zdo\u0142a \u017cy\u0107 w spokoju i ca\u0142kowitej anonimowo\u015bci.&nbsp;Ale nadchodzi czas, kiedy jej c\u00f3rka, kt\u00f3r\u0105 musia\u0142a odda\u0107 do adopcji, aby nie przyszli po ni\u0105 wrogowie, jest w niebezpiecze\u0144stwie, wi\u0119c jest zmuszona wr\u00f3ci\u0107 do dzia\u0142ania. \u201eMatka\u201d opowiada histori\u0119 by\u0142ej zab\u00f3jczyni, kt\u00f3ra wychodzi z ukrycia, by uratowa\u0107 syna.<\/p>\n\n\n\n<p>Jest to najwi\u0119ksza tegoroczna europejska produkcja Netflixa.<\/p>\n\n\n\n<p>Film akcji pt. \u201eMatka\u201d ma by\u0107 emitowany na Netflixie przed ko\u0144cem 2022 roku.<\/p>\n\n\n\n<figure class=\"wp-block-embed is-type-video is-provider-youtube wp-block-embed-youtube wp-embed-aspect-16-9 wp-has-aspect-ratio\"><div class=\"wp-block-embed__wrapper\">\n<iframe title=\"THE MOTHER | Official Teaser | Netflix\" width=\"640\" height=\"360\" src=\"https:\/\/www.youtube.com\/embed\/Awmni5mbyWE?feature=oembed\" frameborder=\"0\" allow=\"accelerometer; autoplay; clipboard-write; encrypted-media; gyroscope; picture-in-picture; web-share\" referrerpolicy=\"strict-origin-when-cross-origin\" allowfullscreen><\/iframe>\n<\/div><\/figure>\n\n\n\n<p>Foto: Materia\u0142y prasowe<\/p>\n","protected":false},"excerpt":{"rendered":"<p>Netflix rozpocz\u0105\u0142 promocj\u0119 filmu, kt\u00f3ry \u015bwiatowej s\u0142awy piosenkarka Jennifer L\u00f3pez nakr\u0119ci\u0142a w 2022 roku. Niekt\u00f3re sceny powsta\u0142y na Gran Canarii. Niekt\u00f3re sceny do filmu nagrywano na ulicach San Crist\u00f3bal i Bravo Murillo. Jak informowali\u015bmy wcze\u015bniej na portalu nakanarach.pl zdj\u0119cia obejmowa\u0142y m.in. lokalizacje w stolicy Gran Canarii, Arucas, aeroklubie i Meloneras. Cz\u0119\u015b\u0107 zdj\u0119\u0107 nagrano te\u017c na [&hellip;]<\/p>\n","protected":false},"author":4,"featured_media":3668,"comment_status":"closed","ping_status":"open","sticky":false,"template":"","format":"standard","meta":{"om_disable_all_campaigns":false,"_monsterinsights_skip_tracking":false,"_monsterinsights_sitenote_active":false,"_monsterinsights_sitenote_note":"","_monsterinsights_sitenote_category":0,"footnotes":""},"categories":[12,56,80],"tags":[],"class_list":["post-5669","post","type-post","status-publish","format-standard","has-post-thumbnail","hentry","category-aktualnosci","category-celebryci-na-kanarach","category-media-i-muzyka"],"aioseo_notices":[],"blog_post_layout_featured_media_urls":{"thumbnail":["https:\/\/nakanarach.pl\/wp-content\/uploads\/2022\/01\/JLO-na-Kanarach-150x150.jpg",150,150,true],"full":["https:\/\/nakanarach.pl\/wp-content\/uploads\/2022\/01\/JLO-na-Kanarach.jpg",649,737,false]},"categories_names":{"12":{"name":"Aktualno\u015bci","link":"https:\/\/nakanarach.pl\/index.php\/category\/aktualnosci\/"},"56":{"name":"Celebryci na Kanarach","link":"https:\/\/nakanarach.pl\/index.php\/category\/kultura\/celebryci-na-kanarach\/"},"80":{"name":"Media i muzyka","link":"https:\/\/nakanarach.pl\/index.php\/category\/kultura\/media-i-muzyka\/"}},"tags_names":[],"comments_number":"0","wpmagazine_modules_lite_featured_media_urls":{"thumbnail":["https:\/\/nakanarach.pl\/wp-content\/uploads\/2022\/01\/JLO-na-Kanarach-150x150.jpg",150,150,true],"cvmm-medium":["https:\/\/nakanarach.pl\/wp-content\/uploads\/2022\/01\/JLO-na-Kanarach-300x300.jpg",300,300,true],"cvmm-medium-plus":["https:\/\/nakanarach.pl\/wp-content\/uploads\/2022\/01\/JLO-na-Kanarach-305x207.jpg",305,207,true],"cvmm-portrait":["https:\/\/nakanarach.pl\/wp-content\/uploads\/2022\/01\/JLO-na-Kanarach-400x600.jpg",400,600,true],"cvmm-medium-square":["https:\/\/nakanarach.pl\/wp-content\/uploads\/2022\/01\/JLO-na-Kanarach-600x600.jpg",600,600,true],"cvmm-large":["https:\/\/nakanarach.pl\/wp-content\/uploads\/2022\/01\/JLO-na-Kanarach.jpg",649,737,false],"cvmm-small":["https:\/\/nakanarach.pl\/wp-content\/uploads\/2022\/01\/JLO-na-Kanarach-130x95.jpg",130,95,true],"full":["https:\/\/nakanarach.pl\/wp-content\/uploads\/2022\/01\/JLO-na-Kanarach.jpg",649,737,false]},"_links":{"self":[{"href":"https:\/\/nakanarach.pl\/index.php\/wp-json\/wp\/v2\/posts\/5669","targetHints":{"allow":["GET"]}}],"collection":[{"href":"https:\/\/nakanarach.pl\/index.php\/wp-json\/wp\/v2\/posts"}],"about":[{"href":"https:\/\/nakanarach.pl\/index.php\/wp-json\/wp\/v2\/types\/post"}],"author":[{"embeddable":true,"href":"https:\/\/nakanarach.pl\/index.php\/wp-json\/wp\/v2\/users\/4"}],"replies":[{"embeddable":true,"href":"https:\/\/nakanarach.pl\/index.php\/wp-json\/wp\/v2\/comments?post=5669"}],"version-history":[{"count":5,"href":"https:\/\/nakanarach.pl\/index.php\/wp-json\/wp\/v2\/posts\/5669\/revisions"}],"predecessor-version":[{"id":5737,"href":"https:\/\/nakanarach.pl\/index.php\/wp-json\/wp\/v2\/posts\/5669\/revisions\/5737"}],"wp:featuredmedia":[{"embeddable":true,"href":"https:\/\/nakanarach.pl\/index.php\/wp-json\/wp\/v2\/media\/3668"}],"wp:attachment":[{"href":"https:\/\/nakanarach.pl\/index.php\/wp-json\/wp\/v2\/media?parent=5669"}],"wp:term":[{"taxonomy":"category","embeddable":true,"href":"https:\/\/nakanarach.pl\/index.php\/wp-json\/wp\/v2\/categories?post=5669"},{"taxonomy":"post_tag","embeddable":true,"href":"https:\/\/nakanarach.pl\/index.php\/wp-json\/wp\/v2\/tags?post=5669"}],"curies":[{"name":"wp","href":"https:\/\/api.w.org\/{rel}","templated":true}]}}