{"id":5754,"date":"2022-10-10T13:14:06","date_gmt":"2022-10-10T12:14:06","guid":{"rendered":"https:\/\/nakanarach.pl\/?p=5754"},"modified":"2022-10-19T12:55:11","modified_gmt":"2022-10-19T11:55:11","slug":"przyplywy-i-odplywy-w-oceanie","status":"publish","type":"post","link":"https:\/\/nakanarach.pl\/index.php\/2022\/10\/10\/przyplywy-i-odplywy-w-oceanie\/","title":{"rendered":"PRZYP\u0141YWY I ODP\u0141YWY W OCEANIE"},"content":{"rendered":"\n<p><strong>Jesieni\u0105 nasilaj\u0105 si\u0119 przyp\u0142ywy na Oceanie Atlantyckim w pobli\u017cu Wysp Kanaryjskich. W pa\u017adzierniku 2022 roku woda wdar\u0142a si\u0119 prawie 50 metr\u00f3w wg\u0142\u0105b pla\u017cy i zala\u0142a niekt\u00f3re le\u017caki. <\/strong><\/p>\n\n\n\n<figure class=\"wp-block-embed is-type-video is-provider-youtube wp-block-embed-youtube wp-embed-aspect-16-9 wp-has-aspect-ratio\"><div class=\"wp-block-embed__wrapper\">\n<iframe title=\"Silny przyp\u0142yw i zalane le\u017caki Gran Canaria\" width=\"640\" height=\"360\" src=\"https:\/\/www.youtube.com\/embed\/y5EdCixV0_8?feature=oembed\" frameborder=\"0\" allow=\"accelerometer; autoplay; clipboard-write; encrypted-media; gyroscope; picture-in-picture; web-share\" referrerpolicy=\"strict-origin-when-cross-origin\" allowfullscreen><\/iframe>\n<\/div><\/figure>\n\n\n\n<p>Przyp\u0142ywy i odp\u0142ywy wyst\u0119puj\u0105 ka\u017cdego dnia i przez ca\u0142y rok. Wyst\u0119puj\u0105 co 6,5 godziny. Jednak najwi\u0119ksze s\u0105, gdy ksi\u0119\u017cyc znajduje si\u0119 w fazie nowiu lub pe\u0142ni. W\u00f3wczas woda zabiera spory kawa\u0142ek pla\u017cy i dzi\u0119ki temu tworzy si\u0119 np. Laguna Sotavento na Fuerteventurze. <\/p>\n\n\n\n<p>Dodatkowo na Kanarach wyst\u0119puje zjawisko zwane \u201emareas de Los Pinos\u201d, kt\u00f3re przynosi rekordowe przyp\u0142ywy i wysokie fale.  Natomiast odp\u0142ywy cofaj\u0105 wod\u0119 nawet o kilkadziesi\u0105t metr\u00f3w, pozwalaj\u0105c bezpiecznie dotrze\u0107 do jaski\u0144, kt\u00f3re wcze\u015bniej by\u0142y zalane.<\/p>\n\n\n\n<p>Okre\u015blenie \u201emareas de los Pinos\u201d nawi\u0105zuje do \u015bwi\u0119ta Nuestra Senora del Pino, otoczonego kultem Matki Bo\u017cej, kt\u00f3ra ma swoje sanktuarium w miejscowo\u015bci Teror na Gran Canarii. Rekordowe przyp\u0142ywy zazwyczaj zbiegaj\u0105 si\u0119 ze \u015bwi\u0119tem ku jej czci, obchodzonym na pocz\u0105tku wrze\u015bnia, a tak\u017ce wi\u0105\u017ce si\u0119 z astronomiczn\u0105 r\u00f3wnonoc\u0105 jesienn\u0105.<\/p>\n\n\n\n<p>Foto: Czytelnik<\/p>\n","protected":false},"excerpt":{"rendered":"<p>Jesieni\u0105 nasilaj\u0105 si\u0119 przyp\u0142ywy na Oceanie Atlantyckim w pobli\u017cu Wysp Kanaryjskich. W pa\u017adzierniku 2022 roku woda wdar\u0142a si\u0119 prawie 50 metr\u00f3w wg\u0142\u0105b pla\u017cy i zala\u0142a niekt\u00f3re le\u017caki. Przyp\u0142ywy i odp\u0142ywy wyst\u0119puj\u0105 ka\u017cdego dnia i przez ca\u0142y rok. Wyst\u0119puj\u0105 co 6,5 godziny. Jednak najwi\u0119ksze s\u0105, gdy ksi\u0119\u017cyc znajduje si\u0119 w fazie nowiu lub pe\u0142ni. W\u00f3wczas woda [&hellip;]<\/p>\n","protected":false},"author":4,"featured_media":5756,"comment_status":"closed","ping_status":"open","sticky":false,"template":"","format":"standard","meta":{"om_disable_all_campaigns":false,"_monsterinsights_skip_tracking":false,"_monsterinsights_sitenote_active":false,"_monsterinsights_sitenote_note":"","_monsterinsights_sitenote_category":0,"footnotes":""},"categories":[12,75,17],"tags":[],"class_list":["post-5754","post","type-post","status-publish","format-standard","has-post-thumbnail","hentry","category-aktualnosci","category-ciekawostki","category-turystyka"],"aioseo_notices":[],"blog_post_layout_featured_media_urls":{"thumbnail":["https:\/\/nakanarach.pl\/wp-content\/uploads\/2022\/10\/Przyplyw-Maspalomas-150x150.jpg",150,150,true],"full":["https:\/\/nakanarach.pl\/wp-content\/uploads\/2022\/10\/Przyplyw-Maspalomas-scaled.jpg",2560,1152,false]},"categories_names":{"12":{"name":"Aktualno\u015bci","link":"https:\/\/nakanarach.pl\/index.php\/category\/aktualnosci\/"},"75":{"name":"Ciekawostki","link":"https:\/\/nakanarach.pl\/index.php\/category\/ciekawostki\/"},"17":{"name":"Turystyka","link":"https:\/\/nakanarach.pl\/index.php\/category\/turystyka\/"}},"tags_names":[],"comments_number":"0","wpmagazine_modules_lite_featured_media_urls":{"thumbnail":["https:\/\/nakanarach.pl\/wp-content\/uploads\/2022\/10\/Przyplyw-Maspalomas-150x150.jpg",150,150,true],"cvmm-medium":["https:\/\/nakanarach.pl\/wp-content\/uploads\/2022\/10\/Przyplyw-Maspalomas-300x300.jpg",300,300,true],"cvmm-medium-plus":["https:\/\/nakanarach.pl\/wp-content\/uploads\/2022\/10\/Przyplyw-Maspalomas-305x207.jpg",305,207,true],"cvmm-portrait":["https:\/\/nakanarach.pl\/wp-content\/uploads\/2022\/10\/Przyplyw-Maspalomas-400x600.jpg",400,600,true],"cvmm-medium-square":["https:\/\/nakanarach.pl\/wp-content\/uploads\/2022\/10\/Przyplyw-Maspalomas-600x600.jpg",600,600,true],"cvmm-large":["https:\/\/nakanarach.pl\/wp-content\/uploads\/2022\/10\/Przyplyw-Maspalomas-1024x1024.jpg",1024,1024,true],"cvmm-small":["https:\/\/nakanarach.pl\/wp-content\/uploads\/2022\/10\/Przyplyw-Maspalomas-130x95.jpg",130,95,true],"full":["https:\/\/nakanarach.pl\/wp-content\/uploads\/2022\/10\/Przyplyw-Maspalomas-scaled.jpg",2560,1152,false]},"_links":{"self":[{"href":"https:\/\/nakanarach.pl\/index.php\/wp-json\/wp\/v2\/posts\/5754","targetHints":{"allow":["GET"]}}],"collection":[{"href":"https:\/\/nakanarach.pl\/index.php\/wp-json\/wp\/v2\/posts"}],"about":[{"href":"https:\/\/nakanarach.pl\/index.php\/wp-json\/wp\/v2\/types\/post"}],"author":[{"embeddable":true,"href":"https:\/\/nakanarach.pl\/index.php\/wp-json\/wp\/v2\/users\/4"}],"replies":[{"embeddable":true,"href":"https:\/\/nakanarach.pl\/index.php\/wp-json\/wp\/v2\/comments?post=5754"}],"version-history":[{"count":4,"href":"https:\/\/nakanarach.pl\/index.php\/wp-json\/wp\/v2\/posts\/5754\/revisions"}],"predecessor-version":[{"id":5759,"href":"https:\/\/nakanarach.pl\/index.php\/wp-json\/wp\/v2\/posts\/5754\/revisions\/5759"}],"wp:featuredmedia":[{"embeddable":true,"href":"https:\/\/nakanarach.pl\/index.php\/wp-json\/wp\/v2\/media\/5756"}],"wp:attachment":[{"href":"https:\/\/nakanarach.pl\/index.php\/wp-json\/wp\/v2\/media?parent=5754"}],"wp:term":[{"taxonomy":"category","embeddable":true,"href":"https:\/\/nakanarach.pl\/index.php\/wp-json\/wp\/v2\/categories?post=5754"},{"taxonomy":"post_tag","embeddable":true,"href":"https:\/\/nakanarach.pl\/index.php\/wp-json\/wp\/v2\/tags?post=5754"}],"curies":[{"name":"wp","href":"https:\/\/api.w.org\/{rel}","templated":true}]}}