{"id":6100,"date":"2022-12-01T08:09:27","date_gmt":"2022-12-01T08:09:27","guid":{"rendered":"http:\/\/nakanarach.pl\/?p=6100"},"modified":"2022-12-04T14:53:13","modified_gmt":"2022-12-04T14:53:13","slug":"meteoryt-wywolal-alarm-na-kanarach","status":"publish","type":"post","link":"https:\/\/nakanarach.pl\/index.php\/2022\/12\/01\/meteoryt-wywolal-alarm-na-kanarach\/","title":{"rendered":"METEORYT WYWO\u0141A\u0141 ALARM NA KANARACH (VIDEO) &#8211; AKTUALIZACJA"},"content":{"rendered":"\n<p><strong>Wa\u017c\u0105cy kilka ton i d\u0142ugi na 1 metr meteoryt okre\u015blany jako &#8222;bolid&#8221; wywo\u0142a\u0142 alarm na wyspie Gran Canaria w ostatni dzie\u0144 listopada 2022 roku. Kolejne dwie ogniste kule pojawi\u0142y si\u0119 na pocz\u0105tku grudnia 2022 roku nad Wyspami Kanaryjskimi. <\/strong><\/p>\n\n\n\n<p>Jak pisze gazeta Canarias 7 wed\u0142ug oficjalnych \u017ar\u00f3de\u0142 cia\u0142o niebieskie (widziane te\u017c jako kula ognia) przelecia\u0142o nad wyspami La Palma, El Hierro, La Gomera i na po\u0142udniu Teneryfy, zanim przesz\u0142o przez p\u00f3\u0142nocne wybrze\u017ce Gran Canarii, gdzie z wielkim hukiem wpad\u0142o do oceanu mi\u0119dzy gminami Arucas i Gu\u00eda, nie powoduj\u0105c zniszcze\u0144 na Kanarach. <\/p>\n\n\n\n<figure class=\"wp-block-embed is-type-video is-provider-youtube wp-block-embed-youtube wp-embed-aspect-16-9 wp-has-aspect-ratio\"><div class=\"wp-block-embed__wrapper\">\n<iframe title=\"METEORITO en Gran Canaria \u2604\ud83c\udf0a (Al final es Simulaci\u00f3n)\" width=\"640\" height=\"360\" src=\"https:\/\/www.youtube.com\/embed\/2vXaRqx2Dqw?feature=oembed\" frameborder=\"0\" allow=\"accelerometer; autoplay; clipboard-write; encrypted-media; gyroscope; picture-in-picture; web-share\" referrerpolicy=\"strict-origin-when-cross-origin\" allowfullscreen><\/iframe>\n<\/div><\/figure>\n\n\n\n<p>Kanaryjski dziennik pisze, \u017ce ta \u201epot\u0119\u017cna fala akustyczna\u201d zosta\u0142a opisana przez niekt\u00f3rych jako ha\u0142as podobny do ogromnej eksplozji, od kt\u00f3rej \u201ezatrz\u0119s\u0142y si\u0119 nawet okna i \u017caluzje\u201d.<\/p>\n\n\n\n<p>Gazeta poda\u0142a te\u017c, \u017ce kamery i teleskopy Instituto de Astrof\u00edsica de Canarias (IAC) nie mog\u0142y \u015bledzi\u0107 meteorytu, poniewa\u017c nast\u0105pi\u0142 on w bia\u0142y dzie\u0144, kiedy mierniki nie dzia\u0142aj\u0105. Astronom IAC i administrator Obserwatorium na Teide, Miquel Serra-Ricart zapewni\u0142, \u017ce cho\u0107 tego typu sytuacje zdarzaj\u0105 si\u0119 na ca\u0142ym \u015bwiecie, to mo\u017cna powiedzie\u0107, \u017ce jest to zjawisko rzadkie, kt\u00f3re mo\u017ce mie\u0107 cz\u0119stotliwo\u015b\u0107 wyst\u0119powania raz na pi\u0119\u0107 lub dziesi\u0119\u0107 lat.<\/p>\n\n\n\n<p>Chocia\u017c nie ma dalszych danych, astronom uwa\u017ca, \u017ce \u200b\u200bze wzgl\u0119du na ha\u0142as i \u015bwiat\u0142o m\u00f3g\u0142 to by\u0107 obiekt o \u015brednicy wi\u0119kszej ni\u017c 15 cm. Mog\u0142a to by\u0107 \u015brednica pi\u0142ki do koszyk\u00f3wki, chocia\u017c jej wymiary s\u0105 trudne do okre\u015blenia. Ha\u0142as generowany przez tego typu zjawisko wynika z faktu, \u017ce meteor wywo\u0142uje fal\u0119 uderzeniow\u0105, kt\u00f3ra jest s\u0142yszalna podczas spr\u0119\u017cania powietrza atmosferycznego.<\/p>\n\n\n\n<p>Po po\u0142udniu sytuacja by\u0142a stale monitorowana przez rz\u0105d, a bezpo\u015brednia komunikacja z szefem rz\u0105du Wysp Kanaryjskich \u00c1ngelem V\u00edctorem Torresem i doradc\u0105 Julio P\u00e9rezem nie by\u0142a konieczna do uruchomienia \u017cadnego z plan\u00f3w awaryjnych, poniewa\u017c bolid spad\u0142 do oceanu. <\/p>\n\n\n\n<p class=\"has-white-color has-vivid-red-background-color has-text-color has-background\"><strong>AKTUALIZACJA 4.12.2022<\/strong><\/p>\n\n\n\n<p>1 grudnia 2022 roku kolejn\u0105 ognist\u0105 kul\u0119 badacze zaobserwowali nad Lanzarote, a 4 grudnia o godz. 4:03 w pobli\u017cu p\u00f3\u0142nocnej Teneryfy. Podobnie i w tych przypadkach nikomu si\u0119 nic nie sta\u0142o. Te zjawiska \u015bwietlne wyst\u0119puj\u0105 na du\u017cych wysoko\u015bciach, kiedy ska\u0142a pochodzenia mi\u0119dzyplanetarnego wchodzi w atmosfer\u0119 ziemsk\u0105 z pr\u0119dko\u015bci\u0105 od 11 do 73 kilometr\u00f3w na sekund\u0119.\u00a0<\/p>\n\n\n\n<p>Foto: Facebook\/AccuWeather &#8211; zdj\u0119cie ilustracyjne<\/p>\n","protected":false},"excerpt":{"rendered":"<p>Wa\u017c\u0105cy kilka ton i d\u0142ugi na 1 metr meteoryt okre\u015blany jako &#8222;bolid&#8221; wywo\u0142a\u0142 alarm na wyspie Gran Canaria w ostatni dzie\u0144 listopada 2022 roku. Kolejne dwie ogniste kule pojawi\u0142y si\u0119 na pocz\u0105tku grudnia 2022 roku nad Wyspami Kanaryjskimi. Jak pisze gazeta Canarias 7 wed\u0142ug oficjalnych \u017ar\u00f3de\u0142 cia\u0142o niebieskie (widziane te\u017c jako kula ognia) przelecia\u0142o nad [&hellip;]<\/p>\n","protected":false},"author":4,"featured_media":6101,"comment_status":"closed","ping_status":"open","sticky":false,"template":"","format":"standard","meta":{"om_disable_all_campaigns":false,"_monsterinsights_skip_tracking":false,"_monsterinsights_sitenote_active":false,"_monsterinsights_sitenote_note":"","_monsterinsights_sitenote_category":0,"footnotes":""},"categories":[12],"tags":[],"class_list":["post-6100","post","type-post","status-publish","format-standard","has-post-thumbnail","hentry","category-aktualnosci"],"aioseo_notices":[],"blog_post_layout_featured_media_urls":{"thumbnail":["https:\/\/nakanarach.pl\/wp-content\/uploads\/2022\/12\/Meteoryt-FB-AccuWeather-150x150.jpg",150,150,true],"full":["https:\/\/nakanarach.pl\/wp-content\/uploads\/2022\/12\/Meteoryt-FB-AccuWeather.jpg",500,261,false]},"categories_names":{"12":{"name":"Aktualno\u015bci","link":"https:\/\/nakanarach.pl\/index.php\/category\/aktualnosci\/"}},"tags_names":[],"comments_number":"0","wpmagazine_modules_lite_featured_media_urls":{"thumbnail":["https:\/\/nakanarach.pl\/wp-content\/uploads\/2022\/12\/Meteoryt-FB-AccuWeather-150x150.jpg",150,150,true],"cvmm-medium":["https:\/\/nakanarach.pl\/wp-content\/uploads\/2022\/12\/Meteoryt-FB-AccuWeather-300x261.jpg",300,261,true],"cvmm-medium-plus":["https:\/\/nakanarach.pl\/wp-content\/uploads\/2022\/12\/Meteoryt-FB-AccuWeather-305x207.jpg",305,207,true],"cvmm-portrait":["https:\/\/nakanarach.pl\/wp-content\/uploads\/2022\/12\/Meteoryt-FB-AccuWeather-400x261.jpg",400,261,true],"cvmm-medium-square":["https:\/\/nakanarach.pl\/wp-content\/uploads\/2022\/12\/Meteoryt-FB-AccuWeather.jpg",500,261,false],"cvmm-large":["https:\/\/nakanarach.pl\/wp-content\/uploads\/2022\/12\/Meteoryt-FB-AccuWeather.jpg",500,261,false],"cvmm-small":["https:\/\/nakanarach.pl\/wp-content\/uploads\/2022\/12\/Meteoryt-FB-AccuWeather-130x95.jpg",130,95,true],"full":["https:\/\/nakanarach.pl\/wp-content\/uploads\/2022\/12\/Meteoryt-FB-AccuWeather.jpg",500,261,false]},"_links":{"self":[{"href":"https:\/\/nakanarach.pl\/index.php\/wp-json\/wp\/v2\/posts\/6100","targetHints":{"allow":["GET"]}}],"collection":[{"href":"https:\/\/nakanarach.pl\/index.php\/wp-json\/wp\/v2\/posts"}],"about":[{"href":"https:\/\/nakanarach.pl\/index.php\/wp-json\/wp\/v2\/types\/post"}],"author":[{"embeddable":true,"href":"https:\/\/nakanarach.pl\/index.php\/wp-json\/wp\/v2\/users\/4"}],"replies":[{"embeddable":true,"href":"https:\/\/nakanarach.pl\/index.php\/wp-json\/wp\/v2\/comments?post=6100"}],"version-history":[{"count":4,"href":"https:\/\/nakanarach.pl\/index.php\/wp-json\/wp\/v2\/posts\/6100\/revisions"}],"predecessor-version":[{"id":6117,"href":"https:\/\/nakanarach.pl\/index.php\/wp-json\/wp\/v2\/posts\/6100\/revisions\/6117"}],"wp:featuredmedia":[{"embeddable":true,"href":"https:\/\/nakanarach.pl\/index.php\/wp-json\/wp\/v2\/media\/6101"}],"wp:attachment":[{"href":"https:\/\/nakanarach.pl\/index.php\/wp-json\/wp\/v2\/media?parent=6100"}],"wp:term":[{"taxonomy":"category","embeddable":true,"href":"https:\/\/nakanarach.pl\/index.php\/wp-json\/wp\/v2\/categories?post=6100"},{"taxonomy":"post_tag","embeddable":true,"href":"https:\/\/nakanarach.pl\/index.php\/wp-json\/wp\/v2\/tags?post=6100"}],"curies":[{"name":"wp","href":"https:\/\/api.w.org\/{rel}","templated":true}]}}