{"id":6132,"date":"2022-12-13T07:06:00","date_gmt":"2022-12-13T07:06:00","guid":{"rendered":"https:\/\/nakanarach.pl\/?p=6132"},"modified":"2023-01-24T12:27:04","modified_gmt":"2023-01-24T12:27:04","slug":"balwan-z-teneryfy-najbrzydszy-w-hiszpanii","status":"publish","type":"post","link":"https:\/\/nakanarach.pl\/index.php\/2022\/12\/13\/balwan-z-teneryfy-najbrzydszy-w-hiszpanii\/","title":{"rendered":"BA\u0141WAN Z TENERYFY NAJBRZYDSZY W HISZPANII"},"content":{"rendered":"\n<p><strong>Popularny Ba\u0142wan<\/strong> <strong>z Teneryfy zwyci\u0119\u017cy\u0142 w g\u0142osowaniu internaut\u00f3w na najgorsz\u0105 rze\u017ab\u0119 w ca\u0142ej Hiszpanii. <\/strong><\/p>\n\n\n\n<p>Pomnik znajduje si\u0119 na rondzie Avenida Los Majuelos na granicy La Laguna i Santa Cruz na Teneryfie w pobli\u017cu autostrady TF-1. <\/p>\n\n\n\n<p>W 2022 roku po raz czwarty zosta\u0142 uznany za najgorszy pomnik na jednym z 23 tysi\u0119cy rond w ca\u0142ej Hiszpanii, jednak grupa mieszka\u0144c\u00f3w pr\u00f3buje go broni\u0107, sk\u0142adaj\u0105c petycj\u0119 o uznanie go za oficjalny punkt orientacyjny Teneryfy.<\/p>\n\n\n\n<p>W internetowej ankiecie wzi\u0119\u0142y udzia\u0142 tysi\u0105ce os\u00f3b, przesy\u0142aj\u0105c zdj\u0119cia, nominuj\u0105c ronda i g\u0142osuj\u0105c.<\/p>\n\n\n\n<p>Nazwa ankiety to \u201eRoundabouts\u201d, co jest r\u00f3wnie\u017c ulubionym imieniem ba\u0142wana z Teneryfy, kt\u00f3rego miejscowi nazywaj\u0105 \u201eRotondismo\u201d i oczywi\u015bcie fakt, \u017ce wyspa z klimatem Teneryfy ma ba\u0142wana jako pomnik. Nie ka\u017cdy wie, \u017ce co roku w sezonie zimowym na szczytach Teide pojawia si\u0119 \u015bnieg, kt\u00f3ry jest du\u017c\u0105 atrakcj\u0105 dla mieszka\u0144c\u00f3w. <\/p>\n\n\n\n<p>Ba\u0142wan ju\u017c czterokrotnie zosta\u0142 wybrany najbrzydszym i za ka\u017cdym razem znalaz\u0142 si\u0119 w pierwszej dziesi\u0105tce, a w innych ankietach zosta\u0142 ukoronowany jako \u201enajwi\u0119kszy monumentalny horror w ca\u0142ej Hiszpanii\u201d.<\/p>\n\n\n\n<p>12-metrowy ba\u0142wan zosta\u0142 stworzony przez znanego czeskiego artyst\u0119 Jir\u00ed Georga Dokoupila, kt\u00f3rego projekty odnios\u0142y wielki sukces w latach 80.&nbsp;Dlatego zosta\u0142 wybrany do wykonania tej rze\u017aby, kt\u00f3ra od pocz\u0105tku budzi\u0142a kontrowersje, poniewa\u017c mieszka\u0144cy krytykowali jego ogromne koszty i w\u0105tpliw\u0105 estetyk\u0119, a po drugie, \u017ce Autonomiczny O\u015brodek Kultury (OAC) w Santa Cruz kilkakrotnie odmawia\u0142 jego konserwacji i czyszczenia, twierdz\u0105c, \u017ce nie jest to ich w\u0142asno\u015b\u0107.<\/p>\n\n\n\n<p>Foto: flickr\/paramonguino<\/p>\n","protected":false},"excerpt":{"rendered":"<p>Popularny Ba\u0142wan z Teneryfy zwyci\u0119\u017cy\u0142 w g\u0142osowaniu internaut\u00f3w na najgorsz\u0105 rze\u017ab\u0119 w ca\u0142ej Hiszpanii. Pomnik znajduje si\u0119 na rondzie Avenida Los Majuelos na granicy La Laguna i Santa Cruz na Teneryfie w pobli\u017cu autostrady TF-1. W 2022 roku po raz czwarty zosta\u0142 uznany za najgorszy pomnik na jednym z 23 tysi\u0119cy rond w ca\u0142ej Hiszpanii, [&hellip;]<\/p>\n","protected":false},"author":4,"featured_media":6133,"comment_status":"closed","ping_status":"open","sticky":false,"template":"","format":"standard","meta":{"om_disable_all_campaigns":false,"_monsterinsights_skip_tracking":false,"_monsterinsights_sitenote_active":false,"_monsterinsights_sitenote_note":"","_monsterinsights_sitenote_category":0,"footnotes":""},"categories":[12],"tags":[],"class_list":["post-6132","post","type-post","status-publish","format-standard","has-post-thumbnail","hentry","category-aktualnosci"],"aioseo_notices":[],"blog_post_layout_featured_media_urls":{"thumbnail":["https:\/\/nakanarach.pl\/wp-content\/uploads\/2022\/12\/Balwan-z-Teneryfy-Flickr-150x150.jpg",150,150,true],"full":["https:\/\/nakanarach.pl\/wp-content\/uploads\/2022\/12\/Balwan-z-Teneryfy-Flickr.jpg",500,375,false]},"categories_names":{"12":{"name":"Aktualno\u015bci","link":"https:\/\/nakanarach.pl\/index.php\/category\/aktualnosci\/"}},"tags_names":[],"comments_number":"0","wpmagazine_modules_lite_featured_media_urls":{"thumbnail":["https:\/\/nakanarach.pl\/wp-content\/uploads\/2022\/12\/Balwan-z-Teneryfy-Flickr-150x150.jpg",150,150,true],"cvmm-medium":["https:\/\/nakanarach.pl\/wp-content\/uploads\/2022\/12\/Balwan-z-Teneryfy-Flickr-300x300.jpg",300,300,true],"cvmm-medium-plus":["https:\/\/nakanarach.pl\/wp-content\/uploads\/2022\/12\/Balwan-z-Teneryfy-Flickr-305x207.jpg",305,207,true],"cvmm-portrait":["https:\/\/nakanarach.pl\/wp-content\/uploads\/2022\/12\/Balwan-z-Teneryfy-Flickr-400x375.jpg",400,375,true],"cvmm-medium-square":["https:\/\/nakanarach.pl\/wp-content\/uploads\/2022\/12\/Balwan-z-Teneryfy-Flickr.jpg",500,375,false],"cvmm-large":["https:\/\/nakanarach.pl\/wp-content\/uploads\/2022\/12\/Balwan-z-Teneryfy-Flickr.jpg",500,375,false],"cvmm-small":["https:\/\/nakanarach.pl\/wp-content\/uploads\/2022\/12\/Balwan-z-Teneryfy-Flickr-130x95.jpg",130,95,true],"full":["https:\/\/nakanarach.pl\/wp-content\/uploads\/2022\/12\/Balwan-z-Teneryfy-Flickr.jpg",500,375,false]},"_links":{"self":[{"href":"https:\/\/nakanarach.pl\/index.php\/wp-json\/wp\/v2\/posts\/6132","targetHints":{"allow":["GET"]}}],"collection":[{"href":"https:\/\/nakanarach.pl\/index.php\/wp-json\/wp\/v2\/posts"}],"about":[{"href":"https:\/\/nakanarach.pl\/index.php\/wp-json\/wp\/v2\/types\/post"}],"author":[{"embeddable":true,"href":"https:\/\/nakanarach.pl\/index.php\/wp-json\/wp\/v2\/users\/4"}],"replies":[{"embeddable":true,"href":"https:\/\/nakanarach.pl\/index.php\/wp-json\/wp\/v2\/comments?post=6132"}],"version-history":[{"count":2,"href":"https:\/\/nakanarach.pl\/index.php\/wp-json\/wp\/v2\/posts\/6132\/revisions"}],"predecessor-version":[{"id":6142,"href":"https:\/\/nakanarach.pl\/index.php\/wp-json\/wp\/v2\/posts\/6132\/revisions\/6142"}],"wp:featuredmedia":[{"embeddable":true,"href":"https:\/\/nakanarach.pl\/index.php\/wp-json\/wp\/v2\/media\/6133"}],"wp:attachment":[{"href":"https:\/\/nakanarach.pl\/index.php\/wp-json\/wp\/v2\/media?parent=6132"}],"wp:term":[{"taxonomy":"category","embeddable":true,"href":"https:\/\/nakanarach.pl\/index.php\/wp-json\/wp\/v2\/categories?post=6132"},{"taxonomy":"post_tag","embeddable":true,"href":"https:\/\/nakanarach.pl\/index.php\/wp-json\/wp\/v2\/tags?post=6132"}],"curies":[{"name":"wp","href":"https:\/\/api.w.org\/{rel}","templated":true}]}}