{"id":6271,"date":"2023-01-17T08:51:22","date_gmt":"2023-01-17T08:51:22","guid":{"rendered":"https:\/\/nakanarach.pl\/?p=6271"},"modified":"2023-01-28T09:32:06","modified_gmt":"2023-01-28T09:32:06","slug":"zima-chlodniej-na-wyspach-kanaryjskich","status":"publish","type":"post","link":"https:\/\/nakanarach.pl\/index.php\/2023\/01\/17\/zima-chlodniej-na-wyspach-kanaryjskich\/","title":{"rendered":"ZIM\u0104 CH\u0141ODNIEJ NA KANARACH (AKTUALIZACJA)"},"content":{"rendered":"\n<p><strong>Ci, kt\u00f3rzy wybieraj\u0105 na wypoczynek w zimie najcieplejszy zak\u0105tek w Europie, czyli Wyspy Kanaryjskie powinni pami\u0119ta\u0107, \u017ce o tej porze roku jest ch\u0142odniej ni\u017c latem, ale s\u0142o\u0144ca nie zabraknie. <\/strong><\/p>\n\n\n\n<p>Wed\u0142ug prognoz Pa\u0144stowej Agencji Meteorologicznej od 17 stycznia 2023 roku na archipelag zacz\u0119\u0142y nap\u0142ywa\u0107 masy ch\u0142odniejszego powietrza. Taka aura ma panowa\u0107 do 20 stycznia 2023 roku. <\/p>\n\n\n\n<p>G\u0142\u00f3wnie na p\u00f3\u0142nocy wysp mo\u017cliwe s\u0105 lekkie lub umiarkowane deszcze<strong>.&nbsp;<\/strong>Maj\u0105 te\u017c pojawi\u0107 si\u0119 opady <strong> <\/strong>\u015bniegu&nbsp;powy\u017cej&nbsp;2000 lub 2200 metr\u00f3w, g\u0142\u00f3wnie na szczytach Teneryfy i La Palmy.&nbsp;<\/p>\n\n\n\n<p>Prognoza AEMET przewiduje r\u00f3wnie\u017c spadek temperatur, kt\u00f3ry mo\u017ce by\u0107 bardziej znacz\u0105cy na obszarach \u015br\u00f3dl\u0105dowych, gdzie b\u0119d\u0105 si\u0119 waha\u0107 od najni\u017cszych na El Hierro od 12 stopni w nocy,  na pozosta\u0142ych wyspach ok. 18 stopni do najwy\u017cszych 21 stopni w ci\u0105gu dnia, za wyj\u0105tkiem El Hierro (15 stopni).<\/p>\n\n\n\n<p>Mapy pogodowe pokazuj\u0105 wiatry z p\u00f3\u0142nocnego wschodu z silnymi podmuchami na po\u0142udniowym wschodzie i p\u00f3\u0142nocnym zachodzie wysp oraz na szczytach. <\/p>\n\n\n\n<p>Od stycznia do maja temperatura w oceanie waha si\u0119 pomi\u0119dzy 19-20 stopniami. &nbsp;Dla por\u00f3wnania \u015brednia temperatura wody w polskim Ba\u0142tyku wynosi latem zaledwie 18 stopni.<\/p>\n\n\n\n<p>Na Wyspach Kanaryjskich jest \u015brednio 300 s\u0142onecznych dni w roku. Najwi\u0119cej deszczowych dni notuje si\u0119 w grudniu (nawet 55 mm). W styczniu, lutym i marcu opady s\u0105 mniejsze, ale te\u017c si\u0119 zdarzaj\u0105. Dlatego zima w tym miejscu mo\u017ce by\u0107 ca\u0142kiem przyjemna, patrz\u0105c na niskie temperatury w Polsce. <\/p>\n\n\n\n<p class=\"has-white-color has-vivid-red-background-color has-text-color has-background\"><strong>AKTUALIZACJA 19.01.2023<\/strong><\/p>\n\n\n\n<p>18 stycznia 2023 roku najni\u017csza temperatura zosta\u0142a zanotowana w miejscowo\u015bci Iza\u00f1a na Teneryfie z -0,6 stopnia o 5:50 rano, nast\u0119pnie w La Orotava z 0,8 stopnia o godz. 15:50 i Vega de San Mateo z 3,2 stopnia o 16:00.<\/p>\n\n\n\n<p>Z kolei na 19 stycznia 2023 roku&nbsp;aktywowano \u017c\u00f3\u0142te ostrze\u017cenie z powodu wysokich fal i podmuch\u00f3w wiatru&nbsp;na r\u00f3\u017cnych wyspach.&nbsp;Pierwszy dotyczy ca\u0142ego archipelagu, z wyj\u0105tkiem El Hierro, na p\u00f3\u0142nocy wysp z falami o wysoko\u015bci od 4 do 5 metr\u00f3w i p\u00f3\u0142nocno-wschodnim wiatrem o pr\u0119dko\u015bci od 50 do 61 kilometr\u00f3w na godzin\u0119.<\/p>\n\n\n\n<p>Tymczasem wiatr z du\u017ca si\u0142\u0105 ma wia\u0107 z p\u00f3\u0142nocy na ods\u0142oni\u0119tych obszarach wysp zachodnich na Gran Canarii, osi\u0105gaj\u0105c pr\u0119dko\u015b\u0107 70 kilometr\u00f3w na godzin\u0119.&nbsp;Og\u0142oszenia te obowi\u0105zuj\u0105 do 20 stycznia 2023 roku. <\/p>\n\n\n\n<p>Firma morska L\u00edneas Romero poinformowa\u0142a o&nbsp;zawieszeniu wszystkich po\u0142\u0105cze\u0144 mi\u0119dzy portami \u00d3rzola na Lanzarote i La Graciosa od czwartku, 19 stycznia, ze wzgl\u0119du na prognozowane niekorzystne warunki pogodowe i wysokie fale.<\/p>\n\n\n\n<p>Po tym terminie pogoda na Kanarach ma si\u0119 nieco poprawi\u0107. <\/p>\n\n\n\n<p class=\"has-white-color has-vivid-red-background-color has-text-color has-background\"><strong>AKTUALIZACJA 28.01.2023<\/strong><\/p>\n\n\n\n<p>Och\u0142odzenie ponownie wr\u00f3ci\u0142o na Wyspy Kanaryjskie. Minimalna temperatura na Teneryfie na 28 stycznia 2023 roku to 13-17 stopni, a maksymalna 20 stopni.&nbsp;We wczesnych godzinach porannych termometr na turystycznym po\u0142udniu Teneryfy mo\u017ce wskazywa\u0107 oko\u0142o 11 stopni. R\u00f3wnie\u017c na Fuerteventurze minimalna temperatura ma wynie\u015b\u0107 rano od 13-17 stopni Celsjusza. Na Gran Canarii temepratura o poranku spad\u0142a do 14-17 stopni, a na Lanzarote do 14. W dzie\u0144 temperatury maj\u0105 wzrosn\u0105\u0107 do ok. 19 stopni w cieniu. <\/p>\n\n\n\n<p>Na 29 stycznia 2023 roku prognoza pogody na Wyspach Kanaryjskich przewiduje og\u00f3lnie zachmurzenie, z na p\u00f3\u0142nocnym wschodzie wysp o wy\u017cszym ukszta\u0142towaniu terenu, gdzie prawdopodobne s\u0105 lekkie i sporadyczne deszcze.&nbsp; W wielu cz\u0119\u015bciach Archipelagu nadal b\u0119dzie zimno.&nbsp;Minimalne temperatury nieco spadn\u0105 do 15 stopni, a maksymalne do 19-20 stopni.<\/p>\n\n\n\n<p>Istnieje te\u017c mo\u017cliwo\u015b\u0107 lekkich&nbsp;mroz\u00f3w&nbsp;w centralnych szczytach Teneryfy i La Palmy.<\/p>\n\n\n\n<p>Foto: Czytelnik<\/p>\n","protected":false},"excerpt":{"rendered":"<p>Ci, kt\u00f3rzy wybieraj\u0105 na wypoczynek w zimie najcieplejszy zak\u0105tek w Europie, czyli Wyspy Kanaryjskie powinni pami\u0119ta\u0107, \u017ce o tej porze roku jest ch\u0142odniej ni\u017c latem, ale s\u0142o\u0144ca nie zabraknie. Wed\u0142ug prognoz Pa\u0144stowej Agencji Meteorologicznej od 17 stycznia 2023 roku na archipelag zacz\u0119\u0142y nap\u0142ywa\u0107 masy ch\u0142odniejszego powietrza. Taka aura ma panowa\u0107 do 20 stycznia 2023 roku. [&hellip;]<\/p>\n","protected":false},"author":4,"featured_media":6285,"comment_status":"closed","ping_status":"open","sticky":false,"template":"","format":"standard","meta":{"om_disable_all_campaigns":false,"_monsterinsights_skip_tracking":false,"_monsterinsights_sitenote_active":false,"_monsterinsights_sitenote_note":"","_monsterinsights_sitenote_category":0,"footnotes":""},"categories":[81],"tags":[],"class_list":["post-6271","post","type-post","status-publish","format-standard","has-post-thumbnail","hentry","category-pogoda"],"aioseo_notices":[],"blog_post_layout_featured_media_urls":{"thumbnail":["https:\/\/nakanarach.pl\/wp-content\/uploads\/2023\/01\/Temperatura-21-stopni-150x150.jpg",150,150,true],"full":["https:\/\/nakanarach.pl\/wp-content\/uploads\/2023\/01\/Temperatura-21-stopni-scaled.jpg",2560,1920,false]},"categories_names":{"81":{"name":"Pogoda","link":"https:\/\/nakanarach.pl\/index.php\/category\/turystyka\/pogoda\/"}},"tags_names":[],"comments_number":"0","wpmagazine_modules_lite_featured_media_urls":{"thumbnail":["https:\/\/nakanarach.pl\/wp-content\/uploads\/2023\/01\/Temperatura-21-stopni-150x150.jpg",150,150,true],"cvmm-medium":["https:\/\/nakanarach.pl\/wp-content\/uploads\/2023\/01\/Temperatura-21-stopni-300x300.jpg",300,300,true],"cvmm-medium-plus":["https:\/\/nakanarach.pl\/wp-content\/uploads\/2023\/01\/Temperatura-21-stopni-305x207.jpg",305,207,true],"cvmm-portrait":["https:\/\/nakanarach.pl\/wp-content\/uploads\/2023\/01\/Temperatura-21-stopni-400x600.jpg",400,600,true],"cvmm-medium-square":["https:\/\/nakanarach.pl\/wp-content\/uploads\/2023\/01\/Temperatura-21-stopni-600x600.jpg",600,600,true],"cvmm-large":["https:\/\/nakanarach.pl\/wp-content\/uploads\/2023\/01\/Temperatura-21-stopni-1024x1024.jpg",1024,1024,true],"cvmm-small":["https:\/\/nakanarach.pl\/wp-content\/uploads\/2023\/01\/Temperatura-21-stopni-130x95.jpg",130,95,true],"full":["https:\/\/nakanarach.pl\/wp-content\/uploads\/2023\/01\/Temperatura-21-stopni-scaled.jpg",2560,1920,false]},"_links":{"self":[{"href":"https:\/\/nakanarach.pl\/index.php\/wp-json\/wp\/v2\/posts\/6271","targetHints":{"allow":["GET"]}}],"collection":[{"href":"https:\/\/nakanarach.pl\/index.php\/wp-json\/wp\/v2\/posts"}],"about":[{"href":"https:\/\/nakanarach.pl\/index.php\/wp-json\/wp\/v2\/types\/post"}],"author":[{"embeddable":true,"href":"https:\/\/nakanarach.pl\/index.php\/wp-json\/wp\/v2\/users\/4"}],"replies":[{"embeddable":true,"href":"https:\/\/nakanarach.pl\/index.php\/wp-json\/wp\/v2\/comments?post=6271"}],"version-history":[{"count":11,"href":"https:\/\/nakanarach.pl\/index.php\/wp-json\/wp\/v2\/posts\/6271\/revisions"}],"predecessor-version":[{"id":6361,"href":"https:\/\/nakanarach.pl\/index.php\/wp-json\/wp\/v2\/posts\/6271\/revisions\/6361"}],"wp:featuredmedia":[{"embeddable":true,"href":"https:\/\/nakanarach.pl\/index.php\/wp-json\/wp\/v2\/media\/6285"}],"wp:attachment":[{"href":"https:\/\/nakanarach.pl\/index.php\/wp-json\/wp\/v2\/media?parent=6271"}],"wp:term":[{"taxonomy":"category","embeddable":true,"href":"https:\/\/nakanarach.pl\/index.php\/wp-json\/wp\/v2\/categories?post=6271"},{"taxonomy":"post_tag","embeddable":true,"href":"https:\/\/nakanarach.pl\/index.php\/wp-json\/wp\/v2\/tags?post=6271"}],"curies":[{"name":"wp","href":"https:\/\/api.w.org\/{rel}","templated":true}]}}