{"id":6369,"date":"2023-01-02T10:00:34","date_gmt":"2023-01-02T10:00:34","guid":{"rendered":"http:\/\/nakanarach.pl\/?p=6369"},"modified":"2023-02-01T10:10:35","modified_gmt":"2023-02-01T10:10:35","slug":"wielcy-polacy","status":"publish","type":"post","link":"https:\/\/nakanarach.pl\/index.php\/2023\/01\/02\/wielcy-polacy\/","title":{"rendered":"WIELCY POLACY"},"content":{"rendered":"\n<p><strong>W 2022 roku zako\u0144czy\u0142 si\u0119 Projekt Wielcy Polacy, organizowany przez Stowarzyszenie Polsko-Kanaryjskie Arka.<\/strong><\/p>\n\n\n\n<p>Tematyka projektu dotyczy\u0142a s\u0142awnych Polak\u00f3w, kt\u00f3rych dzia\u0142alno\u015b\u0107 wyra\u017anie zaznaczy\u0142a si\u0119 w historii i na mapie \u015bwiata. M\u0142odzie\u017c w czasie zaj\u0119\u0107 omawia\u0142a wa\u017cne postacie ze \u015bwiata nauki, kultury, sportu, identyfikowa\u0142a polskie nazwy na mapie \u015awiata oraz zwi\u0105zane z tymi miejscami wydarzenia naukowe i historyczne. Zaj\u0119cia odbywa\u0142y si\u0119 przy wykorzystaniu \u015brodk\u00f3w audiowizualnych \u2013 czytamy na Facebook\u2019u Stowarzyszenie Polsko-Kanaryjskie Arka.<\/p>\n\n\n\n<p>Uczestnicy zostali przygotowani merytorycznie i formalnie do wykonania prac. Do konkursu zg\u0142oszono 5 prezentacji: Adam Mickiewicz, Polskie nazwy na mapie \u015bwiata, Jan Pawe\u0142 II, S\u0142ynni polscy \u017ceglarze oraz Maria Curie-Sklodowska.<\/p>\n\n\n\n<p>Projekty zosta\u0142y nagrodzone, uczestnicy dostali dyplomy, a najlepsze prace zosta\u0142y nagrodzone nagrodami rzeczowymi.<\/p>\n\n\n\n<p><strong>Fot. Stowarzyszenie Polsko-Kanaryjskie Arka<\/strong><\/p>\n","protected":false},"excerpt":{"rendered":"<p>W 2022 roku zako\u0144czy\u0142 si\u0119 Projekt Wielcy Polacy, organizowany przez Stowarzyszenie Polsko-Kanaryjskie Arka. Tematyka projektu dotyczy\u0142a s\u0142awnych Polak\u00f3w, kt\u00f3rych dzia\u0142alno\u015b\u0107 wyra\u017anie zaznaczy\u0142a si\u0119 w historii i na mapie \u015bwiata. M\u0142odzie\u017c w czasie zaj\u0119\u0107 omawia\u0142a wa\u017cne postacie ze \u015bwiata nauki, kultury, sportu, identyfikowa\u0142a polskie nazwy na mapie \u015awiata oraz zwi\u0105zane z tymi miejscami wydarzenia naukowe i [&hellip;]<\/p>\n","protected":false},"author":4,"featured_media":6370,"comment_status":"closed","ping_status":"open","sticky":false,"template":"","format":"standard","meta":{"om_disable_all_campaigns":false,"_monsterinsights_skip_tracking":false,"_monsterinsights_sitenote_active":false,"_monsterinsights_sitenote_note":"","_monsterinsights_sitenote_category":0,"footnotes":""},"categories":[101,79],"tags":[],"class_list":["post-6369","post","type-post","status-publish","format-standard","has-post-thumbnail","hentry","category-o-polsce","category-wiecej-informacji"],"aioseo_notices":[],"blog_post_layout_featured_media_urls":{"thumbnail":["https:\/\/nakanarach.pl\/wp-content\/uploads\/2023\/02\/Wielcy-Polacy-150x150.jpg",150,150,true],"full":["https:\/\/nakanarach.pl\/wp-content\/uploads\/2023\/02\/Wielcy-Polacy.jpg",721,1600,false]},"categories_names":{"101":{"name":"O Polsce","link":"https:\/\/nakanarach.pl\/index.php\/category\/kultura\/o-polsce\/"},"79":{"name":"Wi\u0119cej informacji","link":"https:\/\/nakanarach.pl\/index.php\/category\/wiecej-informacji\/"}},"tags_names":[],"comments_number":"0","wpmagazine_modules_lite_featured_media_urls":{"thumbnail":["https:\/\/nakanarach.pl\/wp-content\/uploads\/2023\/02\/Wielcy-Polacy-150x150.jpg",150,150,true],"cvmm-medium":["https:\/\/nakanarach.pl\/wp-content\/uploads\/2023\/02\/Wielcy-Polacy-300x300.jpg",300,300,true],"cvmm-medium-plus":["https:\/\/nakanarach.pl\/wp-content\/uploads\/2023\/02\/Wielcy-Polacy-305x207.jpg",305,207,true],"cvmm-portrait":["https:\/\/nakanarach.pl\/wp-content\/uploads\/2023\/02\/Wielcy-Polacy-400x600.jpg",400,600,true],"cvmm-medium-square":["https:\/\/nakanarach.pl\/wp-content\/uploads\/2023\/02\/Wielcy-Polacy-600x600.jpg",600,600,true],"cvmm-large":["https:\/\/nakanarach.pl\/wp-content\/uploads\/2023\/02\/Wielcy-Polacy-721x1024.jpg",721,1024,true],"cvmm-small":["https:\/\/nakanarach.pl\/wp-content\/uploads\/2023\/02\/Wielcy-Polacy-130x95.jpg",130,95,true],"full":["https:\/\/nakanarach.pl\/wp-content\/uploads\/2023\/02\/Wielcy-Polacy.jpg",721,1600,false]},"_links":{"self":[{"href":"https:\/\/nakanarach.pl\/index.php\/wp-json\/wp\/v2\/posts\/6369","targetHints":{"allow":["GET"]}}],"collection":[{"href":"https:\/\/nakanarach.pl\/index.php\/wp-json\/wp\/v2\/posts"}],"about":[{"href":"https:\/\/nakanarach.pl\/index.php\/wp-json\/wp\/v2\/types\/post"}],"author":[{"embeddable":true,"href":"https:\/\/nakanarach.pl\/index.php\/wp-json\/wp\/v2\/users\/4"}],"replies":[{"embeddable":true,"href":"https:\/\/nakanarach.pl\/index.php\/wp-json\/wp\/v2\/comments?post=6369"}],"version-history":[{"count":1,"href":"https:\/\/nakanarach.pl\/index.php\/wp-json\/wp\/v2\/posts\/6369\/revisions"}],"predecessor-version":[{"id":6371,"href":"https:\/\/nakanarach.pl\/index.php\/wp-json\/wp\/v2\/posts\/6369\/revisions\/6371"}],"wp:featuredmedia":[{"embeddable":true,"href":"https:\/\/nakanarach.pl\/index.php\/wp-json\/wp\/v2\/media\/6370"}],"wp:attachment":[{"href":"https:\/\/nakanarach.pl\/index.php\/wp-json\/wp\/v2\/media?parent=6369"}],"wp:term":[{"taxonomy":"category","embeddable":true,"href":"https:\/\/nakanarach.pl\/index.php\/wp-json\/wp\/v2\/categories?post=6369"},{"taxonomy":"post_tag","embeddable":true,"href":"https:\/\/nakanarach.pl\/index.php\/wp-json\/wp\/v2\/tags?post=6369"}],"curies":[{"name":"wp","href":"https:\/\/api.w.org\/{rel}","templated":true}]}}