{"id":6413,"date":"2023-02-07T14:14:15","date_gmt":"2023-02-07T14:14:15","guid":{"rendered":"http:\/\/nakanarach.pl\/?p=6413"},"modified":"2023-02-07T14:39:56","modified_gmt":"2023-02-07T14:39:56","slug":"snieg-grad-i-tornado-na-archipelagu","status":"publish","type":"post","link":"https:\/\/nakanarach.pl\/index.php\/2023\/02\/07\/snieg-grad-i-tornado-na-archipelagu\/","title":{"rendered":"\u015aNIEG, GRAD I TORNADO NA ARCHIPELAGU"},"content":{"rendered":"\n<p><strong>W pierwszych dniach lutego 2023 r. na Wyspach Kanaryjskich pojawiaj\u0105 si\u0119 burze, deszcz, grad i \u015bnieg, kt\u00f3ry spad\u0142 nawet w miejscach, gdzie jest to rzadko\u015bci\u0105. <\/strong><\/p>\n\n\n\n<p>Pierwsze p\u0142atki \u015bniegu pojawi\u0142y si\u0119 na szczycie Gran Canarii, co zdarza si\u0119 na tej wyspie \u015brednio raz na kilka lat. Dlatego niekt\u00f3rzy mieszka\u0144cy potraktowali to jako dodatkow\u0105 atrakcj\u0119 i ruszyli na szczyt, aby zobaczy\u0107 bia\u0142y puch.  Oko\u0142o godziny 5:30 s\u0142upek rt\u0119ci spad\u0142 do 0 stopni Celsjusza, a w najwy\u017cszej cz\u0119\u015bci\u00a0San Mateo\u00a0i Tejeda Pa\u0144stwowa Agencja Meteorologiczna (Aemet) zarejestrowa\u0142a\u00a01,6 stopnia na plusie.<\/p>\n\n\n\n<p>Generalna Dyrekcja ds. Bezpiecze\u0144stwa i Sytuacji Nadzwyczajnych rz\u0105du Wysp Kanaryjskich, w oparciu o prognozy i zalecenia Pa\u0144stwowej Agencji Meteorologicznej (AEMET) og\u0142osi\u0142a przedalarmowe ostrze\u017cenia pogodowe dla kilku wysp z powodu deszczu, burz i \u015bniegu.<\/p>\n\n\n\n<p>Zimowe obrazy pojawi\u0142y si\u0119 te\u017c w miejscach, w kt\u00f3rych rzadko pada \u015bnieg. Na przyk\u0142ad na Lanzarote w Geria i Timanfaya, gdzie spad\u0142 rzadko spotykany tu \u015bnieg, a ulewne deszcze spowodowa\u0142y silny przep\u0142yw wody przez niekt\u00f3re w\u0105wozy na wyspie. Na nagraniu wideo wida\u0107 te\u017c, jak rw\u0105cy potok zabra\u0142 samoch\u00f3d na tej wyspie.  <\/p>\n\n\n\n<p><strong>ZOBACZ VIDEO:<\/strong><\/p>\n\n\n\n<figure class=\"wp-block-embed is-type-video is-provider-youtube wp-block-embed-youtube wp-embed-aspect-16-9 wp-has-aspect-ratio\"><div class=\"wp-block-embed__wrapper\">\n<iframe title=\"Lluvia torrencial en Lanzarote este s\u00e1bado\" width=\"640\" height=\"360\" src=\"https:\/\/www.youtube.com\/embed\/0IVGkP-R48U?feature=oembed\" frameborder=\"0\" allow=\"accelerometer; autoplay; clipboard-write; encrypted-media; gyroscope; picture-in-picture; web-share\" referrerpolicy=\"strict-origin-when-cross-origin\" allowfullscreen><\/iframe>\n<\/div><\/figure>\n\n\n\n<p>Z kolei tak\u017ce na Lanzarote silny wiatr spowodowa\u0142 tornado o wysoko\u015bci kilku metr\u00f3w. <\/p>\n\n\n\n<p><strong>ZOBACZ VIDEO: <\/strong><\/p>\n\n\n\n<figure class=\"wp-block-embed is-type-video is-provider-youtube wp-block-embed-youtube wp-embed-aspect-16-9 wp-has-aspect-ratio\"><div class=\"wp-block-embed__wrapper\">\n<iframe title=\"Torbellino de arena en Lanzarote este s\u00e1bado\" width=\"640\" height=\"360\" src=\"https:\/\/www.youtube.com\/embed\/Vmn4zBJexrI?start=1&#038;feature=oembed\" frameborder=\"0\" allow=\"accelerometer; autoplay; clipboard-write; encrypted-media; gyroscope; picture-in-picture; web-share\" referrerpolicy=\"strict-origin-when-cross-origin\" allowfullscreen><\/iframe>\n<\/div><\/figure>\n\n\n\n<p>Trudne warunki panuj\u0105 te\u017c na zachodnich wyspach archipelagu. Na szczytach Teneryfy i La Palmy na wysoko\u015bciach powy\u017cej 2000 m n.p.m. na szczytach Teneryfy i La Palmy obowi\u0105zuje alert przed \u015bniegiem, kt\u00f3ry obowi\u0105zuje od  5 lutego 2023 r., kt\u00f3ry w tej chwili nie ma daty ani godziny zako\u0144czenia. Zamkni\u0119to niekt\u00f3re drogi dojazdowe na g\u00f3rskie szczyty. Zawieszono tak\u017ce dzia\u0142anie kolejki linowej na Teide.  <\/p>\n\n\n\n<p>Na Oceanie Atlanyckim spodziewane s\u0105\u00a0wiatry z p\u00f3\u0142nocy lub p\u00f3\u0142nocnego wschodu\u00a0o sile 3 lub 4, chwilowo 5 na morzu na p\u00f3\u0142nocnym-zachodzie archipelagu, a fala mo\u017ce osi\u0105ga\u0107 od 1 do 2 metr\u00f3w wysoko\u015bci.\u00a0Wed\u0142ug prognoz spodziewane s\u0105 r\u00f3wnie\u017c przelotne opady deszczu.<\/p>\n\n\n\n<p>Foto: Facebook\/Grand Holidays Club PL<\/p>\n\n\n\n<p><a href=\"https:\/\/www-canarias7-es.translate.goog\/canarias\/gran-canaria\/frio-conquista-cumbre-20230207124814-ga.html?_x_tr_sl=es&amp;_x_tr_tl=pl&amp;_x_tr_hl=pl&amp;_x_tr_pto=sc\"><\/a><\/p>\n","protected":false},"excerpt":{"rendered":"<p>W pierwszych dniach lutego 2023 r. na Wyspach Kanaryjskich pojawiaj\u0105 si\u0119 burze, deszcz, grad i \u015bnieg, kt\u00f3ry spad\u0142 nawet w miejscach, gdzie jest to rzadko\u015bci\u0105. Pierwsze p\u0142atki \u015bniegu pojawi\u0142y si\u0119 na szczycie Gran Canarii, co zdarza si\u0119 na tej wyspie \u015brednio raz na kilka lat. Dlatego niekt\u00f3rzy mieszka\u0144cy potraktowali to jako dodatkow\u0105 atrakcj\u0119 i ruszyli [&hellip;]<\/p>\n","protected":false},"author":4,"featured_media":6414,"comment_status":"closed","ping_status":"open","sticky":false,"template":"","format":"standard","meta":{"om_disable_all_campaigns":false,"_monsterinsights_skip_tracking":false,"_monsterinsights_sitenote_active":false,"_monsterinsights_sitenote_note":"","_monsterinsights_sitenote_category":0,"footnotes":""},"categories":[12],"tags":[],"class_list":["post-6413","post","type-post","status-publish","format-standard","has-post-thumbnail","hentry","category-aktualnosci"],"aioseo_notices":[],"blog_post_layout_featured_media_urls":{"thumbnail":["https:\/\/nakanarach.pl\/wp-content\/uploads\/2023\/02\/Teide-snieg-i-balwan-FB-Grand-Holidays-Club-PL-150x150.jpg",150,150,true],"full":["https:\/\/nakanarach.pl\/wp-content\/uploads\/2023\/02\/Teide-snieg-i-balwan-FB-Grand-Holidays-Club-PL.jpg",1000,563,false]},"categories_names":{"12":{"name":"Aktualno\u015bci","link":"https:\/\/nakanarach.pl\/index.php\/category\/aktualnosci\/"}},"tags_names":[],"comments_number":"0","wpmagazine_modules_lite_featured_media_urls":{"thumbnail":["https:\/\/nakanarach.pl\/wp-content\/uploads\/2023\/02\/Teide-snieg-i-balwan-FB-Grand-Holidays-Club-PL-150x150.jpg",150,150,true],"cvmm-medium":["https:\/\/nakanarach.pl\/wp-content\/uploads\/2023\/02\/Teide-snieg-i-balwan-FB-Grand-Holidays-Club-PL-300x300.jpg",300,300,true],"cvmm-medium-plus":["https:\/\/nakanarach.pl\/wp-content\/uploads\/2023\/02\/Teide-snieg-i-balwan-FB-Grand-Holidays-Club-PL-305x207.jpg",305,207,true],"cvmm-portrait":["https:\/\/nakanarach.pl\/wp-content\/uploads\/2023\/02\/Teide-snieg-i-balwan-FB-Grand-Holidays-Club-PL-400x563.jpg",400,563,true],"cvmm-medium-square":["https:\/\/nakanarach.pl\/wp-content\/uploads\/2023\/02\/Teide-snieg-i-balwan-FB-Grand-Holidays-Club-PL-600x563.jpg",600,563,true],"cvmm-large":["https:\/\/nakanarach.pl\/wp-content\/uploads\/2023\/02\/Teide-snieg-i-balwan-FB-Grand-Holidays-Club-PL.jpg",1000,563,false],"cvmm-small":["https:\/\/nakanarach.pl\/wp-content\/uploads\/2023\/02\/Teide-snieg-i-balwan-FB-Grand-Holidays-Club-PL-130x95.jpg",130,95,true],"full":["https:\/\/nakanarach.pl\/wp-content\/uploads\/2023\/02\/Teide-snieg-i-balwan-FB-Grand-Holidays-Club-PL.jpg",1000,563,false]},"_links":{"self":[{"href":"https:\/\/nakanarach.pl\/index.php\/wp-json\/wp\/v2\/posts\/6413","targetHints":{"allow":["GET"]}}],"collection":[{"href":"https:\/\/nakanarach.pl\/index.php\/wp-json\/wp\/v2\/posts"}],"about":[{"href":"https:\/\/nakanarach.pl\/index.php\/wp-json\/wp\/v2\/types\/post"}],"author":[{"embeddable":true,"href":"https:\/\/nakanarach.pl\/index.php\/wp-json\/wp\/v2\/users\/4"}],"replies":[{"embeddable":true,"href":"https:\/\/nakanarach.pl\/index.php\/wp-json\/wp\/v2\/comments?post=6413"}],"version-history":[{"count":2,"href":"https:\/\/nakanarach.pl\/index.php\/wp-json\/wp\/v2\/posts\/6413\/revisions"}],"predecessor-version":[{"id":6416,"href":"https:\/\/nakanarach.pl\/index.php\/wp-json\/wp\/v2\/posts\/6413\/revisions\/6416"}],"wp:featuredmedia":[{"embeddable":true,"href":"https:\/\/nakanarach.pl\/index.php\/wp-json\/wp\/v2\/media\/6414"}],"wp:attachment":[{"href":"https:\/\/nakanarach.pl\/index.php\/wp-json\/wp\/v2\/media?parent=6413"}],"wp:term":[{"taxonomy":"category","embeddable":true,"href":"https:\/\/nakanarach.pl\/index.php\/wp-json\/wp\/v2\/categories?post=6413"},{"taxonomy":"post_tag","embeddable":true,"href":"https:\/\/nakanarach.pl\/index.php\/wp-json\/wp\/v2\/tags?post=6413"}],"curies":[{"name":"wp","href":"https:\/\/api.w.org\/{rel}","templated":true}]}}