{"id":6610,"date":"2023-04-20T09:23:40","date_gmt":"2023-04-20T08:23:40","guid":{"rendered":"https:\/\/nakanarach.pl\/?p=6610"},"modified":"2023-04-28T14:29:38","modified_gmt":"2023-04-28T13:29:38","slug":"wzrost-zachorowan-covid-19-na-kanarach","status":"publish","type":"post","link":"https:\/\/nakanarach.pl\/index.php\/2023\/04\/20\/wzrost-zachorowan-covid-19-na-kanarach\/","title":{"rendered":"WZROST ZACHOROWA\u0143 COVID-19 NA KANARACH"},"content":{"rendered":"\n<p><strong>Ministerstwo Zdrowia poinformowa\u0142o, \u017ce tegoroczna Wielkanoc i t\u0142umy turyst\u00f3w spowodowa\u0142y rozprzestrzenianie si\u0119 koronawirusa na Wyspach Kanaryjskich, przy 250% wzro\u015bcie liczby zachorowa\u0144.<\/strong><\/p>\n\n\n\n<p>W tygodniach poprzedzaj\u0105cych Wielkanoc warto\u015bci zachorowa\u0144 na Covid-19 wynosi\u0142y \u015brednio oko\u0142o 800 wykrytych przypadk\u00f3w na 100 tys. mieszka\u0144c\u00f3w, a w kwietniu 2023 roku wzros\u0142y do \u200b\u200b2000 przypadk\u00f3w na 100 tysi\u0119cy.<\/p>\n\n\n\n<p>Ministerstwo ostrzega, \u017ce \u200b\u200b\u201egwa\u0142towny wzrost zachorowa\u0144 mo\u017ce wi\u0105za\u0107 si\u0119 z pojawieniem si\u0119 nowego wariantu, kt\u00f3rego wp\u0142yw nale\u017cy przeanalizowa\u0107\u201d i nie wyklucza aktualizacji \u015brodk\u00f3w ochronnych.<\/p>\n\n\n\n<p>Obserwatorium Complutense Anticipa-COVID monitoruje infekcj\u0119 w Hiszpanii na podstawie rutynowych analiz, kt\u00f3re s\u0105 przeprowadzane co tydzie\u0144.<\/p>\n\n\n\n<p>Eksperci podkre\u015blaj\u0105 potrzeb\u0119 potwierdzenia, czy ten trend wzrostowy by\u0142 spowodowany pojawieniem si\u0119 wariantu o \u201enowych zdolno\u015bciach zaka\u017anych\u201d, czy te\u017c wynika z fluktuacji wynikaj\u0105cej ze wzrostu aktywno\u015bci zbiorowej, takiej jak festiwale, zat\u0142oczone pla\u017ce oraz spotkania rodzinne. <\/p>\n\n\n\n<p>Fot. Archiwum gobiernodecanarias.com<\/p>\n","protected":false},"excerpt":{"rendered":"<p>Ministerstwo Zdrowia poinformowa\u0142o, \u017ce tegoroczna Wielkanoc i t\u0142umy turyst\u00f3w spowodowa\u0142y rozprzestrzenianie si\u0119 koronawirusa na Wyspach Kanaryjskich, przy 250% wzro\u015bcie liczby zachorowa\u0144. W tygodniach poprzedzaj\u0105cych Wielkanoc warto\u015bci zachorowa\u0144 na Covid-19 wynosi\u0142y \u015brednio oko\u0142o 800 wykrytych przypadk\u00f3w na 100 tys. mieszka\u0144c\u00f3w, a w kwietniu 2023 roku wzros\u0142y do \u200b\u200b2000 przypadk\u00f3w na 100 tysi\u0119cy. Ministerstwo ostrzega, \u017ce \u200b\u200b\u201egwa\u0142towny [&hellip;]<\/p>\n","protected":false},"author":4,"featured_media":3719,"comment_status":"closed","ping_status":"open","sticky":false,"template":"","format":"standard","meta":{"om_disable_all_campaigns":false,"_monsterinsights_skip_tracking":false,"_monsterinsights_sitenote_active":false,"_monsterinsights_sitenote_note":"","_monsterinsights_sitenote_category":0,"footnotes":""},"categories":[23],"tags":[],"class_list":["post-6610","post","type-post","status-publish","format-standard","has-post-thumbnail","hentry","category-covid-19"],"aioseo_notices":[],"blog_post_layout_featured_media_urls":{"thumbnail":["https:\/\/nakanarach.pl\/wp-content\/uploads\/2022\/01\/Koronawirus-Testy-gobiernodecanarias-150x150.jpeg",150,150,true],"full":["https:\/\/nakanarach.pl\/wp-content\/uploads\/2022\/01\/Koronawirus-Testy-gobiernodecanarias.jpeg",2048,1536,false]},"categories_names":{"23":{"name":"Covid-19","link":"https:\/\/nakanarach.pl\/index.php\/category\/covid-19\/"}},"tags_names":[],"comments_number":"0","wpmagazine_modules_lite_featured_media_urls":{"thumbnail":["https:\/\/nakanarach.pl\/wp-content\/uploads\/2022\/01\/Koronawirus-Testy-gobiernodecanarias-150x150.jpeg",150,150,true],"cvmm-medium":["https:\/\/nakanarach.pl\/wp-content\/uploads\/2022\/01\/Koronawirus-Testy-gobiernodecanarias-300x300.jpeg",300,300,true],"cvmm-medium-plus":["https:\/\/nakanarach.pl\/wp-content\/uploads\/2022\/01\/Koronawirus-Testy-gobiernodecanarias-305x207.jpeg",305,207,true],"cvmm-portrait":["https:\/\/nakanarach.pl\/wp-content\/uploads\/2022\/01\/Koronawirus-Testy-gobiernodecanarias-400x600.jpeg",400,600,true],"cvmm-medium-square":["https:\/\/nakanarach.pl\/wp-content\/uploads\/2022\/01\/Koronawirus-Testy-gobiernodecanarias-600x600.jpeg",600,600,true],"cvmm-large":["https:\/\/nakanarach.pl\/wp-content\/uploads\/2022\/01\/Koronawirus-Testy-gobiernodecanarias-1024x1024.jpeg",1024,1024,true],"cvmm-small":["https:\/\/nakanarach.pl\/wp-content\/uploads\/2022\/01\/Koronawirus-Testy-gobiernodecanarias-130x95.jpeg",130,95,true],"full":["https:\/\/nakanarach.pl\/wp-content\/uploads\/2022\/01\/Koronawirus-Testy-gobiernodecanarias.jpeg",2048,1536,false]},"_links":{"self":[{"href":"https:\/\/nakanarach.pl\/index.php\/wp-json\/wp\/v2\/posts\/6610","targetHints":{"allow":["GET"]}}],"collection":[{"href":"https:\/\/nakanarach.pl\/index.php\/wp-json\/wp\/v2\/posts"}],"about":[{"href":"https:\/\/nakanarach.pl\/index.php\/wp-json\/wp\/v2\/types\/post"}],"author":[{"embeddable":true,"href":"https:\/\/nakanarach.pl\/index.php\/wp-json\/wp\/v2\/users\/4"}],"replies":[{"embeddable":true,"href":"https:\/\/nakanarach.pl\/index.php\/wp-json\/wp\/v2\/comments?post=6610"}],"version-history":[{"count":1,"href":"https:\/\/nakanarach.pl\/index.php\/wp-json\/wp\/v2\/posts\/6610\/revisions"}],"predecessor-version":[{"id":6611,"href":"https:\/\/nakanarach.pl\/index.php\/wp-json\/wp\/v2\/posts\/6610\/revisions\/6611"}],"wp:featuredmedia":[{"embeddable":true,"href":"https:\/\/nakanarach.pl\/index.php\/wp-json\/wp\/v2\/media\/3719"}],"wp:attachment":[{"href":"https:\/\/nakanarach.pl\/index.php\/wp-json\/wp\/v2\/media?parent=6610"}],"wp:term":[{"taxonomy":"category","embeddable":true,"href":"https:\/\/nakanarach.pl\/index.php\/wp-json\/wp\/v2\/categories?post=6610"},{"taxonomy":"post_tag","embeddable":true,"href":"https:\/\/nakanarach.pl\/index.php\/wp-json\/wp\/v2\/tags?post=6610"}],"curies":[{"name":"wp","href":"https:\/\/api.w.org\/{rel}","templated":true}]}}