{"id":6626,"date":"2023-04-27T15:26:23","date_gmt":"2023-04-27T14:26:23","guid":{"rendered":"https:\/\/nakanarach.pl\/?p=6626"},"modified":"2023-05-06T07:22:48","modified_gmt":"2023-05-06T06:22:48","slug":"wysokie-temperatury-w-kwietniu","status":"publish","type":"post","link":"https:\/\/nakanarach.pl\/index.php\/2023\/04\/27\/wysokie-temperatury-w-kwietniu\/","title":{"rendered":"WYSOKIE TEMPERATURY W KWIETNIU"},"content":{"rendered":"\n<p><strong>Do kontynentalnej Hiszpanii dociera fala upa\u0142\u00f3w, niespotykanych w kwietniu od kilkudziesi\u0119ciu lat. Gor\u0105ce powietrze jest te\u017c na Wyspach Kanaryjskich. <\/strong><\/p>\n\n\n\n<p>Pod koniec kwietnia 2023 roku pogoda w Polsce jest bardzo kapry\u015bna, a synoptycy zapowiadaj\u0105 nawet w nocy ujemne temperatury. <\/p>\n\n\n\n<p>Tymczasem Hiszpania zmaga si\u0119 z wiosenn\u0105 fal\u0105 upa\u0142\u00f3w, kt\u00f3re mog\u0105 dochodzi\u0107 do 40 stopni Celsjusza. Nieco ch\u0142odniej jest na oddalonych o ok. 1500 km od P\u00f3\u0142wyspu Iberyjskiego Wyspach Kanaryjskich, ale i tam &#8211; jak na t\u0119 por\u0119 roku &#8211; jest bardzo gor\u0105co. <\/p>\n\n\n\n<p>Globalne ocieplenie to zjawisko, kt\u00f3re dotyka ca\u0142\u0105 planet\u0119, a dane ze stacji pomiarowych AEMET odzwierciedlaj\u0105 tez zmiany tak\u017ce we wszystkich prowincjach w Hiszpanii.&nbsp;Oznacza to stopniowy wzrost osi\u0105ganych co roku warto\u015bci maksymalnych. Przyk\u0142adowo w kwietniu 2023 roku na Teneryfie notowano temperatury \u015brednio o 2,7% wy\u017csze ni\u017c wcze\u015bniej, a na Gran Canarii wi\u0119cej o 2,4%. <\/p>\n\n\n\n<p>Wed\u0142ug Pa\u0144stwowej Agencji Meteorologicznej Aemet maksymalne temperatury na Wyspach Kanaryjskich pod koniec kwietnia 2023 roku mog\u0105 osi\u0105gn\u0105\u0107 30 stopni Celsjusza na Fuerteventurze. Nieco ch\u0142odniej jest na pozosta\u0142ych wyspach archipelagu.&nbsp;<\/p>\n\n\n\n<p>Na oceanie mog\u0105 te\u017c pojawi\u0107 si\u0119 wysokie fale z bryz\u0105 morsk\u0105.  <\/p>\n\n\n\n<p>Fot. Archiwum NaKanarach.pl<\/p>\n","protected":false},"excerpt":{"rendered":"<p>Do kontynentalnej Hiszpanii dociera fala upa\u0142\u00f3w, niespotykanych w kwietniu od kilkudziesi\u0119ciu lat. Gor\u0105ce powietrze jest te\u017c na Wyspach Kanaryjskich. Pod koniec kwietnia 2023 roku pogoda w Polsce jest bardzo kapry\u015bna, a synoptycy zapowiadaj\u0105 nawet w nocy ujemne temperatury. Tymczasem Hiszpania zmaga si\u0119 z wiosenn\u0105 fal\u0105 upa\u0142\u00f3w, kt\u00f3re mog\u0105 dochodzi\u0107 do 40 stopni Celsjusza. Nieco ch\u0142odniej [&hellip;]<\/p>\n","protected":false},"author":4,"featured_media":5450,"comment_status":"closed","ping_status":"open","sticky":false,"template":"","format":"standard","meta":{"om_disable_all_campaigns":false,"_monsterinsights_skip_tracking":false,"_monsterinsights_sitenote_active":false,"_monsterinsights_sitenote_note":"","_monsterinsights_sitenote_category":0,"footnotes":""},"categories":[81],"tags":[],"class_list":["post-6626","post","type-post","status-publish","format-standard","has-post-thumbnail","hentry","category-pogoda"],"aioseo_notices":[],"blog_post_layout_featured_media_urls":{"thumbnail":["https:\/\/nakanarach.pl\/wp-content\/uploads\/2022\/08\/Plaza-Parasole-duzo-ludzi-150x150.jpg",150,150,true],"full":["https:\/\/nakanarach.pl\/wp-content\/uploads\/2022\/08\/Plaza-Parasole-duzo-ludzi-scaled.jpg",2560,1152,false]},"categories_names":{"81":{"name":"Pogoda","link":"https:\/\/nakanarach.pl\/index.php\/category\/turystyka\/pogoda\/"}},"tags_names":[],"comments_number":"0","wpmagazine_modules_lite_featured_media_urls":{"thumbnail":["https:\/\/nakanarach.pl\/wp-content\/uploads\/2022\/08\/Plaza-Parasole-duzo-ludzi-150x150.jpg",150,150,true],"cvmm-medium":["https:\/\/nakanarach.pl\/wp-content\/uploads\/2022\/08\/Plaza-Parasole-duzo-ludzi-300x300.jpg",300,300,true],"cvmm-medium-plus":["https:\/\/nakanarach.pl\/wp-content\/uploads\/2022\/08\/Plaza-Parasole-duzo-ludzi-305x207.jpg",305,207,true],"cvmm-portrait":["https:\/\/nakanarach.pl\/wp-content\/uploads\/2022\/08\/Plaza-Parasole-duzo-ludzi-400x600.jpg",400,600,true],"cvmm-medium-square":["https:\/\/nakanarach.pl\/wp-content\/uploads\/2022\/08\/Plaza-Parasole-duzo-ludzi-600x600.jpg",600,600,true],"cvmm-large":["https:\/\/nakanarach.pl\/wp-content\/uploads\/2022\/08\/Plaza-Parasole-duzo-ludzi-1024x1024.jpg",1024,1024,true],"cvmm-small":["https:\/\/nakanarach.pl\/wp-content\/uploads\/2022\/08\/Plaza-Parasole-duzo-ludzi-130x95.jpg",130,95,true],"full":["https:\/\/nakanarach.pl\/wp-content\/uploads\/2022\/08\/Plaza-Parasole-duzo-ludzi-scaled.jpg",2560,1152,false]},"_links":{"self":[{"href":"https:\/\/nakanarach.pl\/index.php\/wp-json\/wp\/v2\/posts\/6626","targetHints":{"allow":["GET"]}}],"collection":[{"href":"https:\/\/nakanarach.pl\/index.php\/wp-json\/wp\/v2\/posts"}],"about":[{"href":"https:\/\/nakanarach.pl\/index.php\/wp-json\/wp\/v2\/types\/post"}],"author":[{"embeddable":true,"href":"https:\/\/nakanarach.pl\/index.php\/wp-json\/wp\/v2\/users\/4"}],"replies":[{"embeddable":true,"href":"https:\/\/nakanarach.pl\/index.php\/wp-json\/wp\/v2\/comments?post=6626"}],"version-history":[{"count":3,"href":"https:\/\/nakanarach.pl\/index.php\/wp-json\/wp\/v2\/posts\/6626\/revisions"}],"predecessor-version":[{"id":6635,"href":"https:\/\/nakanarach.pl\/index.php\/wp-json\/wp\/v2\/posts\/6626\/revisions\/6635"}],"wp:featuredmedia":[{"embeddable":true,"href":"https:\/\/nakanarach.pl\/index.php\/wp-json\/wp\/v2\/media\/5450"}],"wp:attachment":[{"href":"https:\/\/nakanarach.pl\/index.php\/wp-json\/wp\/v2\/media?parent=6626"}],"wp:term":[{"taxonomy":"category","embeddable":true,"href":"https:\/\/nakanarach.pl\/index.php\/wp-json\/wp\/v2\/categories?post=6626"},{"taxonomy":"post_tag","embeddable":true,"href":"https:\/\/nakanarach.pl\/index.php\/wp-json\/wp\/v2\/tags?post=6626"}],"curies":[{"name":"wp","href":"https:\/\/api.w.org\/{rel}","templated":true}]}}