{"id":6780,"date":"2023-06-26T16:29:57","date_gmt":"2023-06-26T15:29:57","guid":{"rendered":"https:\/\/nakanarach.pl\/?p=6780"},"modified":"2023-08-16T10:30:59","modified_gmt":"2023-08-16T09:30:59","slug":"baltyk-kontra-kanary","status":"publish","type":"post","link":"https:\/\/nakanarach.pl\/index.php\/2023\/06\/26\/baltyk-kontra-kanary\/","title":{"rendered":"BA\u0141TYK KONTRA KANARY"},"content":{"rendered":"\n<p><strong>Wielu turyst\u00f3w zastanawia si\u0119, czy latem lepiej wybra\u0107 wakacje nad polskim Ba\u0142tykiem, czy te\u017c wypoczynek pod palmami na rajskich wyspach.<\/strong> <\/p>\n\n\n\n<p>Do archipelgagu pod koniec czerwca 2023 roku dotar\u0142a fala afryka\u0144skich upa\u0142\u00f3w dochodz\u0105cych do 36-38 stopni Celsjusza. Ale tak wysokie temperatury nie s\u0105 tu codzienno\u015bci\u0105. <br><strong>&#8211; Temperatura powietrza: <\/strong>Latem w Polsce zdarzaj\u0105 si\u0119 sporadycznie upa\u0142y dochodz\u0105ce do 38 stopni, ale pogoda mo\u017ce by\u0107 bardziej kapry\u015bna, cz\u0119\u015bciej s\u0105 silne wiatry, burze i deszcz. Na Wyspach Kanaryjskich najwy\u017csze notowane w ostatnich kilku latach warto\u015bci w wakacje to 43 stopnie na Gran Canarii, ale \u015brednio w lipcu i sierpniu jest to ok. 27-30 stopni w cieniu. W sezonie letnim opady i burze s\u0105 raczej niespotykane. <br><strong>&#8211; Temperatura wody:<\/strong> w Ba\u0142tyku latem to \u015brednio 18 stopni. Najcieplejsza woda w oceanie na Kanarach jest od sierpnia do pa\u017adziernika ok. 23-24 stopni Celsjusza, w lipcu \u2013 22, w czerwcu oraz w listopadzie i grudniu ok. 21, a od stycznia do maja 19-20 stopni.&nbsp;<\/p>\n\n\n\n<p><strong>&#8211; Czas dojazdu: <\/strong>na Wyspy Kanaryjskie dolecimy samolotem z Polski w ok. 5 godzin. Tymczasem dojazd z po\u0142udnia Polski nad Ba\u0142tyk mo\u017ce wynie\u015b\u0107 ok. 7 godzin, a z centralnej Polski ok. 4 godzin.<br><strong>&#8211; Ceny: <\/strong>s\u0105 por\u00f3wnywalne jak w Polsce, ale za to ta\u0144sze s\u0105 owoce i warzywa, niekt\u00f3re produkty spo\u017cywcze, a paliwo na Kanarach kosztuje po przeliczeniu poni\u017cej 6 z\u0142. Autostrady s\u0105 bezp\u0142atne. Ta\u0144sze s\u0105 te\u017c u\u017cywki. Ma\u0142e piwo w sklepie mo\u017cna kupi\u0107 ju\u017c poni\u017cej 1,5 z\u0142 za puszk\u0119, wino ok. 1 euro za litra (Lidl, Mergadona), a papierosy za ok. 9 z\u0142 za paczk\u0119.<br><strong>&#8211; D\u0142ugo\u015b\u0107 dnia: <\/strong>Na Kanarach przez ca\u0142y rok dni s\u0105 jednak kr\u00f3tsze ni\u017c w Polsce. Jasno robi si\u0119 w bardzo kr\u00f3tkim czasie, czyli tak\u017ce inaczej ni\u017c u nas. Latem s\u0142o\u0144ce wschodzi ok. godz. 7 czasu lokalnego i zachodzi po 21, w zimie dni s\u0105 jeszcze kr\u00f3tsze &#8211; wsch\u00f3d ok. godz. 7:45, zach\u00f3d po godz. 18. Warto pami\u0119ta\u0107, \u017ce zegarki trzeba przesun\u0105\u0107 o godzin\u0119 do ty\u0142u, w por\u00f3wnaniu aktualnym czasem w Polsce. Dwa razy w roku pod koniec marca i pa\u017adziernika trzeba zmieni\u0107 czas z zimowego na letni i odwrotnie.<br><strong>&#8211; Pla\u017ce: <\/strong>na Wyspach Kanaryjskich s\u0105 pi\u0119kne, du\u017ce i szerokie pla\u017ce, kt\u00f3re zachwycaj\u0105 wielu turyst\u00f3w. S\u0105 te\u017c mniejsze, tzw. dzikie pla\u017ce, na kt\u00f3rych mo\u017cna przyj\u015b\u0107 z psem, rozpali\u0107 grilla, rozbi\u0107 namiot czy opala\u0107 si\u0119 nago w\u015br\u00f3d os\u00f3b, kt\u00f3re s\u0105 w strojach i nikogo to nie razi. Nie spotyka si\u0119 tu &#8211; w przeciwie\u0144stwie do Polski &#8211; raczej parawan\u00f3w, lecz s\u0105 ma\u0142e namioty i parasolki. <\/p>\n\n\n\n<p><strong>Archipelag s\u0142ynie z du\u017cej tolerancji. <\/strong>S\u0105 tu ekskluzywne o\u015brodki dla nudyst\u00f3w i swingers\u00f3w, a tak\u017ce Spa, kt\u00f3re maj\u0105 godziny zarezerwowane tylko dla naturyst\u00f3w. Zwi\u0105zek mi\u0119dzy ruchem naturyst\u00f3w, a ruchem ekologicznym jest coraz bardziej bliski i powszechnie akceptowany na Wyspach Kanaryjskich. S\u0105 te\u017c tutaj hotele wy\u0142\u0105cznie dla gej\u00f3w i lesbijek.<br>Jest du\u017co publicznych pla\u017c, gdzie mo\u017cna opala\u0107 si\u0119 nago:<\/p>\n\n\n\n<ul class=\"wp-block-list\">\n<li>Gran Canaria: Na po\u0142udniu wyspy pla\u017ce do nudyst\u00f3w s\u0105 w Maspalomas oraz Playa Las<br>Mujeres. W okolicach Mogan jest Playa Las Meloneras, Playa del Molinero, Playa Taurito<br>oraz Los Secos w Tasarte.<\/li>\n\n\n\n<li>Teneryfa ma specjalnie wyznaczone miejsca na pla\u017cach: La Tejita, Los Morteros, La<br>Pelada, Red Mountain, Patos, Las Gaviotas, Pla\u017ca Benijo.<\/li>\n\n\n\n<li>Fuerteventura&nbsp;zezwala na nudyzm na ka\u017cdej pla\u017cy: Morro Jable, Sotavento, El Cofete,<br>Butihondo, La Oliva: Janubio Beach, Castillo Beach, Islote, Charc\u00f3n.<\/li>\n\n\n\n<li>Lanzarote ma wyznaczone pla\u017ce dla nudyst\u00f3w: Matagorda w T\u00edas, Playa Blanca, Caleta<br>del Congrio, Playa Las Mujeres, Famara, Teguise.<\/li>\n\n\n\n<li>La Palma ma tylko jedn\u0105 pla\u017c\u0119 dla nudyst\u00f3w: Playa de Las Monjas w Puerto Naos.<\/li>\n\n\n\n<li>La Gomera ma kilka pla\u017c: w San Sebasti\u00e1n de La Gomera: Playa Guanca, del Cabrito, Roja,<br>w Valle Gran Rey: Playa Vueltas.<\/li>\n<\/ul>\n","protected":false},"excerpt":{"rendered":"<p>Wielu turyst\u00f3w zastanawia si\u0119, czy latem lepiej wybra\u0107 wakacje nad polskim Ba\u0142tykiem, czy te\u017c wypoczynek pod palmami na rajskich wyspach. Do archipelgagu pod koniec czerwca 2023 roku dotar\u0142a fala afryka\u0144skich upa\u0142\u00f3w dochodz\u0105cych do 36-38 stopni Celsjusza. Ale tak wysokie temperatury nie s\u0105 tu codzienno\u015bci\u0105. &#8211; Temperatura powietrza: Latem w Polsce zdarzaj\u0105 si\u0119 sporadycznie upa\u0142y dochodz\u0105ce [&hellip;]<\/p>\n","protected":false},"author":4,"featured_media":4742,"comment_status":"closed","ping_status":"open","sticky":false,"template":"","format":"standard","meta":{"om_disable_all_campaigns":false,"_monsterinsights_skip_tracking":false,"_monsterinsights_sitenote_active":false,"_monsterinsights_sitenote_note":"","_monsterinsights_sitenote_category":0,"footnotes":""},"categories":[20,17],"tags":[],"class_list":["post-6780","post","type-post","status-publish","format-standard","has-post-thumbnail","hentry","category-atrakcje","category-turystyka"],"aioseo_notices":[],"blog_post_layout_featured_media_urls":{"thumbnail":["https:\/\/nakanarach.pl\/wp-content\/uploads\/2022\/04\/Plaza-Maspalomas-2022-Tlum-150x150.jpg",150,150,true],"full":["https:\/\/nakanarach.pl\/wp-content\/uploads\/2022\/04\/Plaza-Maspalomas-2022-Tlum-scaled.jpg",2560,1152,false]},"categories_names":{"20":{"name":"Atrakcje i egzotyka","link":"https:\/\/nakanarach.pl\/index.php\/category\/turystyka\/atrakcje\/"},"17":{"name":"Turystyka","link":"https:\/\/nakanarach.pl\/index.php\/category\/turystyka\/"}},"tags_names":[],"comments_number":"0","wpmagazine_modules_lite_featured_media_urls":{"thumbnail":["https:\/\/nakanarach.pl\/wp-content\/uploads\/2022\/04\/Plaza-Maspalomas-2022-Tlum-150x150.jpg",150,150,true],"cvmm-medium":["https:\/\/nakanarach.pl\/wp-content\/uploads\/2022\/04\/Plaza-Maspalomas-2022-Tlum-300x300.jpg",300,300,true],"cvmm-medium-plus":["https:\/\/nakanarach.pl\/wp-content\/uploads\/2022\/04\/Plaza-Maspalomas-2022-Tlum-305x207.jpg",305,207,true],"cvmm-portrait":["https:\/\/nakanarach.pl\/wp-content\/uploads\/2022\/04\/Plaza-Maspalomas-2022-Tlum-400x600.jpg",400,600,true],"cvmm-medium-square":["https:\/\/nakanarach.pl\/wp-content\/uploads\/2022\/04\/Plaza-Maspalomas-2022-Tlum-600x600.jpg",600,600,true],"cvmm-large":["https:\/\/nakanarach.pl\/wp-content\/uploads\/2022\/04\/Plaza-Maspalomas-2022-Tlum-1024x1024.jpg",1024,1024,true],"cvmm-small":["https:\/\/nakanarach.pl\/wp-content\/uploads\/2022\/04\/Plaza-Maspalomas-2022-Tlum-130x95.jpg",130,95,true],"full":["https:\/\/nakanarach.pl\/wp-content\/uploads\/2022\/04\/Plaza-Maspalomas-2022-Tlum-scaled.jpg",2560,1152,false]},"_links":{"self":[{"href":"https:\/\/nakanarach.pl\/index.php\/wp-json\/wp\/v2\/posts\/6780","targetHints":{"allow":["GET"]}}],"collection":[{"href":"https:\/\/nakanarach.pl\/index.php\/wp-json\/wp\/v2\/posts"}],"about":[{"href":"https:\/\/nakanarach.pl\/index.php\/wp-json\/wp\/v2\/types\/post"}],"author":[{"embeddable":true,"href":"https:\/\/nakanarach.pl\/index.php\/wp-json\/wp\/v2\/users\/4"}],"replies":[{"embeddable":true,"href":"https:\/\/nakanarach.pl\/index.php\/wp-json\/wp\/v2\/comments?post=6780"}],"version-history":[{"count":10,"href":"https:\/\/nakanarach.pl\/index.php\/wp-json\/wp\/v2\/posts\/6780\/revisions"}],"predecessor-version":[{"id":7025,"href":"https:\/\/nakanarach.pl\/index.php\/wp-json\/wp\/v2\/posts\/6780\/revisions\/7025"}],"wp:featuredmedia":[{"embeddable":true,"href":"https:\/\/nakanarach.pl\/index.php\/wp-json\/wp\/v2\/media\/4742"}],"wp:attachment":[{"href":"https:\/\/nakanarach.pl\/index.php\/wp-json\/wp\/v2\/media?parent=6780"}],"wp:term":[{"taxonomy":"category","embeddable":true,"href":"https:\/\/nakanarach.pl\/index.php\/wp-json\/wp\/v2\/categories?post=6780"},{"taxonomy":"post_tag","embeddable":true,"href":"https:\/\/nakanarach.pl\/index.php\/wp-json\/wp\/v2\/tags?post=6780"}],"curies":[{"name":"wp","href":"https:\/\/api.w.org\/{rel}","templated":true}]}}