{"id":722,"date":"2021-04-15T15:22:22","date_gmt":"2021-04-15T14:22:22","guid":{"rendered":"http:\/\/nakanarach.pl\/?p=722"},"modified":"2021-04-15T19:22:17","modified_gmt":"2021-04-15T18:22:17","slug":"jaskinie-juz-bez-dzikich-lokatorow","status":"publish","type":"post","link":"https:\/\/nakanarach.pl\/index.php\/2021\/04\/15\/jaskinie-juz-bez-dzikich-lokatorow\/","title":{"rendered":"JASKINIE BEZ &#8222;DZIKICH LOKATOR\u00d3W&#8221;"},"content":{"rendered":"\n<p>Cabildo de Gran Canaria odzyska\u0142o Cuevas de los Canarios w El Confital po d\u0142ugiej procedurze s\u0105dowej i policyjnej, kt\u00f3ra zako\u0144czy\u0142a si\u0119 eksmisj\u0105 ostatniego lokatora, zamkni\u0119ciem jaski\u0144 i szokowym czyszczeniem, w kt\u00f3rym od dzi\u015b s\u0142u\u017cba ds. Dziedzictwa historycznego dzia\u0142a &#8211; poinformowa\u0142 minister prezydencji Teodoro Sosa.<\/p>\n\n\n\n<p>Wsp\u00f3\u0142praca policji kanaryjskiej by\u0142a kluczowa podczas ca\u0142ego post\u0119powania, poniewa\u017c nie tylko przekaza\u0142a spraw\u0119 do prokuratury, ale tak\u017ce przeprowadzi\u0142a liczne kontrole i procedury w celu eksmisji tych jaski\u0144, kt\u00f3re by\u0142y okupowane pi\u0119\u0107 lat temu, wszystko w koordynacji z maj\u0105tkiem, poniewa\u017c s\u0105 one prywatne, a wsp\u00f3\u0142praca mi\u0119dzy innymi Seprony i lokalnej policji, szczeg\u00f3\u0142owo opisa\u0142a inspektora wyspiarskiego Jos\u00e9 de Le\u00f3n.<\/p>\n\n\n\n<p class=\"has-normal-font-size\">Teren sk\u0142ada si\u0119 z o\u015bmiu jaski\u0144 mieszkalnych, poza wieloma innymi, kt\u00f3re by\u0142y spichrzami, a teraz pracownicy Cabildo pracuj\u0105 nad wydobyciem mebli, materacy i innych przedmiot\u00f3w, kt\u00f3re zajm\u0105 dwie ci\u0119\u017car\u00f3wki &#8211; informuje Cabildo de Gran Canaria. <\/p>\n","protected":false},"excerpt":{"rendered":"<p>Cabildo de Gran Canaria odzyska\u0142o Cuevas de los Canarios w El Confital po d\u0142ugiej procedurze s\u0105dowej i policyjnej, kt\u00f3ra zako\u0144czy\u0142a si\u0119 eksmisj\u0105 ostatniego lokatora, zamkni\u0119ciem jaski\u0144 i szokowym czyszczeniem, w kt\u00f3rym od dzi\u015b s\u0142u\u017cba ds. Dziedzictwa historycznego dzia\u0142a &#8211; poinformowa\u0142 minister prezydencji Teodoro Sosa. Wsp\u00f3\u0142praca policji kanaryjskiej by\u0142a kluczowa podczas ca\u0142ego post\u0119powania, poniewa\u017c nie tylko [&hellip;]<\/p>\n","protected":false},"author":2,"featured_media":730,"comment_status":"closed","ping_status":"closed","sticky":false,"template":"","format":"standard","meta":{"om_disable_all_campaigns":false,"_monsterinsights_skip_tracking":false,"_monsterinsights_sitenote_active":false,"_monsterinsights_sitenote_note":"","_monsterinsights_sitenote_category":0,"footnotes":""},"categories":[75],"tags":[],"class_list":["post-722","post","type-post","status-publish","format-standard","has-post-thumbnail","hentry","category-ciekawostki"],"aioseo_notices":[],"blog_post_layout_featured_media_urls":{"thumbnail":["https:\/\/nakanarach.pl\/wp-content\/uploads\/2021\/04\/172534884_3005596946393368_5282891971707787448_n-1-150x150.jpg",150,150,true],"full":["https:\/\/nakanarach.pl\/wp-content\/uploads\/2021\/04\/172534884_3005596946393368_5282891971707787448_n-1.jpg",1728,972,false]},"categories_names":{"75":{"name":"Ciekawostki","link":"https:\/\/nakanarach.pl\/index.php\/category\/ciekawostki\/"}},"tags_names":[],"comments_number":"0","wpmagazine_modules_lite_featured_media_urls":{"thumbnail":["https:\/\/nakanarach.pl\/wp-content\/uploads\/2021\/04\/172534884_3005596946393368_5282891971707787448_n-1-150x150.jpg",150,150,true],"cvmm-medium":["https:\/\/nakanarach.pl\/wp-content\/uploads\/2021\/04\/172534884_3005596946393368_5282891971707787448_n-1-300x300.jpg",300,300,true],"cvmm-medium-plus":["https:\/\/nakanarach.pl\/wp-content\/uploads\/2021\/04\/172534884_3005596946393368_5282891971707787448_n-1-305x207.jpg",305,207,true],"cvmm-portrait":["https:\/\/nakanarach.pl\/wp-content\/uploads\/2021\/04\/172534884_3005596946393368_5282891971707787448_n-1-400x600.jpg",400,600,true],"cvmm-medium-square":["https:\/\/nakanarach.pl\/wp-content\/uploads\/2021\/04\/172534884_3005596946393368_5282891971707787448_n-1-600x600.jpg",600,600,true],"cvmm-large":["https:\/\/nakanarach.pl\/wp-content\/uploads\/2021\/04\/172534884_3005596946393368_5282891971707787448_n-1-1024x972.jpg",1024,972,true],"cvmm-small":["https:\/\/nakanarach.pl\/wp-content\/uploads\/2021\/04\/172534884_3005596946393368_5282891971707787448_n-1-130x95.jpg",130,95,true],"full":["https:\/\/nakanarach.pl\/wp-content\/uploads\/2021\/04\/172534884_3005596946393368_5282891971707787448_n-1.jpg",1728,972,false]},"_links":{"self":[{"href":"https:\/\/nakanarach.pl\/index.php\/wp-json\/wp\/v2\/posts\/722","targetHints":{"allow":["GET"]}}],"collection":[{"href":"https:\/\/nakanarach.pl\/index.php\/wp-json\/wp\/v2\/posts"}],"about":[{"href":"https:\/\/nakanarach.pl\/index.php\/wp-json\/wp\/v2\/types\/post"}],"author":[{"embeddable":true,"href":"https:\/\/nakanarach.pl\/index.php\/wp-json\/wp\/v2\/users\/2"}],"replies":[{"embeddable":true,"href":"https:\/\/nakanarach.pl\/index.php\/wp-json\/wp\/v2\/comments?post=722"}],"version-history":[{"count":2,"href":"https:\/\/nakanarach.pl\/index.php\/wp-json\/wp\/v2\/posts\/722\/revisions"}],"predecessor-version":[{"id":746,"href":"https:\/\/nakanarach.pl\/index.php\/wp-json\/wp\/v2\/posts\/722\/revisions\/746"}],"wp:featuredmedia":[{"embeddable":true,"href":"https:\/\/nakanarach.pl\/index.php\/wp-json\/wp\/v2\/media\/730"}],"wp:attachment":[{"href":"https:\/\/nakanarach.pl\/index.php\/wp-json\/wp\/v2\/media?parent=722"}],"wp:term":[{"taxonomy":"category","embeddable":true,"href":"https:\/\/nakanarach.pl\/index.php\/wp-json\/wp\/v2\/categories?post=722"},{"taxonomy":"post_tag","embeddable":true,"href":"https:\/\/nakanarach.pl\/index.php\/wp-json\/wp\/v2\/tags?post=722"}],"curies":[{"name":"wp","href":"https:\/\/api.w.org\/{rel}","templated":true}]}}